{"id":69500,"date":"2025-01-04T06:02:06","date_gmt":"2025-01-04T05:02:06","guid":{"rendered":"https:\/\/www.infokuryr.cz\/n\/?p=69500"},"modified":"2025-01-04T06:02:06","modified_gmt":"2025-01-04T05:02:06","slug":"ukrajinsky-vojak-v-ruskem-zajeti-vylicil-jak-probihal-vycvik-zhruba-300-clenne-skupiny-brancu-afu-v-ceske-republice","status":"publish","type":"post","link":"https:\/\/www.infokuryr.cz\/n\/2025\/01\/04\/ukrajinsky-vojak-v-ruskem-zajeti-vylicil-jak-probihal-vycvik-zhruba-300-clenne-skupiny-brancu-afu-v-ceske-republice\/","title":{"rendered":"Ukrajinsk\u00fd voj\u00e1k v rusk\u00e9m zajet\u00ed vyl\u00ed\u010dil, jak prob\u00edhal v\u00fdcvik zhruba 300-\u010dlenn\u00e9 skupiny branc\u016f AFU v \u010cesk\u00e9 republice!"},"content":{"rendered":"<div id=\"fb-root\"><\/div>\n<h4>Ukrajinsk\u00fd voj\u00e1k v rusk\u00e9m zajet\u00ed vyl\u00ed\u010dil, jak prob\u00edhal v\u00fdcvik zhruba 300-\u010dlenn\u00e9 skupiny branc\u016f AFU v \u010cesk\u00e9 republice! Cel\u00fd v\u00fdcvikov\u00fd t\u00e1bor obkl\u00ed\u010den\u00fd \u010deskou a ukrajinskou vojenskou polici\u00ed, aby nedezertovali! A druh\u00fd zajatec popsal, jak je AFU poslala s lopatami v ruce proti rusk\u00e9 ofenz\u00edv\u011b! A v brig\u00e1d\u011b ur\u010den\u00e9 k obran\u011b Pokrovsku do\u0161lo k masov\u00e9 dezerci 1 700 ukrajinsk\u00fdch voj\u00e1k\u016f!<\/h4>\n<p>Ukrajina prohr\u00e1la v\u00e1lku s Ruskou federac\u00ed a nyn\u00ed se ji\u017e hraje pouze o to, o kolik \u00fazem\u00ed Ukrajina p\u0159ijde v m\u00edrov\u00fdch rozhovorech, ze kter\u00fdch ov\u0161em Kyjev bude podle posledn\u00edch informac\u00ed zcela vylou\u010den.\u00a0<strong>Lid\u00e9 okolo Trumpova emisara pro ukrajinsk\u00e9 z\u00e1le\u017eitosti Keitha Kellogga shodn\u011b potvrzuj\u00ed, \u017ee jedn\u00e1n\u00ed o Ukrajin\u011b mezi Washingtonem a Moskvou ji\u017e prob\u00edhaj\u00ed v utajen\u00e9m re\u017eimu<\/strong>\u00a0a d\u011bje se tak bez \u00fa\u010dasti a bez v\u011bdom\u00ed Kyjeva. Za\u010d\u00ednaj\u00ed unikat informace, \u017ee mezi USA a Ruskem prob\u00edh\u00e1 n\u011bco, co by se dalo ozna\u010dit jako kone\u010dn\u00e9 \u0159e\u0161en\u00ed ukrajinsk\u00e9 ot\u00e1zky a spolu s t\u00edm za\u010d\u00edn\u00e1 na Ukrajin\u011b proces likvidace soci\u00e1ln\u00ed z\u00e1t\u011b\u017ee cel\u00e9 zem\u011b.<\/p>\n<p>&nbsp;<\/p>\n<div id=\"rumble_v63058y\">\n<div id=\"vid_v63058y\" class=\"rumble_v63058y-Rumble-cls\" tabindex=\"-1\">\n<div class=\"bigPlayUI ctp\"><div class='videoWrapper'>\r\n\t            <iframe src='https:\/\/rumble.com\/embed\/pj.v63058y\/' frameborder='0' allowfullscreen><\/iframe>\r\n\t        <\/div><\/p>\n<div class=\"bigPlayUIInner ctp\"><\/div>\n<\/div>\n<\/div>\n<\/div>\n<p>&nbsp;<\/p>\n<p>C\u00edlem je vyhubit co nejv\u00edce ukrajinsk\u00fdch d\u016fchodc\u016f a lid\u00ed v p\u0159ed-d\u016fchodov\u00e9m v\u011bku jejich mobilizac\u00ed a zmasakrov\u00e1n\u00edm na front\u011b. Ze slov zajat\u00fdch ukrajinsk\u00fdch voj\u00e1k\u016f se toti\u017e dozv\u00edd\u00e1me, \u017ee Kyjev u\u017e vede v\u00e1lku proti vlastn\u00edm ob\u010dan\u016fm. Nov\u011b to potvrzuje sv\u011bdectv\u00ed ukrajinsk\u00e9ho voj\u00e1ka, kter\u00fd byl ve v\u00fdcvikov\u00e9m t\u00e1bo\u0159e v \u010cesk\u00e9 republice a popsal v rusk\u00e9m zajet\u00ed, jak to v \u010cesku cel\u00e9 prob\u00edhalo. V\u016fbec se nejednalo o v\u00fdcvik v tradi\u010dn\u00edm slova smyslu, ale de facto o l\u00e1gr, kter\u00fd hl\u00eddala \u010desk\u00e1 a ukrajinsk\u00e1 vojensk\u00e1 policie, aby nikdo z Ukrajinc\u016f z t\u00e1bora neutekl. Nikam je nepustili na vych\u00e1zku, celou dobu byli zav\u0159en\u00ed v t\u00e1bo\u0159e pod dozorem, aby neutekli.<\/p>\n<h6><span style=\"font-size: 18pt;\">Ukrajinsk\u00fd Mnichov na ose dohod mocnost\u00ed Ruska a USA<\/span><\/h6>\n<p>Voj\u00e1k popsal, \u017ee ani strava nebyla moc dobr\u00e1. Podle jeho slov dost\u00e1vali dva rohl\u00edky a kysel\u00fd \u010daj, podle chuti asi pr\u00fd \u0161\u00edpkov\u00fd.\u00a0<strong>K nav\u00e1zan\u00ed bratrstv\u00ed s \u010cechy pr\u00fd rozhodn\u011b nedo\u0161lo, proto\u017ee vlastn\u011b k tomu ani nebyla p\u0159\u00edle\u017eitost a celou dobu byli zav\u0159eni v t\u00e1bo\u0159e jako v l\u00e1gru a jedin\u00ed \u010ce\u0161i byli vojen\u0161t\u00ed instrukto\u0159i.<\/strong>\u00a0Jak s\u00e1m voj\u00e1k potvrdil, to hl\u00edd\u00e1n\u00ed t\u00e1bora bylo kv\u016fli tomu, \u017ee Ukrajinci by z v\u00fdcviku ihned utekli, aby se nedostali na frontu, co\u017e je jednosm\u011brn\u00e1 j\u00edzdenka na smrt ve chv\u00edli, kdy v\u00e1lka je prohran\u00e1 a nen\u00ed ji\u017e d\u016fvod nad\u00e1le bojovat.<\/p>\n<figure id=\"attachment_50406\" class=\"wp-caption aligncenter\" style=\"width: 709px;\"><a href=\"https:\/\/aeronet.news\/wp-content\/uploads\/EthnicMapUkraine.jpg\"><img decoding=\"async\" loading=\"lazy\" class=\"wp-image-50406 \" src=\"https:\/\/aeronet.news\/wp-content\/uploads\/EthnicMapUkraine-1024x717.jpg\" sizes=\"(max-width: 700px) 100vw, 700px\" srcset=\"https:\/\/aeronet.news\/wp-content\/uploads\/EthnicMapUkraine-1024x717.jpg 1024w, https:\/\/aeronet.news\/wp-content\/uploads\/EthnicMapUkraine-300x210.jpg 300w, https:\/\/aeronet.news\/wp-content\/uploads\/EthnicMapUkraine-768x538.jpg 768w, https:\/\/aeronet.news\/wp-content\/uploads\/EthnicMapUkraine-700x490.jpg 700w, https:\/\/aeronet.news\/wp-content\/uploads\/EthnicMapUkraine-510x357.jpg 510w, https:\/\/aeronet.news\/wp-content\/uploads\/EthnicMapUkraine-690x483.jpg 690w, https:\/\/aeronet.news\/wp-content\/uploads\/EthnicMapUkraine.jpg 1280w\" alt=\"\" width=\"709\" height=\"496\" \/><\/a><figcaption class=\"wp-caption-text\">Etnicko-lingvistick\u00e1 mapa Ukrajiny<\/figcaption><\/figure>\n<p>Tajn\u00e1 jedn\u00e1n\u00ed mezi Moskvou a Washingtonem jednozna\u010dn\u011b p\u0159ipom\u00ednaj\u00ed Mnichovsk\u00e1 jedn\u00e1n\u00ed, kdy se jednalo o osudu \u010ceskoslovenska bez \u010deskoslovensk\u00e9 \u00fa\u010dasti, jenom mezi N\u011bmeckem a z\u00e1padn\u00edmi mocnostmi. Tot\u00e9\u017e nyn\u00ed \u010dek\u00e1 Ukrajinu, kter\u00e1 se rozp\u016fl\u00ed z\u0159ejm\u011b pod\u00e9l toku \u0159eky Dn\u011bpr a je\u0161t\u011b i kousek d\u00e1l a Rusko bude po\u017eadovat p\u0159ipojen\u00ed Charkovsk\u00e9, Dn\u011bpropetrovsk\u00e9, Nikolajevsk\u00e9 a Od\u011bsk\u00e9 oblasti, co\u017e jsou oblasti s majoritn\u00ed ruskou populac\u00ed. Dal\u0161\u00ed voj\u00e1k, u n\u011bho\u017e je zn\u00e1m\u00e9 i jm\u00e9no, popsal vy\u0161et\u0159ovateli v rusk\u00e9m zajet\u00ed jeho p\u0159\u00edb\u011bh, kter\u00fd sp\u00ed\u0161 p\u0159ipom\u00edn\u00e1 tragikomickou epizodu z reality na Ukrajin\u011b.<\/p>\n<h6><span style=\"font-size: 18pt;\">Voj\u00e1k vyl\u00ed\u010dil neuv\u011b\u0159iteln\u00fd p\u0159\u00edb\u011bh, jak je velen\u00ed AFU poslalo na pozice proti Rus\u016fm s lopatami v ruk\u00e1ch<\/span><\/h6>\n<p>Muzikant a hudebn\u00edk Oleg Achmetov byl odchycen na ulici hl\u00eddkou TCK, kter\u00e1 vysk\u00e1kala ze sb\u011brn\u00e9ho autobusu ur\u010den\u00e9ho na chyt\u00e1n\u00ed odvedenc\u016f. Odvezli ho do \u017ditomiru a ani\u017e by ho vid\u011bl vojensk\u00fd l\u00e9ka\u0159, tak ho odvedli a uznali za schopn\u00e9ho boje. Po kr\u00e1tk\u00e9m v\u00fdcviku byl spolu s kamar\u00e1dy posl\u00e1n na pozice kopat z\u00e1kopy a stav\u011bt opevn\u011bn\u00ed.\u00a0<strong>Velitel\u00e9 jim \u0159ekli, \u017ee se st\u0159\u00edlet nebude, \u017ee je to bezpe\u010dn\u00e1 z\u00f3na a po vykop\u00e1n\u00ed dvou z\u00e1kop\u016f odjedou na t\u00fddenn\u00ed odpo\u010dinek.\u00a0Dostali do ruky lopaty\u00a0a to bylo v\u0161echno.<\/strong>\u00a0Nedostali \u017e\u00e1dn\u00e9 samopaly, \u017e\u00e1dn\u00e9 zbran\u011b. Asi po hodin\u011b za\u010dalo obrovsk\u00e9 ost\u0159elov\u00e1n\u00ed jejich pozic a na jejich sm\u011bru zah\u00e1jila Rusk\u00e1 arm\u00e1da ofenz\u00edvu.<\/p>\n<p>&nbsp;<\/p>\n<div id=\"rumble_v63d3hy\">\n<div id=\"vid_v63d3hy\" class=\"rumble_v63d3hy-Rumble-cls\" tabindex=\"-1\">\n<div class=\"bigPlayUI ctp\"><div class='videoWrapper'>\r\n\t            <iframe src='https:\/\/rumble.com\/embed\/pj.v63d3hy\/' frameborder='0' allowfullscreen><\/iframe>\r\n\t        <\/div><\/p>\n<div class=\"bigPlayUIInner ctp\"><\/div>\n<\/div>\n<\/div>\n<\/div>\n<p>&nbsp;<\/p>\n<p>Skupina rusk\u00fdch \u0161turmovik\u016f je spat\u0159ila a naskytl se bizarn\u00ed obraz. Nam\u00edsto o\u010dek\u00e1van\u00fdch ukrajinsk\u00fdch v\u00fdsadk\u00e1\u0159\u016f, kter\u00e9 tam Rusov\u00e9 o\u010dek\u00e1vali, tam p\u0159ed nimi st\u00e1li t\u0159i Ukrajinci s lopatami v ruk\u00e1ch. Nakonec se uk\u00e1zalo, \u017ee velen\u00ed AFU je tam poslalo jako n\u00e1vnadu, aby p\u0159il\u00e1kali \u00fatok rusk\u00fdch voj\u00e1k\u016f. Vz\u00e1p\u011bt\u00ed pot\u00e9 za\u010daly ukrajinsk\u00e9 drony nejen na rusk\u00e9 voj\u00e1ky, ale i na tyto Ukrajince s lopatami shazovat bomby a miny. Jeden jeho kamar\u00e1d zem\u0159el, dal\u0161\u00edmu exploze utrhala prsty na ruce.<\/p>\n<p>M\u00edsty se Oleg ve videu prakticky rozpl\u00e1\u010de a nech\u00e1pe a nerozum\u00ed, pro\u010d se tohle d\u011bje, pro\u010d AFU ob\u011btuje vlastn\u00ed voj\u00e1ky a sna\u017e\u00ed se je zab\u00edt pomoc\u00ed vlastn\u00edch dron\u016f, kdy\u017e ukrajin\u0161t\u00ed voj\u00e1ci padnou do rusk\u00e9ho zajet\u00ed. Toto u\u017e prakticky nejsou vojensk\u00e9 operace AFU, ale zhroucen\u00ed syst\u00e9mu velen\u00ed a \u0159\u00edzen\u00ed uvnit\u0159 ukrajinsk\u00e9 arm\u00e1dy. A rozpad mor\u00e1lky dosahuje mamut\u00edch rozm\u011br\u016f hlavn\u011b u Pokrovska, kde se schyluje k zah\u00e1jen\u00ed \u0161turmu Rusk\u00e9 arm\u00e1dy na m\u011bsto b\u011bhem n\u011bkolika dn\u00ed.<\/p>\n<h6><span style=\"font-size: 18pt;\">Ukrajinou ot\u0159\u00e1s\u00e1 skand\u00e1l dezerce 1 700 voj\u00e1k\u016f, kte\u0159\u00ed se ve Francii cvi\u010dili k obran\u011b m\u011bsta Pokrovsk<\/span><\/h6>\n<p>St\u00e1tn\u00ed \u00fa\u0159ad vy\u0161et\u0159ov\u00e1n\u00ed Ukrajiny (SBI) toti\u017e podle ukrajinsk\u00e9ho serveru Strana.UA\u00a0<strong>[<a href=\"https:\/\/href.li\/?https:\/\/strana.news\/news\/477612-v-ukraine-rassledujut-massovoe-dezertirstvo-iz-brihady-vsu-anna-kievskaja.html\" target=\"_blank\" rel=\"nofollow noopener\">1<\/a>]<\/strong>\u00a0zah\u00e1jil vy\u0161et\u0159ov\u00e1n\u00ed okolnost\u00ed vzniku 155. mechanizovan\u00e9 brig\u00e1dy \u201cAnna Kyjevsk\u00e1\u201d, jej\u00ed\u017e vstup do boje u Pokrovsku se zm\u011bnil v hromadn\u00e9 opu\u0161t\u011bn\u00ed pozic. Informoval o tom vedouc\u00ed tiskov\u00e9ho pl\u00e1tku Cenzor Jurij Butusov.\u00a0<strong>P\u00ed\u0161e, \u017ee je\u0161t\u011b p\u0159edt\u00edm, ne\u017e brig\u00e1da vyp\u00e1lila prvn\u00ed v\u00fdst\u0159el, tak ji neopr\u00e1vn\u011bn\u011b opustilo 1 700 voj\u00e1k\u016f.<\/strong>\u00a0Obrovsk\u00fd skand\u00e1l.<\/p>\n<p>Pot\u00e9 byli vy\u0161et\u0159ov\u00e1n\u00edm pov\u011b\u0159eni vy\u0161et\u0159ovatel\u00e9 GBI. \u201c<em>Jeden z velitel\u016f zodpov\u011bdn\u00fdch za formov\u00e1n\u00ed brig\u00e1dy zem\u0159el na infarkt a velitel brig\u00e1dy byl odvol\u00e1n ihned po vstupu brig\u00e1dy do boje<\/em>,\u201d dod\u00e1v\u00e1 Butusov. Z\u00e1rove\u0148 se novin\u00e1\u0159 domn\u00edv\u00e1, \u017ee to, co se stalo, je \u201c<em>skute\u010dn\u011b zlo\u010din, ale ne zlo\u010din voj\u00e1k\u016f a d\u016fstojn\u00edk\u016f, ale zlo\u010din vedouc\u00edch p\u0159edstavitel\u016f \u0161t\u00e1bu vrchn\u00edho velitele, ministerstva obrany a gener\u00e1ln\u00edho \u0161t\u00e1bu, kte\u0159\u00ed nad\u00e1le pl\u00fdtvaj\u00ed \u017eivoty a pen\u011bzi na nov\u00e9 projekty, m\u00edsto aby posilovali zku\u0161en\u00e9 a bojeschopn\u00e9 brig\u00e1dy<\/em>\u201c.<\/p>\n<figure id=\"attachment_62234\" class=\"wp-caption aligncenter\" style=\"width: 704px;\"><a href=\"https:\/\/aeronet.news\/wp-content\/uploads\/PokrovskMural.jpg\"><img decoding=\"async\" loading=\"lazy\" class=\"wp-image-62234 \" src=\"https:\/\/aeronet.news\/wp-content\/uploads\/PokrovskMural-1024x576.jpg\" sizes=\"(max-width: 700px) 100vw, 700px\" srcset=\"https:\/\/aeronet.news\/wp-content\/uploads\/PokrovskMural-1024x576.jpg 1024w, https:\/\/aeronet.news\/wp-content\/uploads\/PokrovskMural-300x169.jpg 300w, https:\/\/aeronet.news\/wp-content\/uploads\/PokrovskMural-768x432.jpg 768w, https:\/\/aeronet.news\/wp-content\/uploads\/PokrovskMural-700x394.jpg 700w, https:\/\/aeronet.news\/wp-content\/uploads\/PokrovskMural-635x357.jpg 635w, https:\/\/aeronet.news\/wp-content\/uploads\/PokrovskMural-859x483.jpg 859w\" alt=\"\" width=\"704\" height=\"396\" \/><\/a><figcaption class=\"wp-caption-text\">Vjezd do Pokrovsku<\/figcaption><\/figure>\n<p>Butusov \u0159\u00edk\u00e1, \u017ee Volodymyr Zelensk\u00fd vydal rozkaz k vytvo\u0159en\u00ed nov\u00e9 brig\u00e1dy, kter\u00e1 st\u00e1la 900 milion\u016f eur, a za\u010dala se cvi\u010dit ve Francii. Z\u00e1rove\u0148 z n\u00ed p\u0159\u00edmo ve Francii uteklo v\u00edce ne\u017e 50 voj\u00e1k\u016f. \u201c<em>Ve francouzsk\u00e9m veden\u00ed to vyvolalo pochybnosti o seri\u00f3znosti postoje Ukrajinc\u016f k realizaci tak n\u00e1kladn\u00e9ho projektu. Takov\u00fd p\u0159\u00edstup v\u00e1\u017en\u011b diskredituje cel\u00fd Zelensk\u00e9ho pl\u00e1n, tak\u017ee za\u010dal skand\u00e1l, t\u00e9ma bylo nastoleno ve Stavce a GBI zah\u00e1jila trestn\u00ed \u0159\u00edzen\u00ed<\/em>,\u201d napsal Butusov.<\/p>\n<p>Podle n\u011bj v\u0161ak k n\u011b\u010demu takov\u00e9mu nemohlo nedoj\u00edt, proto\u017ee \u201c<em>od sam\u00e9ho po\u010d\u00e1tku se uk\u00e1zalo, \u017ee brig\u00e1da nem\u00e1 ani velitelsk\u00fd \u0161t\u00e1b, ani voj\u00e1ky, ani zbran\u011b, ani prost\u0159edky na vytvo\u0159en\u00ed nov\u00e9 jednotky.<\/em>\u00a0 Formov\u00e1n\u00ed 155. brig\u00e1dy bylo od prvn\u00edch dn\u016f naprost\u00fdm organiza\u010dn\u00edm chaosem doslova ve v\u0161ech slo\u017ek\u00e1ch a slu\u017eba vy\u017eadovala velk\u00e9 \u00fasil\u00ed t\u011bch, kte\u0159\u00ed se sna\u017eili slou\u017eit poctiv\u011b, a velk\u00e9 ztr\u00e1ty v d\u016fsledku samovoln\u00e9ho odchodu ze slu\u017eby od sam\u00e9ho po\u010d\u00e1tku formov\u00e1n\u00ed.<\/p>\n<h6><span style=\"font-size: 18pt;\">Zpackan\u00e9 velen\u00ed a hromadn\u00e9 dezerce na Ukrajin\u011b, b\u011bhem cesty do Francie a rovn\u011b\u017e p\u0159\u00edmo ve Francii<\/span><\/h6>\n<p>Tak\u017ee 155. brig\u00e1da odjela na cvi\u010den\u00ed do Francie v \u0159\u00edjnu 2024,\u00a0<strong>v t\u00e9 dob\u011b m\u011bla brig\u00e1da ji\u017e\u00a0935 p\u0159\u00edpad\u016f dezerc\u00ed\u00a0z v\u00fdcviku, uv\u00e1d\u00ed publikace.<\/strong>\u00a0Butusov uv\u00e1d\u00ed, \u017ee p\u0159ed odesl\u00e1n\u00edm bylo z brig\u00e1dy odvedeno v\u00edce ne\u017e 2550 voj\u00e1k\u016f k jin\u00fdm jednotk\u00e1m, a proto z 1924 mu\u017e\u016f, kte\u0159\u00ed odjeli do Francie, bylo pouze 1414 za\u0159azeno a cvi\u010deno necel\u00e9 dva m\u011bs\u00edce.<\/p>\n<p>\u201c<em>Jin\u00fdmi slovy, velen\u00ed arm\u00e1dy a OC Zapad nevyslalo do Francie organizovanou a \u0159\u00edzenou vojenskou jednotku, kter\u00e1 se m\u016f\u017ee hodn\u011b nau\u010dit, ale houf lid\u00ed v uniform\u00e1ch, asi 30 procent person\u00e1lu, kte\u0159\u00ed se m\u011bli b\u011bhem cesty organizovat a pozn\u00e1vat navz\u00e1jem a se sv\u00fdmi veliteli<\/em>,\u201d dodal. P\u0159i n\u00e1vratu Brig\u00e1dy Anny Kyjevsk\u00e9 na Ukrajinu byl jej\u00ed velitel Rjum\u0161in propu\u0161t\u011bn za \u00fat\u011bk 50 mu\u017e\u016f ve Francii.<\/p>\n<figure id=\"attachment_58556\" class=\"wp-caption aligncenter\" style=\"width: 706px;\"><a href=\"https:\/\/aeronet.news\/wp-content\/uploads\/AFUwomen.jpg\"><img decoding=\"async\" loading=\"lazy\" class=\"wp-image-58556 \" src=\"https:\/\/aeronet.news\/wp-content\/uploads\/AFUwomen-1024x682.jpg\" sizes=\"(max-width: 700px) 100vw, 700px\" srcset=\"https:\/\/aeronet.news\/wp-content\/uploads\/AFUwomen-1024x682.jpg 1024w, https:\/\/aeronet.news\/wp-content\/uploads\/AFUwomen-300x200.jpg 300w, https:\/\/aeronet.news\/wp-content\/uploads\/AFUwomen-768x512.jpg 768w, https:\/\/aeronet.news\/wp-content\/uploads\/AFUwomen-700x466.jpg 700w, https:\/\/aeronet.news\/wp-content\/uploads\/AFUwomen-536x357.jpg 536w, https:\/\/aeronet.news\/wp-content\/uploads\/AFUwomen-725x483.jpg 725w, https:\/\/aeronet.news\/wp-content\/uploads\/AFUwomen.jpg 1280w\" alt=\"\" width=\"706\" height=\"471\" \/><\/a><figcaption class=\"wp-caption-text\">Ukrajina v d\u016fsledku nedostatku mu\u017e\u016f za\u010dala odv\u00e1d\u011bt i \u017eeny<\/figcaption><\/figure>\n<p>\u201c<em>Byli jmenov\u00e1ni nov\u00ed velitel\u00e9, kte\u0159\u00ed v\u016fbec nerozum\u011bli stavu v\u011bc\u00ed v brig\u00e1d\u011b a v\u016fbec nikoho v n\u00ed neznali. V d\u016fsledku toho se chaos v \u0159\u00edzen\u00ed jen prohloubil, ovladatelnost se je\u0161t\u011b zhor\u0161ila a v prvn\u00edm prosincov\u00e9m t\u00fddnu, je\u0161t\u011b ne\u017e brig\u00e1da vstoupila do boj\u016f, bylo v brig\u00e1d\u011b dal\u0161\u00edch 198 dezerc\u00ed<\/em>,\u201d \u0159ekl Butusov. Uvedl tak\u00e9, \u017ee jednotky brig\u00e1dy byly vr\u017eeny do boje u Pokrovska, ani\u017e by byly slad\u011bny.<\/p>\n<p>Z\u00e1rove\u0148 nebyly bojovn\u00edk\u016fm poskytnuty bezpilotn\u00ed letouny a vybaven\u00ed REB, co\u017e vedlo k velk\u00fdm ztr\u00e1t\u00e1m mezi person\u00e1lem. P\u0159ipome\u0148me, \u017ee p\u0159ed n\u011bkolika t\u00fddny Butusov sd\u011blil, co se stalo 155. brig\u00e1d\u011b, kter\u00e1 bojovala u Pokrovska. Ji\u017e d\u0159\u00edve skand\u00e1ln\u00ed poslankyn\u011b Maryana Bezuglaja, kter\u00e1 pravideln\u011b kritizuje vy\u0161\u0161\u00ed vojensk\u00e9 velen\u00ed AFU, uvedla, \u017ee Francouzi vycvi\u010den\u00e1 155. Brig\u00e1da \u201cAnna Kyjevsk\u00e1\u201d byla posl\u00e1na na frontu bez bojov\u00e9ho slad\u011bn\u00ed.<\/p>\n<h6><span style=\"font-size: 18pt;\">V\u00e1lka je prohran\u00e1 a \u00fat\u011bk je jedinou s\u00e1zkou na jistotu p\u0159e\u017eit\u00ed<\/span><\/h6>\n<p>P\u0159\u00edb\u011bh 155. Brig\u00e1dy AFU je nejlep\u0161\u00edm vykreslen\u00edm konce v\u00e1lky a prohry Ukrajiny v tomto konfliktu.\u00a0<strong>Voj\u00e1ci uvnit\u0159 AFU u\u017e toti\u017e v\u011bd\u00ed, \u017ee v\u00e1lka se ned\u00e1 vyhr\u00e1t, ale d\u00e1 se z n\u00ed ut\u00e9ct.<\/strong>\u00a0Tahle matematick\u00e1 logika je ne\u00faprosn\u00e1 a plat\u00ed naprosto v ka\u017ed\u00e9 v\u00e1lce ve chv\u00edli, kdy jedna strana za\u010dne prohr\u00e1vat. Voj\u00e1ci AFU maj\u00ed vlastn\u011b jenom dv\u011b \u0161ance na p\u0159e\u017eit\u00ed \u2013 ta prvn\u00ed \u0161ance je \u00fat\u011bk b\u011bhem v\u00fdcviku, a ta druh\u00e1 je rusk\u00e9 zajet\u00ed, p\u0159i\u010dem\u017e ta druh\u00e1 \u0161ance m\u00e1 mnohem ni\u017e\u0161\u00ed pravd\u011bpodobnost a vysok\u00e9 riziko, \u017ee se ukrajinsk\u00fd voj\u00e1k toho zajet\u00ed nedo\u017eije.<\/p>\n<figure id=\"attachment_58754\" class=\"wp-caption aligncenter\" style=\"width: 703px;\"><a href=\"https:\/\/aeronet.news\/wp-content\/uploads\/MacronZelenskyParis2024.jpg\"><img decoding=\"async\" loading=\"lazy\" class=\"wp-image-58754 \" src=\"https:\/\/aeronet.news\/wp-content\/uploads\/MacronZelenskyParis2024-1024x682.jpg\" sizes=\"(max-width: 700px) 100vw, 700px\" srcset=\"https:\/\/aeronet.news\/wp-content\/uploads\/MacronZelenskyParis2024-1024x682.jpg 1024w, https:\/\/aeronet.news\/wp-content\/uploads\/MacronZelenskyParis2024-300x200.jpg 300w, https:\/\/aeronet.news\/wp-content\/uploads\/MacronZelenskyParis2024-768x512.jpg 768w, https:\/\/aeronet.news\/wp-content\/uploads\/MacronZelenskyParis2024-700x466.jpg 700w, https:\/\/aeronet.news\/wp-content\/uploads\/MacronZelenskyParis2024-536x357.jpg 536w, https:\/\/aeronet.news\/wp-content\/uploads\/MacronZelenskyParis2024-725x483.jpg 725w, https:\/\/aeronet.news\/wp-content\/uploads\/MacronZelenskyParis2024.jpg 1280w\" alt=\"\" width=\"703\" height=\"469\" \/><\/a><figcaption class=\"wp-caption-text\">Zelensk\u00fd v polovin\u011b lo\u0148sk\u00e9ho roku dojedn\u00e1val s Macronem i v\u00fdcvik ukrajinsk\u00fdch voj\u00e1k\u016f ve Francii<\/figcaption><\/figure>\n<p>Aneb ho nep\u0159e\u017eije v d\u016fsledku ukrajinsk\u00e9 praktiky zahajovat dronov\u00e9 \u00fadery na ty ukrajinsk\u00e9 voj\u00e1ky, kte\u0159\u00ed se vzd\u00e1vaj\u00ed Rus\u016fm. Proto nen\u00ed divu, \u017ee \u010desk\u00e1 a ukrajinsk\u00e1 vojensk\u00e1 policie hl\u00edd\u00e1 ukrajinsk\u00e9 voj\u00e1ky p\u0159i v\u00fdcviku na Libav\u00e9 jako v koncentr\u00e1ku, proto\u017ee maj\u00ed strach, \u017ee jim ute\u010dou. Pr\u00e1v\u011b te\u010f u\u017e Ukrajinci v\u011bd\u00ed, \u017ee v\u00e1lka je prohran\u00e1 \u010dek\u00e1 se jen na Trumpa a jeho ukon\u010den\u00ed ukrajinsk\u00e9ho utrpen\u00ed.\u00a0<strong>Pr\u00e1v\u011b na konci v\u00e1lek doch\u00e1z\u00ed paradoxn\u011b k nejv\u011bt\u0161\u00edm zv\u011brstv\u016fm, proto\u017ee frustrace z prohran\u00e9 v\u00e1lky se ventiluje nejsn\u00e1ze proti vlastn\u00edm lidem.<\/strong>\u00a0To je hroziv\u00fd poznatek.<\/p>\n<h6><span style=\"font-size: 18pt;\">Fialova vl\u00e1da v\u00ed, \u017ee Ukrajina v\u00e1lku prohr\u00e1la, a proto nachystala na uml\u010den\u00ed novin\u00e1\u0159\u016f a opozice v roce voleb do sn\u011bmovny gumov\u00fd z\u00e1kon o sb\u011bru dat pro ciz\u00ed mocnost<\/span><\/h6>\n<p>A plat\u00ed to nejen o voj\u00e1c\u00edch, ale i o politic\u00edch, kte\u0159\u00ed se cht\u011bj\u00ed mst\u00edt za prohru ve v\u00e1lce sv\u00fdm vlastn\u00edm ob\u010dan\u016fm. Proto Fialova junta chyst\u00e1 gumov\u00fd z\u00e1kon\u00a0<strong>[<a href=\"https:\/\/href.li\/?https:\/\/www.novinky.cz\/clanek\/domaci-novy-trestny-cin-za-sber-dat-pro-cizi-mocnost-az-12-let-vezeni-40497777\" target=\"_blank\" rel=\"nofollow noopener\">2<\/a>]<\/strong>\u00a0trestaj\u00edc\u00ed sb\u011br informac\u00ed a dat, a to i voln\u011b p\u0159\u00edstupn\u00fdch a zcela ve\u0159ejn\u00fdch, pro ciz\u00ed mocnost.\u00a0<strong>Cht\u011bj\u00ed pomoc\u00ed n\u011bho likvidovat v \u010cR v\u0161echny nepohodln\u00e9 novin\u00e1\u0159e, aktivisty, opozi\u010dn\u00ed politiky a de facto ka\u017ed\u00e9ho, kdo si dovol\u00ed kritizovat fialovou bandu.<\/strong>\u00a0Por\u00e1\u017eka Ukrajiny toti\u017e dolehne i na Fialovu vl\u00e1du jako deka, p\u0159i\u010dem\u017e v \u010cR vznikne obrovsk\u00fd bezpe\u010dnostn\u00ed probl\u00e9m se stovkami tis\u00edc Ukrajinc\u016f, kte\u0159\u00ed se nebudou cht\u00edt vr\u00e1tit na rozvr\u00e1cenou Ukrajinu.<\/p>\n<p><a href=\"https:\/\/aeronet.news\/wp-content\/uploads\/FialaUAribbon.jpg\"><img decoding=\"async\" loading=\"lazy\" class=\"wp-image-52495 aligncenter\" src=\"https:\/\/aeronet.news\/wp-content\/uploads\/FialaUAribbon.jpg\" sizes=\"(max-width: 1280px) 100vw, 1280px\" srcset=\"https:\/\/aeronet.news\/wp-content\/uploads\/FialaUAribbon.jpg 1280w, https:\/\/aeronet.news\/wp-content\/uploads\/FialaUAribbon-300x200.jpg 300w, https:\/\/aeronet.news\/wp-content\/uploads\/FialaUAribbon-768x512.jpg 768w, https:\/\/aeronet.news\/wp-content\/uploads\/FialaUAribbon-1024x682.jpg 1024w, https:\/\/aeronet.news\/wp-content\/uploads\/FialaUAribbon-700x466.jpg 700w, https:\/\/aeronet.news\/wp-content\/uploads\/FialaUAribbon-536x357.jpg 536w, https:\/\/aeronet.news\/wp-content\/uploads\/FialaUAribbon-725x483.jpg 725w\" alt=\"\" width=\"812\" height=\"541\" \/><\/a><\/p>\n<p>Po skon\u010den\u00ed v\u00e1lky na Ukrajin\u011b se toti\u017e nejv\u011bt\u0161\u00edm p\u0159edvolebn\u00edm t\u00e9matem p\u0159ed podzimn\u00edmi volbami v \u010cR do sn\u011bmovny stane pr\u00e1v\u011b tzv.\u00a0<em><strong>ukrajinsk\u00e1 ot\u00e1zka<\/strong><\/em>. A dovedu si p\u0159edstavit, \u017ee Fiala pomoc\u00ed toho nov\u00e9ho z\u00e1kona bude cht\u00edt zav\u00edrat novin\u00e1\u0159e za to, \u017ee publikuj\u00ed t\u0159eba\u00a0<strong>\u010dl\u00e1nek s daty o kriminalit\u011b Ukrajinc\u016f v \u010cR<\/strong>.<\/p>\n<p>Aktivistick\u00fd prokur\u00e1tor na to okam\u017eit\u011b pou\u017eije tento nov\u00fd paragraf a zav\u0159e do krimin\u00e1lu pis\u00e1lka za to, \u017ee z ve\u0159ejn\u00fdch zdroj\u016f a z rozsudk\u016f sesb\u00edral a publikoval pobu\u0159uj\u00edc\u00ed, nehezk\u00e1 a znepokojiv\u00e1 data o Ukrajinc\u00edch v \u010cR, \u010d\u00edm\u017e napomohl rusk\u00e9 propagand\u011b a rusk\u00e9 st\u00e1tn\u00ed moci. Hotovo, dvan\u00e1ct! Rozum\u011bj dvan\u00e1ct let natvrdo! P\u0159esn\u011b takto to m\u00e1 fialov\u00e1 banda napl\u00e1nov\u00e1no. Cht\u011bj\u00ed toti\u017e klid na volby a uml\u010det nepohodln\u00e1 data a fakta o ukrajinsk\u00e9 ot\u00e1zce v \u010cR. Takov\u00e1 je realita.<\/p>\n<p><a href=\"https:\/\/aeronet.news\/ukrajinsky-vojak-v-ruskem-zajeti-vylicil-jak-probihal-vycvik-zhruba-300-clenne-skupiny-brancu-afu-v-ceske-republice-cely-vycvikovy-tabor-obkliceny-ceskou-a-ukrajinskou-vojenskou-policii\/\">-VK-<\/a><\/p>\n<p>&nbsp;<\/p>\n","protected":false},"excerpt":{"rendered":"<p>Ukrajinsk\u00fd voj\u00e1k v rusk\u00e9m zajet\u00ed vyl\u00ed\u010dil, jak prob\u00edhal v\u00fdcvik zhruba 300-\u010dlenn\u00e9 skupiny branc\u016f AFU v&#8230;<\/p>\n","protected":false},"author":2,"featured_media":69501,"comment_status":"closed","ping_status":"closed","sticky":false,"template":"","format":"standard","meta":[],"categories":[6],"tags":[1042,76,2574,1600,2092],"_links":{"self":[{"href":"https:\/\/www.infokuryr.cz\/n\/wp-json\/wp\/v2\/posts\/69500"}],"collection":[{"href":"https:\/\/www.infokuryr.cz\/n\/wp-json\/wp\/v2\/posts"}],"about":[{"href":"https:\/\/www.infokuryr.cz\/n\/wp-json\/wp\/v2\/types\/post"}],"author":[{"embeddable":true,"href":"https:\/\/www.infokuryr.cz\/n\/wp-json\/wp\/v2\/users\/2"}],"replies":[{"embeddable":true,"href":"https:\/\/www.infokuryr.cz\/n\/wp-json\/wp\/v2\/comments?post=69500"}],"version-history":[{"count":0,"href":"https:\/\/www.infokuryr.cz\/n\/wp-json\/wp\/v2\/posts\/69500\/revisions"}],"wp:featuredmedia":[{"embeddable":true,"href":"https:\/\/www.infokuryr.cz\/n\/wp-json\/wp\/v2\/media\/69501"}],"wp:attachment":[{"href":"https:\/\/www.infokuryr.cz\/n\/wp-json\/wp\/v2\/media?parent=69500"}],"wp:term":[{"taxonomy":"category","embeddable":true,"href":"https:\/\/www.infokuryr.cz\/n\/wp-json\/wp\/v2\/categories?post=69500"},{"taxonomy":"post_tag","embeddable":true,"href":"https:\/\/www.infokuryr.cz\/n\/wp-json\/wp\/v2\/tags?post=69500"}],"curies":[{"name":"wp","href":"https:\/\/api.w.org\/{rel}","templated":true}]}}