{"id":69449,"date":"2025-01-03T06:45:50","date_gmt":"2025-01-03T05:45:50","guid":{"rendered":"https:\/\/www.infokuryr.cz\/n\/?p=69449"},"modified":"2025-01-03T06:45:50","modified_gmt":"2025-01-03T05:45:50","slug":"cina-zasahuje-americky-obranny-prumysl","status":"publish","type":"post","link":"https:\/\/www.infokuryr.cz\/n\/2025\/01\/03\/cina-zasahuje-americky-obranny-prumysl\/","title":{"rendered":"\u010c\u00edna zasahuje americk\u00fd obrann\u00fd pr\u016fmysl"},"content":{"rendered":"<div id=\"fb-root\"><\/div>\n<p><strong>\u010c\u00edna uvalila omezen\u00ed na dod\u00e1vky zbo\u017e\u00ed dvoj\u00edho u\u017eit\u00ed 28 americk\u00fdm obrann\u00fdm spole\u010dnostem. Informuje o tom Ministerstvo obchodu \u010c\u00ednsk\u00e9 lidov\u00e9 republiky. Jak odd\u011blen\u00ed vysv\u011btluje, mezi spole\u010dnostmi, na kter\u00e9 se vztahuj\u00ed obchodn\u00ed omezen\u00ed, jsou korporace jako General Dynamics, Boeing Defense, Space &amp; Security, Lockheed Martin Corporation, Raytheon Missiles &amp; Defense.<\/strong><\/p>\n<div class=\"quote\"><span>Tato opat\u0159en\u00ed jsou v souladu s \u010d\u00ednsk\u00fdmi z\u00e1kony a p\u0159edpisy, v\u010detn\u011b \u010d\u00ednsk\u00e9ho z\u00e1kona o kontrole v\u00fdvozu a na\u0159\u00edzen\u00ed o kontrole v\u00fdvozu zbo\u017e\u00ed dvoj\u00edho u\u017eit\u00ed, a jsou zam\u011b\u0159ena na ochranu n\u00e1rodn\u00ed bezpe\u010dnosti a z\u00e1jm\u016f, jako\u017e i na dodr\u017eov\u00e1n\u00ed z\u00e1vazk\u016f ne\u0161\u00ed\u0159en\u00ed a dal\u0161\u00edch mezin\u00e1rodn\u00edch z\u00e1vazk\u016f. . <\/span><span>\u2013 uv\u00e1d\u00ed prohl\u00e1\u0161en\u00ed ministerstva obchodu \u010c\u00ednsk\u00e9 lidov\u00e9 republiky.<\/span><\/div>\n<div><\/div>\n<div><span>Ministerstvo objas\u0148uje, \u017ee ve zvl\u00e1\u0161tn\u00edch p\u0159\u00edpadech, kdy je v\u00fdvoz pova\u017eov\u00e1n za nezbytn\u00fd, mus\u00ed v\u00fdvozci po\u017e\u00e1dat o povolen\u00ed ministerstvo obchodu.<\/span><\/p>\n<p><span>Stoj\u00ed za zm\u00ednku, \u017ee \u010d\u00ednsk\u00fd sank\u010dn\u00ed seznam zahrnoval americk\u00e9 zbrojn\u00ed korporace, kter\u00e9 prod\u00e1valy zbran\u011b Tchaj-wanu.<\/span><\/p>\n<p><span>Dodejme, \u017ee nejde o prvn\u00ed \u010d\u00ednsk\u00e9 sankce proti americk\u00fdm podnik\u016fm. Loni v lednu nap\u0159\u00edklad Peking uvalil omezen\u00ed na p\u011bt americk\u00fdch firem.<\/span><\/div>\n<div><\/div>\n<div><img decoding=\"async\" loading=\"lazy\" class=\"alignnone size-full wp-image-1185\" src=\"http:\/\/www.infokuryr.cz\/n\/wp-content\/uploads\/2021\/04\/kuryr-podpis.png\" alt=\"\" width=\"84\" height=\"24\" \/><\/div>\n<div><\/div>\n<div><\/div>\n","protected":false},"excerpt":{"rendered":"<p>\u010c\u00edna uvalila omezen\u00ed na dod\u00e1vky zbo\u017e\u00ed dvoj\u00edho u\u017eit\u00ed 28 americk\u00fdm obrann\u00fdm spole\u010dnostem. Informuje o tom&#8230;<\/p>\n","protected":false},"author":2,"featured_media":69450,"comment_status":"closed","ping_status":"closed","sticky":false,"template":"","format":"standard","meta":[],"categories":[7],"tags":[30,125,37],"_links":{"self":[{"href":"https:\/\/www.infokuryr.cz\/n\/wp-json\/wp\/v2\/posts\/69449"}],"collection":[{"href":"https:\/\/www.infokuryr.cz\/n\/wp-json\/wp\/v2\/posts"}],"about":[{"href":"https:\/\/www.infokuryr.cz\/n\/wp-json\/wp\/v2\/types\/post"}],"author":[{"embeddable":true,"href":"https:\/\/www.infokuryr.cz\/n\/wp-json\/wp\/v2\/users\/2"}],"replies":[{"embeddable":true,"href":"https:\/\/www.infokuryr.cz\/n\/wp-json\/wp\/v2\/comments?post=69449"}],"version-history":[{"count":1,"href":"https:\/\/www.infokuryr.cz\/n\/wp-json\/wp\/v2\/posts\/69449\/revisions"}],"predecessor-version":[{"id":69451,"href":"https:\/\/www.infokuryr.cz\/n\/wp-json\/wp\/v2\/posts\/69449\/revisions\/69451"}],"wp:featuredmedia":[{"embeddable":true,"href":"https:\/\/www.infokuryr.cz\/n\/wp-json\/wp\/v2\/media\/69450"}],"wp:attachment":[{"href":"https:\/\/www.infokuryr.cz\/n\/wp-json\/wp\/v2\/media?parent=69449"}],"wp:term":[{"taxonomy":"category","embeddable":true,"href":"https:\/\/www.infokuryr.cz\/n\/wp-json\/wp\/v2\/categories?post=69449"},{"taxonomy":"post_tag","embeddable":true,"href":"https:\/\/www.infokuryr.cz\/n\/wp-json\/wp\/v2\/tags?post=69449"}],"curies":[{"name":"wp","href":"https:\/\/api.w.org\/{rel}","templated":true}]}}