{"id":69447,"date":"2025-01-03T06:40:48","date_gmt":"2025-01-03T05:40:48","guid":{"rendered":"https:\/\/www.infokuryr.cz\/n\/?p=69447"},"modified":"2025-01-03T06:40:48","modified_gmt":"2025-01-03T05:40:48","slug":"pri-narazu-letadla-do-budovy-v-kalifornii-zemreli-dva-lide","status":"publish","type":"post","link":"https:\/\/www.infokuryr.cz\/n\/2025\/01\/03\/pri-narazu-letadla-do-budovy-v-kalifornii-zemreli-dva-lide\/","title":{"rendered":"P\u0159i n\u00e1razu letadla do budovy v Kalifornii zem\u0159eli dva lid\u00e9"},"content":{"rendered":"<div id=\"fb-root\"><\/div>\n<p class=\"lead\"><strong>Po\u010det ob\u011bt\u00ed mal\u00e9ho letadla, kter\u00e9 narazilo do budovy v kalifornsk\u00e9m Fullertonu, se zv\u00fd\u0161il na dva, p\u0159i\u010dem\u017e 18 lid\u00ed bylo zran\u011bno, informovala m\u00edstn\u00ed policie na webu X na soci\u00e1ln\u00edch s\u00edt\u00edch.<\/strong><\/p>\n<p><em>&#8222;Dv\u011b potvrzen\u00e1 \u00famrt\u00ed, deset lid\u00ed bylo p\u0159evezeno k o\u0161et\u0159en\u00ed do m\u00edstn\u00edch nemocnic, osm lid\u00ed bylo o\u0161et\u0159eno a propu\u0161t\u011bno na m\u00edst\u011b,&#8220;<span class=\"after-quote\">\u00a0&#8211; p\u00ed\u0161e se v p\u0159\u00edsp\u011bvku.<\/span><\/em><\/p>\n<p><span>Vy\u0161et\u0159ov\u00e1n\u00ed p\u0159\u00ed\u010diny incidentu nad\u00e1le pokra\u010duje.<\/span><\/p>\n<p><span>K nehod\u011b do\u0161lo ve \u010dtvrtek asi ve 14:00 m\u00edstn\u00edho \u010dasu (v p\u00e1tek 01:00 evropsk\u00e9ho \u010dasu) pobl\u00ed\u017e leti\u0161t\u011b Fullerton. Leteck\u00e1 hav\u00e1rie zp\u016fsobila po\u017e\u00e1r \u010dtvrt\u00e9 kategorie slo\u017eitosti. Podle o\u010dit\u00fdch sv\u011bdk\u016f stoupal nad m\u00edstem ne\u0161t\u011bst\u00ed hust\u00fd \u010dern\u00fd d\u00fdm, viditeln\u00fd na mnoho kilometr\u016f.<\/span><\/p>\n<p><img decoding=\"async\" loading=\"lazy\" class=\"alignnone size-full wp-image-1185\" src=\"http:\/\/www.infokuryr.cz\/n\/wp-content\/uploads\/2021\/04\/kuryr-podpis.png\" alt=\"\" width=\"84\" height=\"24\" \/><\/p>\n<p>&nbsp;<\/p>\n","protected":false},"excerpt":{"rendered":"<p>Po\u010det ob\u011bt\u00ed mal\u00e9ho letadla, kter\u00e9 narazilo do budovy v kalifornsk\u00e9m Fullertonu, se zv\u00fd\u0161il na dva,&#8230;<\/p>\n","protected":false},"author":2,"featured_media":69448,"comment_status":"closed","ping_status":"closed","sticky":false,"template":"","format":"standard","meta":[],"categories":[7],"tags":[817,1421,447,37],"_links":{"self":[{"href":"https:\/\/www.infokuryr.cz\/n\/wp-json\/wp\/v2\/posts\/69447"}],"collection":[{"href":"https:\/\/www.infokuryr.cz\/n\/wp-json\/wp\/v2\/posts"}],"about":[{"href":"https:\/\/www.infokuryr.cz\/n\/wp-json\/wp\/v2\/types\/post"}],"author":[{"embeddable":true,"href":"https:\/\/www.infokuryr.cz\/n\/wp-json\/wp\/v2\/users\/2"}],"replies":[{"embeddable":true,"href":"https:\/\/www.infokuryr.cz\/n\/wp-json\/wp\/v2\/comments?post=69447"}],"version-history":[{"count":0,"href":"https:\/\/www.infokuryr.cz\/n\/wp-json\/wp\/v2\/posts\/69447\/revisions"}],"wp:featuredmedia":[{"embeddable":true,"href":"https:\/\/www.infokuryr.cz\/n\/wp-json\/wp\/v2\/media\/69448"}],"wp:attachment":[{"href":"https:\/\/www.infokuryr.cz\/n\/wp-json\/wp\/v2\/media?parent=69447"}],"wp:term":[{"taxonomy":"category","embeddable":true,"href":"https:\/\/www.infokuryr.cz\/n\/wp-json\/wp\/v2\/categories?post=69447"},{"taxonomy":"post_tag","embeddable":true,"href":"https:\/\/www.infokuryr.cz\/n\/wp-json\/wp\/v2\/tags?post=69447"}],"curies":[{"name":"wp","href":"https:\/\/api.w.org\/{rel}","templated":true}]}}