{"id":69443,"date":"2025-01-03T06:29:01","date_gmt":"2025-01-03T05:29:01","guid":{"rendered":"https:\/\/www.infokuryr.cz\/n\/?p=69443"},"modified":"2025-01-03T06:29:01","modified_gmt":"2025-01-03T05:29:01","slug":"albanie-chce-zakazat-tiktok-kvuli-zvracenosti","status":"publish","type":"post","link":"https:\/\/www.infokuryr.cz\/n\/2025\/01\/03\/albanie-chce-zakazat-tiktok-kvuli-zvracenosti\/","title":{"rendered":"Alb\u00e1nie chce zak\u00e1zat TikTok kv\u016fli \u201ezvr\u00e1cenosti\u201c"},"content":{"rendered":"<div id=\"fb-root\"><\/div>\n<p><span style=\"font-size: 18pt;\"><strong>Kritici obvinili alb\u00e1nskou vl\u00e1du z politick\u00e9 cenzury<\/strong><\/span><\/p>\n<p><span>Alb\u00e1nie se chyst\u00e1 uz\u00e1konit ro\u010dn\u00ed z\u00e1kaz TikTok ve jm\u00e9nu ochrany d\u011bt\u00ed a dosp\u00edvaj\u00edc\u00edch. Kritici premi\u00e9ra Ediho Ramy v\u0161ak podle agentury Reuters tvrd\u00ed, \u017ee jeho skute\u010dn\u00fdm c\u00edlem je uml\u010det politickou opozici p\u0159ed kv\u011btnov\u00fdmi volbami.<\/span><\/p>\n<p><span>Rama ozn\u00e1mil z\u00e1kaz koncem prosince po t\u00fddnech konzultac\u00ed s rodi\u010di a u\u010diteli. \u0158ekl, \u017ee rozhodnut\u00ed bylo motivov\u00e1no smrteln\u00fdm pobod\u00e1n\u00edm 14let\u00e9ho chlapce v listopadu kv\u016fli sporu na soci\u00e1ln\u00edch s\u00edt\u00edch. TikTok podal n\u00e1mitku a pouk\u00e1zal na to, \u017ee ob\u011b\u0165 ani \u00fato\u010dn\u00edk platformu nepou\u017eili.<\/span><\/p>\n<p><em><span>&#8222;To vytv\u00e1\u0159\u00ed nebezpe\u010dn\u00fd precedens, \u017ee vl\u00e1dy mohou kdykoli uzav\u0159\u00edt r\u016fzn\u00e9 platformy,&#8220;<\/span><\/em><span>\u00a0\u0159ekla Orkidea Xhaferaj ze SciDEV agentu\u0159e Reuters, think tanku se s\u00eddlem v Tiran\u011b financovan\u00e9m Open Society Foundation George Sorose a r\u016fzn\u00fdmi z\u00e1padn\u00edmi vl\u00e1dami.<\/span><\/p>\n<p><em><span>&#8222;Chce n\u00e1m zav\u0159\u00edt \u00fasta,&#8220;<\/span><\/em><span>\u00a0\u0159ekl agentu\u0159e Arlind Qori, v\u016fdce politick\u00e9 strany Bashke (Spole\u010dn\u011b), a popsal TikTok jako siln\u00fd komunika\u010dn\u00ed n\u00e1stroj opozice.<\/span><\/p>\n<p><span>V\u016fdci dvou nejv\u011bt\u0161\u00edch alb\u00e1nsk\u00fdch opozi\u010dn\u00edch stran, Sali Berisha (Demokratick\u00e1 strana) a Ilir Meta (Strana svobody), byli obvin\u011bni z korupce. Obvin\u011bn\u00ed odsoudili jako politicky motivovan\u00e1.<\/span><\/p>\n<p><span>Podnikatel Ergus Katiaj si nad nadch\u00e1zej\u00edc\u00edm z\u00e1kazem tak\u00e9 posteskl a \u0159ekl, \u017ee ho p\u0159iprav\u00ed o bezplatnou reklamu, kter\u00e1 mu p\u0159id\u00e1v\u00e1 kolem 1000 dolar\u016f k m\u011bs\u00ed\u010dn\u00edmu zisku. Katiaj zve\u0159ej\u0148uje p\u0159\u00edsp\u011bvky na TikTok ka\u017ed\u00fd ve\u010der a p\u0159ipom\u00edn\u00e1 z\u00e1kazn\u00edk\u016fm v Tiran\u011b, \u017ee jeho obchod celou noc dod\u00e1v\u00e1 alkohol, cigarety a ob\u010derstven\u00ed.<\/span><\/p>\n<p><span>R\u00e1mova vl\u00e1da uvedla, \u017ee z\u00e1kaz vstoup\u00ed v platnost\u00a0<\/span><em><span>\u201eza\u010d\u00e1tkem roku 2025\u201c,<\/span><\/em><span>\u00a0ale TikTok z\u016fst\u00e1v\u00e1 online od \u010dtvrtka.<\/span><\/p>\n<p><em><span>\u201eZ\u00e1kaz TikTok na jeden rok v Alb\u00e1nii nen\u00ed ukvapenou reakc\u00ed na jedin\u00fd incident, ale pe\u010dliv\u011b zv\u00e1\u017een\u00fdm rozhodnut\u00edm u\u010din\u011bn\u00fdm po konzultaci s rodi\u010dovsk\u00fdmi komunitami ve \u0161kol\u00e1ch po cel\u00e9 zemi,\u201c<\/span><\/em><span>\u00a0\u0159ekl premi\u00e9r v prosinci.<\/span><\/p>\n<p><span>Po 1300 takov\u00fdch setk\u00e1n\u00edch 90 % pedagog\u016f a rodi\u010d\u016f podpo\u0159ilo z\u00e1kaz TikTok, uvedla vl\u00e1da pro AP.<\/span><\/p>\n<p><em><span>&#8222;Uvnit\u0159 \u010d\u00ednsk\u00e9ho TikTok nevid\u00edte chulig\u00e1nstv\u00ed, zvr\u00e1cenost, n\u00e1sil\u00ed, \u0161ikanu, zlo\u010din,&#8220;<\/span><\/em><span>\u00a0\u0159ekl Rama minul\u00fd m\u011bs\u00edc v projevu oznamuj\u00edc\u00edm z\u00e1kaz s odkazem na platformu Douyin.\u00a0<\/span><em><span>&#8222;Pro\u010d to pot\u0159ebujeme?&#8220;<\/span><\/em><\/p>\n<p><span>TikTok i jeho \u010d\u00ednsk\u00fd prot\u011bj\u0161ek Douyin byly vyvinuty spole\u010dnost\u00ed ByteDance, kter\u00e1 je zalo\u017eena na Kajmansk\u00fdch ostrovech.<\/span><\/p>\n<p><span>\u010c\u00ednsk\u00fd p\u016fvod platformy pro sd\u00edlen\u00ed vide\u00ed ji um\u00edstil do hled\u00e1\u010dku mnoha vl\u00e1d na Z\u00e1pad\u011b. USA minul\u00fd rok schv\u00e1lily z\u00e1kon, kter\u00fd spole\u010dnosti ByteDance vy\u017eaduje, aby prod\u00e1vala TikTok ve jm\u00e9nu n\u00e1rodn\u00ed bezpe\u010dnosti, a to do 19. ledna.<\/span><\/p>\n<p><span>Rumunsko anulovalo sv\u00e9 prezidentsk\u00e9 volby v listopadu pot\u00e9, co zpravodajsk\u00e9 agentury tvrdily, \u017ee\u00a0za kampan\u00ed TikTok na podporu nez\u00e1visl\u00e9ho kandid\u00e1ta Calina Georgesca stoj\u00ed\u00a0<\/span><em><span>\u201erusk\u00fd vliv\u201c<\/span><\/em><span>\u00a0. Rozhodnut\u00ed nebylo zvr\u00e1ceno ani pot\u00e9, co se uk\u00e1zalo, \u017ee kampa\u0148 m\u00edsto toho zmanipulovala proz\u00e1padn\u00ed N\u00e1rodn\u00ed liber\u00e1ln\u00ed strana.<\/span><\/p>\n<p><img decoding=\"async\" loading=\"lazy\" class=\"alignnone size-full wp-image-1185\" src=\"http:\/\/www.infokuryr.cz\/n\/wp-content\/uploads\/2021\/04\/kuryr-podpis.png\" alt=\"\" width=\"84\" height=\"24\" \/><\/p>\n<p>&nbsp;<\/p>\n","protected":false},"excerpt":{"rendered":"<p>Kritici obvinili alb\u00e1nskou vl\u00e1du z politick\u00e9 cenzury Alb\u00e1nie se chyst\u00e1 uz\u00e1konit ro\u010dn\u00ed z\u00e1kaz TikTok ve&#8230;<\/p>\n","protected":false},"author":2,"featured_media":4047,"comment_status":"closed","ping_status":"closed","sticky":false,"template":"","format":"standard","meta":[],"categories":[7],"tags":[821,1035,720],"_links":{"self":[{"href":"https:\/\/www.infokuryr.cz\/n\/wp-json\/wp\/v2\/posts\/69443"}],"collection":[{"href":"https:\/\/www.infokuryr.cz\/n\/wp-json\/wp\/v2\/posts"}],"about":[{"href":"https:\/\/www.infokuryr.cz\/n\/wp-json\/wp\/v2\/types\/post"}],"author":[{"embeddable":true,"href":"https:\/\/www.infokuryr.cz\/n\/wp-json\/wp\/v2\/users\/2"}],"replies":[{"embeddable":true,"href":"https:\/\/www.infokuryr.cz\/n\/wp-json\/wp\/v2\/comments?post=69443"}],"version-history":[{"count":0,"href":"https:\/\/www.infokuryr.cz\/n\/wp-json\/wp\/v2\/posts\/69443\/revisions"}],"wp:featuredmedia":[{"embeddable":true,"href":"https:\/\/www.infokuryr.cz\/n\/wp-json\/wp\/v2\/media\/4047"}],"wp:attachment":[{"href":"https:\/\/www.infokuryr.cz\/n\/wp-json\/wp\/v2\/media?parent=69443"}],"wp:term":[{"taxonomy":"category","embeddable":true,"href":"https:\/\/www.infokuryr.cz\/n\/wp-json\/wp\/v2\/categories?post=69443"},{"taxonomy":"post_tag","embeddable":true,"href":"https:\/\/www.infokuryr.cz\/n\/wp-json\/wp\/v2\/tags?post=69443"}],"curies":[{"name":"wp","href":"https:\/\/api.w.org\/{rel}","templated":true}]}}