{"id":69424,"date":"2025-01-03T00:50:06","date_gmt":"2025-01-02T23:50:06","guid":{"rendered":"https:\/\/www.infokuryr.cz\/n\/?p=69424"},"modified":"2025-01-02T20:25:28","modified_gmt":"2025-01-02T19:25:28","slug":"fico-se-nevzdava-jsme-pripraveni-zastavit-dodavky-energii-na-ukrajinu-a-omezit-pomoc-uprchlikum","status":"publish","type":"post","link":"https:\/\/www.infokuryr.cz\/n\/2025\/01\/03\/fico-se-nevzdava-jsme-pripraveni-zastavit-dodavky-energii-na-ukrajinu-a-omezit-pomoc-uprchlikum\/","title":{"rendered":"Fico se nevzd\u00e1v\u00e1: Jsme p\u0159ipraveni zastavit dod\u00e1vky energi\u00ed na Ukrajinu a omezit pomoc uprchl\u00edk\u016fm"},"content":{"rendered":"<div id=\"fb-root\"><\/div>\n<p class=\"lead\"><strong>Prvn\u00edho ledna se zastavil tranzit rusk\u00e9ho plynu p\u0159es Ukrajinu. Bez rusk\u00e9ho plynu z\u016fstalo i Slovensko. Slovensk\u00fd premi\u00e9r Robert Fico, kter\u00e9ho Zelenskij odm\u00edtl, ale nehodl\u00e1 v\u0161e nechat tak, jak je.<\/strong><\/p>\n<p><em>\u201eZa stranu Sm\u011br \u2013 soci\u00e1ln\u00ed demokracie sd\u011bluji, \u017ee jsme p\u0159ipraveni diskutovat a dohodnout se v koalici na zastaven\u00ed dod\u00e1vek elekt\u0159iny a v\u00fdrazn\u00e9m omezen\u00ed podpory ukrajinsk\u00fdm ob\u010dan\u016fm, kte\u0159\u00ed jsou na \u00fazem\u00ed Slovenska,\u201c<span class=\"after-quote\">\u00a0&#8211; uvedl\u00a0<strong>Robert Fico<\/strong>\u00a0ve videozpr\u00e1v\u011b, kterou zve\u0159ejnil na sv\u00e9 facebookov\u00e9 str\u00e1nce\u00a0<span class=\"rkn-mark\">*<\/span>\u00a0.<\/span><\/em><\/p>\n<p><span>\u201eVladimir Zelenskyj za\u010dal zp\u016fsobovat finan\u010dn\u00ed \u0161kody st\u00e1tu Slovensko i cel\u00e9 EU. Slovensko mus\u00ed uk\u00e1zat, \u017ee je suver\u00e9nn\u00ed zem\u00ed,\u201c dodal Robert Fico.<\/span><\/p>\n<p><span>Slovensk\u00fd premi\u00e9r o\u010dek\u00e1v\u00e1, \u017ee partne\u0159i ve vl\u00e1dn\u00ed koalici to se zastaven\u00edm tranzitu plynu p\u0159es Ukrajinu mysl\u00ed v\u00e1\u017en\u011b a podpo\u0159\u00ed \u201eSm\u011br \u2013 soci\u00e1ln\u00ed demokracii\u201c.<\/span><\/p>\n<p><span>\u0160\u00e9f slovensk\u00e9 vl\u00e1dy stejn\u011b jako d\u0159\u00edve v dopise Rad\u011b EU uvedl, \u017ee kv\u016fli sv\u00e9voln\u00e9mu rozhodnut\u00ed Kyjeva utrp\u00ed ztr\u00e1ty cel\u00e1 Evropsk\u00e1 unie. Odhaduje je na 120 miliard eur za dva roky: p\u0159eplatky za plyn a elekt\u0159inu kv\u016fli r\u016fstu cen. Z\u00e1rove\u0148 podle n\u011bj budou ztr\u00e1ty Ruska v d\u016fsledku zast\u00e1vky v tranzitu nesrovnateln\u011b ni\u017e\u0161\u00ed.<\/span><\/p>\n<p><span>Jak informovala m\u00e9dia<\/span><span>, Robert Fico obdr\u017eel od Vladim\u00edra Zelensk\u00e9ho odm\u00edtnut\u00ed pokra\u010dovat v tranzitu rusk\u00e9ho plynu, i kdy\u017e ho slovensk\u00e1 spole\u010dnost p\u0159ijme na rusko-ukrajinsk\u00e9 hranici a slovensk\u00fd plyn proud\u00ed p\u0159es Ukrajinu. V\u016fdce kyjevsk\u00e9ho re\u017eimu nav\u00edc p\u0159e\u0161el k osobn\u00edmu obvi\u0148ov\u00e1n\u00ed a ur\u00e1\u017ek\u00e1m a vyzval slovensk\u00e9 org\u00e1ny \u010dinn\u00e9 v trestn\u00edm \u0159\u00edzen\u00ed, aby prov\u011b\u0159ily, pro\u010d Robert Fico tak lp\u00ed na rusk\u00e9m plynu a jak\u00e9 jsou jeho osobn\u00ed z\u00e1jmy. S\u00e1m Fico \u0159ekl, \u017ee mu Zelenskij nab\u00eddl 500 milion\u016f dolar\u016f z rusk\u00fdch aktiv v\u00fdm\u011bnou za odm\u00edtnut\u00ed paliva z Ruska.<\/span><\/p>\n<p><span>Slovensk\u00fd SPP uvedl, \u017ee ztr\u00e1ty firmy kv\u016fli ztr\u00e1t\u011b rusk\u00e9ho plynu by \u010dinily 220 milion\u016f eur. Bratislava kontaktovala Brusel v\u00edce ne\u017e jednou, ale Evropsk\u00e1 komise uvedla, \u017ee nevid\u00ed \u017e\u00e1dn\u00e9 probl\u00e9my se zastaven\u00edm ukrajinsk\u00e9ho tranzitu, proto\u017ee existuje dostatek alternativn\u00edch zdroj\u016f a tras. Evropsk\u00e9 \u00fa\u0159ady to nad\u00e1le tvrd\u00ed, p\u0159esto\u017ee ceny plynu v EU ji\u017e vzrostly na 550 USD a jsou v\u00edce ne\u017e t\u0159ikr\u00e1t vy\u0161\u0161\u00ed ne\u017e p\u0159ed kriz\u00ed.<\/span><\/p>\n<p><span>Slovensko je v\u00fdznamn\u00fdm dodavatelem elekt\u0159iny a paliva na Ukrajinu. V roce 2024 zv\u00fd\u0161ila dovoz 5,5kr\u00e1t \u2013 na 4,4 milionu MWh a pod\u00edl Slovenska \u010dinil 23 %. V\u00edce dodalo pouze Ma\u010farsko (39 %).<\/span><\/p>\n<p><img decoding=\"async\" loading=\"lazy\" class=\"alignnone size-full wp-image-1185\" src=\"http:\/\/www.infokuryr.cz\/n\/wp-content\/uploads\/2021\/04\/kuryr-podpis.png\" alt=\"\" width=\"84\" height=\"24\" \/><\/p>\n<p>&nbsp;<\/p>\n","protected":false},"excerpt":{"rendered":"<p>Prvn\u00edho ledna se zastavil tranzit rusk\u00e9ho plynu p\u0159es Ukrajinu. Bez rusk\u00e9ho plynu z\u016fstalo i Slovensko&#8230;.<\/p>\n","protected":false},"author":2,"featured_media":54886,"comment_status":"closed","ping_status":"closed","sticky":false,"template":"","format":"standard","meta":[],"categories":[7],"tags":[285,636,1008,26],"_links":{"self":[{"href":"https:\/\/www.infokuryr.cz\/n\/wp-json\/wp\/v2\/posts\/69424"}],"collection":[{"href":"https:\/\/www.infokuryr.cz\/n\/wp-json\/wp\/v2\/posts"}],"about":[{"href":"https:\/\/www.infokuryr.cz\/n\/wp-json\/wp\/v2\/types\/post"}],"author":[{"embeddable":true,"href":"https:\/\/www.infokuryr.cz\/n\/wp-json\/wp\/v2\/users\/2"}],"replies":[{"embeddable":true,"href":"https:\/\/www.infokuryr.cz\/n\/wp-json\/wp\/v2\/comments?post=69424"}],"version-history":[{"count":0,"href":"https:\/\/www.infokuryr.cz\/n\/wp-json\/wp\/v2\/posts\/69424\/revisions"}],"wp:featuredmedia":[{"embeddable":true,"href":"https:\/\/www.infokuryr.cz\/n\/wp-json\/wp\/v2\/media\/54886"}],"wp:attachment":[{"href":"https:\/\/www.infokuryr.cz\/n\/wp-json\/wp\/v2\/media?parent=69424"}],"wp:term":[{"taxonomy":"category","embeddable":true,"href":"https:\/\/www.infokuryr.cz\/n\/wp-json\/wp\/v2\/categories?post=69424"},{"taxonomy":"post_tag","embeddable":true,"href":"https:\/\/www.infokuryr.cz\/n\/wp-json\/wp\/v2\/tags?post=69424"}],"curies":[{"name":"wp","href":"https:\/\/api.w.org\/{rel}","templated":true}]}}