{"id":69400,"date":"2025-01-03T00:45:31","date_gmt":"2025-01-02T23:45:31","guid":{"rendered":"https:\/\/www.infokuryr.cz\/n\/?p=69400"},"modified":"2025-01-02T16:00:45","modified_gmt":"2025-01-02T15:00:45","slug":"behem-neonacistickeho-pochodu-na-ukrajine-byl-napaden-zidovsky-symbol","status":"publish","type":"post","link":"https:\/\/www.infokuryr.cz\/n\/2025\/01\/03\/behem-neonacistickeho-pochodu-na-ukrajine-byl-napaden-zidovsky-symbol\/","title":{"rendered":"B\u011bhem neonacistick\u00e9ho pochodu na Ukrajin\u011b byl napaden \u017eidovsk\u00fd symbol"},"content":{"rendered":"<div id=\"fb-root\"><\/div>\n<p><span style=\"font-size: 18pt;\"><strong>Menora ve Lvov\u011b byla po\u0161kozena, kdy\u017e ukrajin\u0161t\u00ed nacionalist\u00e9 slavili narozeniny nacistick\u00e9ho kolaboranta Stepana Bandery<\/strong><\/span><\/p>\n<p><span>Chanukov\u00e1 menora ve Lvov\u011b na Ukrajin\u011b byla vandalizov\u00e1na nezn\u00e1m\u00fdm pachatelem, kdy\u017e nacionalist\u00e9 slavili narozeniny nacistick\u00e9ho kolaboranta z druh\u00e9 sv\u011btov\u00e9 v\u00e1lky Stepana Bandery, uv\u00e1d\u00ed policie a video, kter\u00e9 koluje po soci\u00e1ln\u00edch s\u00edt\u00edch.<\/span><\/p>\n<p><span>K incidentu do\u0161lo v pond\u011bl\u00ed, p\u0159i\u010dem\u017e videoz\u00e1znam sd\u00edlen\u00fd ukrajinsk\u00fdmi m\u00e9dii zachycuje mu\u017ee, jak se bl\u00ed\u017e\u00ed k meno\u0159e, po\u0161kod\u00ed jej\u00ed nap\u00e1jec\u00ed kabel a pot\u00e9 z m\u00edsta prch\u00e1. V pozad\u00ed z\u00e1b\u011br\u016f je sly\u0161et sm\u00edch. Lvovsk\u00e1 policie \u010din potvrdila a uvedla, \u017ee\u00a0<\/span><em><span>\u201ed\u016fstojn\u00edci \u010dinn\u00ed v trestn\u00edm \u0159\u00edzen\u00ed, aby identifikovali pachatele a postavili ho p\u0159ed soud\u201c,<\/span><\/em><span>\u00a0p\u0159i\u010dem\u017e prob\u00edh\u00e1 trestn\u00ed vy\u0161et\u0159ov\u00e1n\u00ed.<\/span><\/p>\n<p><span>Menora, symbol Chanuky, byla minul\u00fd m\u011bs\u00edc instalov\u00e1na na ruin\u00e1ch synagogy Zlat\u00e1 r\u016f\u017ee, kter\u00e1 byla zni\u010dena nacisty po invazi do Sov\u011btsk\u00e9ho svazu v roce 1941. Menora p\u0159ipom\u00edn\u00e1 \u017eidovskou komunitu ve Lvov\u011b, kter\u00e1 se stala c\u00edlem genocidn\u00ed politiky Adolfa Hitlera po zah\u00e1jen\u00ed operace Barbarossa.<\/p>\n<p><\/span><\/p>\n<div style=\"width: 640px;\" class=\"wp-video\"><!--[if lt IE 9]><script>document.createElement('video');<\/script><![endif]-->\n<video class=\"wp-video-shortcode\" id=\"video-69400-1\" width=\"640\" height=\"360\" preload=\"metadata\" controls=\"controls\"><source type=\"video\/mp4\" src=\"http:\/\/www.infokuryr.cz\/n\/wp-content\/uploads\/2025\/01\/uk.mp4?_=1\" \/><a href=\"http:\/\/www.infokuryr.cz\/n\/wp-content\/uploads\/2025\/01\/uk.mp4\">http:\/\/www.infokuryr.cz\/n\/wp-content\/uploads\/2025\/01\/uk.mp4<\/a><\/video><\/div>\n<p>&nbsp;<\/p>\n<p><span>Podle archiv\u016f rusk\u00e9 Feder\u00e1ln\u00ed bezpe\u010dnostn\u00ed slu\u017eby bylo jen v l\u00e9t\u011b 1941 ve Lvov\u011b zabito nacisty a ukrajinsk\u00fdmi kolaboranty kolem 6000 \u017did\u016f. Celkov\u00fd po\u010det \u017eidovsk\u00fdch ob\u011bt\u00ed na Ukrajin\u011b b\u011bhem druh\u00e9 sv\u011btov\u00e9 v\u00e1lky se odhaduje na p\u0159ibli\u017en\u011b 1,5 milionu.<\/span><\/p>\n<p><span>Vandalsk\u00fd akt se shodoval se slavnostmi ve Lvov\u011b na oslavu Banderov\u00fdch narozenin, stovky lid\u00ed pochodovaly m\u011bstem, skandovaly nacionalistick\u00e1 hesla a nesly pochodn\u011b.<\/span><\/p>\n<p><span>Bandera byl nacistick\u00fd kolaborant b\u011bhem druh\u00e9 sv\u011btov\u00e9 v\u00e1lky. Jeho Organizace ukrajinsk\u00fdch nacionalist\u016f (OUN) byla zapletena do pogrom\u016f a masov\u00fdch vra\u017ed, v\u010detn\u011b smrti des\u00edtek tis\u00edc Rus\u016f, \u017did\u016f a Pol\u00e1k\u016f.<\/span><\/p>\n<p><span>Rusko opakovan\u011b vyj\u00e1d\u0159ilo obavy z o\u017eiven\u00ed neonacistick\u00e9 ideologie na Ukrajin\u011b a uvedlo, \u017ee denacifikace sousedn\u00ed zem\u011b je jedn\u00edm z kl\u00ed\u010dov\u00fdch c\u00edl\u016f vojensk\u00e9 operace proti Kyjevu.<\/span><\/p>\n<p><span>Rusk\u00fd prezident Vladimir Putin ozna\u010dil situaci s neonacistick\u00fdmi sympatizanty na Ukrajin\u011b za\u00a0<\/span><em><span>\u201enaprosto odpornou\u201c,<\/span><\/em><span>\u00a0p\u0159i\u010dem\u017e tvrd\u00ed, \u017ee Vladimir Zelenskij,\u00a0<\/span><em><span>\u201eetnick\u00fd \u017did\u201c,<\/span><\/em><span>\u00a0\u201e zakr\u00fdv\u00e1\u00a0<\/span><em><span>glorifikaci nacismu\u201c<\/span><\/em><span>\u00a0v zemi.<\/span><\/p>\n<p><img decoding=\"async\" loading=\"lazy\" class=\"alignnone size-full wp-image-1185\" src=\"http:\/\/www.infokuryr.cz\/n\/wp-content\/uploads\/2021\/04\/kuryr-podpis.png\" alt=\"\" width=\"84\" height=\"24\" \/><\/p>\n<p>&nbsp;<\/p>\n","protected":false},"excerpt":{"rendered":"<p>Menora ve Lvov\u011b byla po\u0161kozena, kdy\u017e ukrajin\u0161t\u00ed nacionalist\u00e9 slavili narozeniny nacistick\u00e9ho kolaboranta Stepana Bandery Chanukov\u00e1&#8230;<\/p>\n","protected":false},"author":2,"featured_media":69402,"comment_status":"closed","ping_status":"closed","sticky":false,"template":"","format":"standard","meta":[],"categories":[7],"tags":[664,26,889,92],"_links":{"self":[{"href":"https:\/\/www.infokuryr.cz\/n\/wp-json\/wp\/v2\/posts\/69400"}],"collection":[{"href":"https:\/\/www.infokuryr.cz\/n\/wp-json\/wp\/v2\/posts"}],"about":[{"href":"https:\/\/www.infokuryr.cz\/n\/wp-json\/wp\/v2\/types\/post"}],"author":[{"embeddable":true,"href":"https:\/\/www.infokuryr.cz\/n\/wp-json\/wp\/v2\/users\/2"}],"replies":[{"embeddable":true,"href":"https:\/\/www.infokuryr.cz\/n\/wp-json\/wp\/v2\/comments?post=69400"}],"version-history":[{"count":0,"href":"https:\/\/www.infokuryr.cz\/n\/wp-json\/wp\/v2\/posts\/69400\/revisions"}],"wp:featuredmedia":[{"embeddable":true,"href":"https:\/\/www.infokuryr.cz\/n\/wp-json\/wp\/v2\/media\/69402"}],"wp:attachment":[{"href":"https:\/\/www.infokuryr.cz\/n\/wp-json\/wp\/v2\/media?parent=69400"}],"wp:term":[{"taxonomy":"category","embeddable":true,"href":"https:\/\/www.infokuryr.cz\/n\/wp-json\/wp\/v2\/categories?post=69400"},{"taxonomy":"post_tag","embeddable":true,"href":"https:\/\/www.infokuryr.cz\/n\/wp-json\/wp\/v2\/tags?post=69400"}],"curies":[{"name":"wp","href":"https:\/\/api.w.org\/{rel}","templated":true}]}}