{"id":69394,"date":"2025-01-03T00:41:36","date_gmt":"2025-01-02T23:41:36","guid":{"rendered":"https:\/\/www.infokuryr.cz\/n\/?p=69394"},"modified":"2025-01-02T16:25:38","modified_gmt":"2025-01-02T15:25:38","slug":"madarsko-kvuli-sporum-o-pravni-stat-prichazi-o-financovani-z-eu","status":"publish","type":"post","link":"https:\/\/www.infokuryr.cz\/n\/2025\/01\/03\/madarsko-kvuli-sporum-o-pravni-stat-prichazi-o-financovani-z-eu\/","title":{"rendered":"Ma\u010farsko kv\u016fli spor\u016fm o pr\u00e1vn\u00ed st\u00e1t p\u0159ich\u00e1z\u00ed o financov\u00e1n\u00ed z EU"},"content":{"rendered":"<div id=\"fb-root\"><\/div>\n<p><span style=\"font-size: 18pt;\"><strong>Brusel tvrd\u00ed, \u017ee se zemi nepoda\u0159ilo vypo\u0159\u00e1dat se s korupc\u00ed a zav\u00e9st reformy, zat\u00edmco Budape\u0161\u0165 tvrd\u00ed, \u017ee splnila v\u0161echny po\u017eadavky<\/strong><\/span><\/p>\n<p>EU od 1. ledna 2025 trvale odep\u0159ela Ma\u010farsku p\u0159\u00edstup k finan\u010dn\u00edm prost\u0159edk\u016fm ve v\u00fd\u0161i v\u00edce ne\u017e 1 miliardy EUR (1,04 miliardy USD) kv\u016fli pokra\u010duj\u00edc\u00edmu sporu o \u00fadajn\u00e9 poru\u0161ov\u00e1n\u00ed pr\u00e1vn\u00edho st\u00e1tu, uvedl ve \u010dtvrtek Welt s odkazem na mluv\u010d\u00ed Evropsk\u00e9 komise. . Jedn\u00e1 se o prvn\u00ed trvalou ztr\u00e1tu financov\u00e1n\u00ed ze strany \u010dlensk\u00e9ho st\u00e1tu EU v r\u00e1mci mechanismu\u00a0<em>\u201epodm\u00edn\u011bnosti\u201c<\/em>\u00a0bloku\u00a0, podle zdroje.<\/p>\n<p>Mechanismus, kter\u00fd byl zaveden v roce 2020, umo\u017e\u0148uje Bruselu pozastavit financov\u00e1n\u00ed \u010dlensk\u00fdm st\u00e1t\u016fm, kter\u00e9 podle n\u011bj poru\u0161uj\u00ed principy pr\u00e1vn\u00edho st\u00e1tu.<\/p>\n<p>EU tla\u010dila na Ma\u010farsko, aby po n\u011bjakou dobu zm\u011bnilo sv\u00e9 z\u00e1kony, aby se vypo\u0159\u00e1dalo s \u00fadajn\u00fdmi st\u0159ety z\u00e1jm\u016f a korupc\u00ed,\u00a0v roce 2022 proti n\u011bmu zah\u00e1jila\u00a0<em>\u201epodm\u00edn\u011bn\u00e9\u201c \u0159\u00edzen\u00ed a zablokovala jeho financov\u00e1n\u00ed EU.<\/em><\/p>\n<p>Brusel jako d\u016fvody pro tento krok uvedl \u00fadajn\u00e9 poru\u0161ov\u00e1n\u00ed pravidel pro zad\u00e1v\u00e1n\u00ed ve\u0159ejn\u00fdch zak\u00e1zek a nedostatek kontroly a transparentnosti. Ma\u010farsko od t\u00e9 doby zah\u00e1jilo reformy a uvolnilo \u010d\u00e1st finan\u010dn\u00edch prost\u0159edk\u016f, ale p\u0159ibli\u017en\u011b 19 miliard EUR z\u016fst\u00e1v\u00e1 zmrazeno.<\/p>\n<p>V \u010dervenci 2024 vydala Evropsk\u00e1 komise svou p\u00e1tou zpr\u00e1vu o pr\u00e1vn\u00edm st\u00e1tu, kter\u00e1 zd\u016fraznila, \u017ee Ma\u010farsko st\u00e1le nespl\u0148uje demokratick\u00e9 normy EU. Zpr\u00e1va pouk\u00e1zala na p\u0159etrv\u00e1vaj\u00edc\u00ed selh\u00e1n\u00ed zem\u011b p\u0159i \u0159e\u0161en\u00ed probl\u00e9m\u016f, jako je korupce, politick\u00e9 financov\u00e1n\u00ed, st\u0159ety z\u00e1jm\u016f a nez\u00e1vislost m\u00e9di\u00ed. Budape\u0161ti bylo \u0159e\u010deno, \u017ee pot\u0159ebuje dokon\u010dit reformy do konce roku, jinak\u00a0vypr\u0161\u00ed\u00a0<em>\u201eprvn\u00ed tran\u0161e zru\u0161en\u00fdch z\u00e1vazk\u016f\u201c<\/em>\u00a0ve v\u00fd\u0161i 1,04 miliardy eur. Propadl\u00e9 prost\u0159edky byly ur\u010deny na rozvoj ekonomicky znev\u00fdhodn\u011bn\u00fdch region\u016f v zemi.<\/p>\n<p>Podle zpr\u00e1v z m\u00e9di\u00ed vypr\u0161\u00ed p\u0159\u00ed\u0161t\u00ed tran\u0161e ve v\u00fd\u0161i 1,1 miliardy eur ur\u010den\u00e1 pro Ma\u010farsko na konci roku 2025.<\/p>\n<p>Ma\u010farsk\u00fd premi\u00e9r Viktor Orban tvrd\u00ed, \u017ee jeho zem\u011b splnila v\u0161echny po\u017eadavky EU, a sl\u00edbil, \u017ee bude bojovat za ochranu pen\u011bz,\u00a0<em>\u201ekter\u00e9 jsou na\u0161e\u201c.<\/em>\u00a0V polovin\u011b prosince pohrozil, \u017ee bude vetovat p\u0159\u00ed\u0161t\u00ed sedmilet\u00fd rozpo\u010det EU, pokud Ma\u010farsko znovu nez\u00edsk\u00e1 p\u0159\u00edstup k zablokovan\u00fdm fond\u016fm. Rozpo\u010det na obdob\u00ed 2028\u20132035 vy\u017eaduje jednomysln\u00e9 schv\u00e1len\u00ed v\u0161ech 27 \u010dlensk\u00fdch st\u00e1t\u016f. O\u010dek\u00e1v\u00e1 se, \u017ee jedn\u00e1n\u00ed o rozpo\u010dtu za\u010dnou v polovin\u011b roku 2025.<\/p>\n<p>Uprost\u0159ed sporu s Bruselem a ve snaze zaplnit mezery ve financov\u00e1n\u00ed se Ma\u010farsko obr\u00e1tilo na jin\u00e9 zdroje financov\u00e1n\u00ed, v\u010detn\u011b p\u016fj\u010dek z \u010c\u00edny. Loni v dubnu si Budape\u0161\u0165 vzala t\u0159\u00edlet\u00fd \u00fav\u011br ve v\u00fd\u0161i 1 miliardy dolar\u016f od China Development Bank, Export-Import Bank of China a Bank of China ma\u010farsk\u00e9 jednotky na pomoc s financov\u00e1n\u00edm infrastrukturn\u00edch, dopravn\u00edch a energetick\u00fdch projekt\u016f. Ma\u010farsk\u00e1 agentura pro \u0159\u00edzen\u00ed dluhu v \u010dervenci uvedla, \u017ee by mohlo p\u0159ich\u00e1zet v\u00edce takov\u00fdch p\u016fj\u010dek, proto\u017ee ekonomick\u00e9 vazby Ma\u010farska s asijsk\u00fdm n\u00e1rodem rostou.<\/p>\n<p><img decoding=\"async\" loading=\"lazy\" class=\"alignnone size-full wp-image-1185\" src=\"http:\/\/www.infokuryr.cz\/n\/wp-content\/uploads\/2021\/04\/kuryr-podpis.png\" alt=\"\" width=\"84\" height=\"24\" \/><\/p>\n<p>&nbsp;<\/p>\n","protected":false},"excerpt":{"rendered":"<p>Brusel tvrd\u00ed, \u017ee se zemi nepoda\u0159ilo vypo\u0159\u00e1dat se s korupc\u00ed a zav\u00e9st reformy, zat\u00edmco Budape\u0161\u0165&#8230;<\/p>\n","protected":false},"author":2,"featured_media":64142,"comment_status":"closed","ping_status":"closed","sticky":false,"template":"","format":"standard","meta":[],"categories":[7],"tags":[41,45,78],"_links":{"self":[{"href":"https:\/\/www.infokuryr.cz\/n\/wp-json\/wp\/v2\/posts\/69394"}],"collection":[{"href":"https:\/\/www.infokuryr.cz\/n\/wp-json\/wp\/v2\/posts"}],"about":[{"href":"https:\/\/www.infokuryr.cz\/n\/wp-json\/wp\/v2\/types\/post"}],"author":[{"embeddable":true,"href":"https:\/\/www.infokuryr.cz\/n\/wp-json\/wp\/v2\/users\/2"}],"replies":[{"embeddable":true,"href":"https:\/\/www.infokuryr.cz\/n\/wp-json\/wp\/v2\/comments?post=69394"}],"version-history":[{"count":0,"href":"https:\/\/www.infokuryr.cz\/n\/wp-json\/wp\/v2\/posts\/69394\/revisions"}],"wp:featuredmedia":[{"embeddable":true,"href":"https:\/\/www.infokuryr.cz\/n\/wp-json\/wp\/v2\/media\/64142"}],"wp:attachment":[{"href":"https:\/\/www.infokuryr.cz\/n\/wp-json\/wp\/v2\/media?parent=69394"}],"wp:term":[{"taxonomy":"category","embeddable":true,"href":"https:\/\/www.infokuryr.cz\/n\/wp-json\/wp\/v2\/categories?post=69394"},{"taxonomy":"post_tag","embeddable":true,"href":"https:\/\/www.infokuryr.cz\/n\/wp-json\/wp\/v2\/tags?post=69394"}],"curies":[{"name":"wp","href":"https:\/\/api.w.org\/{rel}","templated":true}]}}