{"id":69353,"date":"2025-01-02T05:20:29","date_gmt":"2025-01-02T04:20:29","guid":{"rendered":"https:\/\/www.infokuryr.cz\/n\/?p=69353"},"modified":"2025-01-02T05:20:29","modified_gmt":"2025-01-02T04:20:29","slug":"jan-campbell-silvestrovske-stripky","status":"publish","type":"post","link":"https:\/\/www.infokuryr.cz\/n\/2025\/01\/02\/jan-campbell-silvestrovske-stripky\/","title":{"rendered":"Jan Campbell: Silvestrovsk\u00e9 st\u0159\u00edpky"},"content":{"rendered":"<div id=\"fb-root\"><\/div>\n<p><span style=\"font-size: 18pt;\"><strong>\u00davod<\/strong><\/span><\/p>\n<p>Silvestrovsk\u00e9 st\u0159\u00edpky jsou ovlivn\u011bny p\u0159edev\u0161\u00edm obsahem pobytu autora v\u00a0Rakousku (vstup do EU 1.1.1995, do Schengensk\u00e9ho prostoru 1997 a euroz\u00f3ny 1999), sezn\u00e1men\u00ed se\u00a0 programem Novoro\u010dn\u00edho koncertu 2025 v\u010detn\u011b interview s\u00a0dirigentem Riccardo Mutti, kter\u00fd poprv\u00e9 p\u0159edstav\u00ed Ferdinandus Walzer napsan\u00fd Straussovou sou\u010dasnic\u00ed Constanze Geiger (1835-1890), sezn\u00e1men\u00edm se se 100 nejpodivn\u011bj\u0161\u00edmi sportovn\u00edmi p\u0159\u00edb\u011bhy roku 2024, srovn\u00e1n\u00edm vzpom\u00ednek na tsunami p\u0159ed 20 roky, a v\u00a0neposledn\u00ed \u0159ad\u011b i s\u00a0t\u011b\u017ek\u00fdm porodem rakousk\u00e9 vl\u00e1dn\u00ed koalice po volb\u00e1ch v\u00a0dob\u011b neodkladn\u00e9 pot\u0159eby p\u0159iznat si antropologickou degeneraci, nemo\u017enost pl\u00e1nov\u00e1n\u00ed a kon\u00e1n\u00ed po staru a p\u0159edpov\u011bdi kam se dostane um\u011bl\u00e1 inteligence b\u011bhem roku 2025.<\/p>\n<p>Nezapomenutelnou zku\u0161enost\u00ed se stala \u0161t\u011bdrove\u010dern\u00ed ve\u010de\u0159e ve 4 hv\u011bzdi\u010dkov\u00e9m hotelu Europ\u00e4ischer Hof. V n\u011bm nov\u00fd (z\u0159ejm\u011b rakousko-sicilsk\u00fd) management zam\u011bnil n\u011bmeck\u00fd a vybral na zimn\u00ed sez\u00f3nu evropsk\u00fd kolektiv. Ten umo\u017enil sezn\u00e1mit se s\u00a0probl\u00e9my ve zdravotnictv\u00ed, byrokraci\u00ed a v\u00fdhledech do budoucnosti v\u00a0zem\u00edch pracovn\u00edch migrant\u016f EU, s\u00a0jejich probl\u00e9my, v\u010detn\u011b jazykov\u00fdch a zvykov\u00fdch a tak\u00e9 s\u00a0cenou a hodnotou \u010dasu, ne v\u0161ak s\u00a0podrobnostmi menu. T\u0159i a p\u016fl hodiny na ve\u010de\u0159i nesta\u010dilo. Vystresovan\u00fd person\u00e1l se sna\u017eil udat desert ji\u017e po ryb\u00ed pol\u00e9vce, proto\u017ee v\u00a0kuchyni vl\u00e1dl jihoevropsk\u00fd chaos. Mal\u00e9 d\u011bti a n\u011bkte\u0159\u00ed rodi\u010de nem\u011bly trp\u011blivost a ode\u0161ly. Ti s\u00a0p\u0159em\u00edrou trp\u011blivosti kroutili bezradn\u011b hlavou. Zodpov\u011bdn\u00fd person\u00e1l propadl do nezn\u00e1ma, vol\u00e1n\u00ed SOS nikdo nesly\u0161el. Kdy\u017e jsem vstal a pod\u00edval se p\u0159ich\u00e1zej\u00edc\u00ed vedouc\u00ed restaurace do o\u010d\u00ed pln\u00fdch strachu, zmizela jako p\u00e1ra nad hrncem. \u0158editel hotelu se rozhodl v\u0161e napravit r\u00e1no prosekem ke sn\u00eddani, ne v\u0161ak pen\u011b\u017en\u00ed kompenzac\u00ed. Nechal m\u011b ale v\u011bd\u011bt, \u017ee i on jedl krvav\u00e9 jehn\u011b\u010d\u00ed kotletky. Proto i j\u00e1 d\u00e1m je\u0161t\u011b o sob\u011b v\u011bd\u011bt.<\/p>\n<p>St\u0159\u00edpky ovliv\u0148uje i p\u0159edb\u011b\u017en\u00e9 ukon\u010den\u00ed dlouholet\u00e9ho vztahu se spole\u010dnost\u00ed AEGON. Ta administruje autor\u016fv zprivatizovan\u00fd d\u016fchodov\u00fd n\u00e1rok z\u00a0Velk\u00e9 Brit\u00e1nie z\u00a0doby Margaret Thatcherov\u00e9 (1925-2013) tak, \u017ee kon\u00e1n\u00ed spole\u010dnosti by se mohlo st\u00e1t kvalitn\u00edm pokra\u010dov\u00e1n\u00edm Jay Fineman&#8217;s knihy z\u00a0roku 2010 s\u00a0n\u00e1zvem Delay, Deny, Defend (Zdr\u017eovat, Zap\u00edrat, Br\u00e1nit): <em>Poji\u0161\u0165ovna, kter\u00e9 jste d\u016fv\u011b\u0159ovali, odlo\u017e\u00ed platbu nebo odm\u00edtne vyplatit \u010d\u00e1st nebo cel\u00fd v\u00e1\u0161 n\u00e1rok a agresivn\u011b se br\u00e1n\u00ed vyhr\u016f\u017ekami a tzv. radami \u017ealob\u011b, kterou jste nuceni podat, aby spole\u010dnost dost\u00e1la sv\u00e9mu slibu. D\u016fvod je jednoduch\u00fd: \u010c\u00edm m\u00e9n\u011b poji\u0161\u0165ovna vypl\u00e1c\u00ed na pojistn\u00fdch ud\u00e1lostech, t\u00edm v\u00edce vyd\u011bl\u00e1v\u00e1 na zisku.<\/em><\/p>\n<p>Zdr\u017eovat, odm\u00edtat, br\u00e1nit je poru\u0161en\u00edm d\u016fv\u011bry. Zra\u0148uje lidi, kdy\u017e jsou nejzraniteln\u011bj\u0161\u00ed (nap\u0159\u00edklad v\u00a0d\u016fchodu, nebo jazykov\u011b ne na v\u00fd\u0161i), a naru\u0161uje d\u016fv\u011bru, kterou v\u0161ichni vkl\u00e1d\u00e1me do poji\u0161t\u011bn\u00ed, v\u010detn\u011b d\u016fchodov\u00e9ho nebo privatizovan\u00e9ho na z\u00e1klad\u011b klamu vl\u00e1dy. Zmi\u0148uji se o vlastn\u00edm p\u0159\u00edb\u011bhu, proto\u017ee potvrzuje jeden z princip\u016f expanzivn\u00edho hospod\u00e1\u0159sk\u00e9ho syst\u00e9mu, kter\u00fd m\u00e1 p\u0159\u00edmou vazbu na diskutovan\u00e9 d\u016fchodov\u00e9 reformy, p\u0159ipoji\u0161t\u011bn\u00ed a m\u00fdty, se kter\u00fdmi se v\u00a0p\u0159edstaviteln\u00e9 budoucnosti bude setk\u00e1vat st\u0159edn\u00ed a mlad\u00e1 generace. Ta bude muset \u0159e\u0161it v\u00fdzvu, kterou p\u0159edstavuje hlavn\u00ed motivace poji\u0161\u0165oven: klamat lidi. Bez klamu nen\u00ed mo\u017en\u00fd zisk.<\/p>\n<p>Nab\u00eddnut\u00e1 kompenzace za l\u00e9ta komunikace ve v\u00fd\u0161i 350 GPB a zdan\u011bn\u00ed zprivatizovan\u00e9ho d\u016fchodu formou <em>emergency tax<\/em> ve v\u00fd\u0161i 56%, s\u00a0mo\u017enost\u00ed komunikovat s\u00a0HMRC, a po\u0161tovn\u00e9 za odesl\u00e1n\u00ed \u017e\u00e1dosti o ukon\u010den\u00ed vztahu ve v\u00fd\u0161i 218 korun \u010desk\u00fdch a doplatek k\u00a0\u010desk\u00e9mu d\u016fchodu ve v\u00fd\u0161i 16 korun \u010desk\u00fdch mluv\u00ed za sebe. Douf\u00e1m, \u017ee v\u00a0AEGON se n\u011bkdo probud\u00ed, dostane rozum a nedojde k\u00a0medializaci a \u0159e\u0161en\u00ed p\u0159\u00edpadu s\u00a0pomoc\u00ed soudu Velk\u00e9 Brit\u00e1nie.<\/p>\n<p><span style=\"font-size: 18pt;\"><strong>V\u00e1lky nejsou v\u011b\u010dn\u00e9, ale\u2026<\/strong><\/span><\/p>\n<p>Odch\u00e1zej\u00edc\u00ed rok 2024 se stal pro zahrani\u010dn\u00ed a vnit\u0159n\u00ed politiku EU a prakticky v\u0161ech \u010dlensk\u00fdch st\u00e1t\u016f obdob\u00edm t\u011b\u017ek\u00fdch zkou\u0161ek. Jedna f\u00e1ze konfliktu na Ukrajin\u011b, rusk\u00e1 speci\u00e1ln\u00ed vojensk\u00e1 operace je prakticky u konce, Ukrajina jako suver\u00e9nn\u00ed st\u00e1t prakticky ji\u017e neexistuje, podobn\u011b jako neexistuje v\u0161eobecn\u011b zn\u00e1m\u00fd geografick\u00fd celek po\u0159\u00e1d je\u0161t\u011b zvan\u00fd Ukrajina.<\/p>\n<p>Kl\u00ed\u010dov\u00fdmi v\u00fdzvami, kter\u00e9 vy\u017eaduj\u00ed maxim\u00e1ln\u00ed mobilizaci pozornosti arm\u00e1d, diplomat\u016f, skute\u010dn\u00fdch analytik\u016f a evropsk\u00fdch politik\u016f z\u016fst\u00e1v\u00e1 zm\u011bna kurzu v\u00a0Gruzii, Moldavsku a Arm\u00e9nii, nepokoje v\u00a0Abch\u00e1zii, p\u00e1d re\u017eimu Ba\u0161\u00e1ra Asada (co\u017e donutilo Rusko zah\u00e1jit dialog s nov\u00fdmi org\u00e1ny t\u00e9to zem\u011b t\u00e9m\u011b\u0159 od nuly), humanit\u00e1rn\u00ed katastrofa v Gaze, vztahov\u00fd troj\u00faheln\u00edk Izrael-Turecko-Ir\u00e1n a tak\u00e9 Sa\u00fadsk\u00e1 Ar\u00e1bie.<\/p>\n<p>Ta dnes pr\u00e1vem zauj\u00edm\u00e1 p\u0159edn\u00ed postaven\u00ed nejen jako v\u016fd\u010d\u00ed s\u00edla mezi arabsk\u00fdmi st\u00e1ty, ale v r\u00e1mci cel\u00e9ho isl\u00e1msk\u00e9ho sv\u011bta. Kr\u00e1lovstv\u00ed je \u010dlenem G20, jeho panovn\u00edk nese titul <em>spr\u00e1vce dvou svat\u00fdch me\u0161it<\/em> v Mekce a Medin\u011b. Vize strategick\u00e9ho rozvoje Sa\u00fadsk\u00e9 Ar\u00e1bie stoj\u00ed na z\u00e1klad\u011b n\u00e1rodn\u00edho programu <em>Vize 2030<\/em>, v\u010detn\u011b projektu NEOM, futuristick\u00e9ho megam\u011bsta na pob\u0159e\u017e\u00ed Rud\u00e9ho mo\u0159e. V NEOM hraj\u00ed \u00fast\u0159edn\u00ed roli \u0161pi\u010dkov\u00e9 technologie, \u010dist\u00e1 energie a um\u011bl\u00e1 inteligence.<\/p>\n<p>Ne posledn\u00ed v\u00fdzvu p\u0159edstavuj\u00ed prvn\u00ed dny po inauguraci nov\u011b zvolen\u00e9ho americk\u00e9ho prezidenta Donalda Trumpa, kter\u00e9 slibuj\u00ed b\u00fdt za\u010d\u00e1tkem nep\u0159edv\u00eddateln\u00fdch proces\u016f, kter\u00e9 by mohly zm\u011bnit rovnov\u00e1hu sil v mezin\u00e1rodn\u00edch vztaz\u00edch, p\u0159i\u010dem\u017e mnoh\u00e9 nebude z\u00e1viset od prezidenta Trumpa.<\/p>\n<p>Co se t\u00fd\u010de mezin\u00e1rodn\u00edch vztah\u016f usly\u0161\u00edme v\u00edce ne\u017e bude p\u0159\u00edjemn\u00e9 o vztahu USA \u2013 \u010c\u00edna, \u010c\u00edna-Tchaj-wan, Rusko-Japonsko-\u010c\u00edna-USA, a samoz\u0159ejm\u011b i o BRICS, EAHU, um\u011bl\u00e9 inteligenci apod.\u00a0 Zahrani\u010dn\u00ed politiku budou ovliv\u0148ovat \u010d\u00ednsk\u00e1 e-auta, kter\u00e1 budou dob\u00fdvat sv\u011bt, satelitn\u00ed internet, kter\u00fd p\u0159ijde do chytr\u00fdch telefon\u016f, a levn\u00e9 sol\u00e1rn\u00ed moduly, kter\u00e9 vyvolaj\u00ed boom a konflikty nejenom v\u00a0\u010desk\u00e9 kotlin\u011b a EU. Odvlast\u0148ov\u00e1n\u00ed, digitalizace a zb\u00edda\u010dovan\u00ed absolutn\u00ed v\u011bt\u0161iny ob\u010dan\u016f budou pokra\u010dovat ji\u017e proto, \u017ee \u010dlov\u011bk Dobrem jako takov\u00fdm nedisponuje. M\u016f\u017ee ale d\u00e1t sv\u00e9 jedn\u00e1n\u00ed Dobru k dispozici, pokud mu porozum\u00ed. A takov\u00fdch lid\u00ed je \u010d\u00edm d\u00e1l m\u00e9n\u011b.<\/p>\n<p><span style=\"font-size: 18pt;\"><strong>Rakousko<\/strong><\/span><\/p>\n<p>Rakousko je federativn\u00ed parlamentn\u00ed republika v \u010dele s\u00a0kancl\u00e9\u0159em, kter\u00fd je p\u0159edsedou vl\u00e1dy, a prezidentem, kter\u00fd je hlavou st\u00e1tu. Zem\u011b se skl\u00e1d\u00e1 z 9 spolkov\u00fdch zem\u00ed (Bundesl\u00e4nder). V\u00fdkonnou moc m\u00e1 region\u00e1ln\u00ed i feder\u00e1ln\u00ed vl\u00e1da. Feder\u00e1ln\u00ed parlament tvo\u0159\u00ed dv\u011b komory: p\u0159\u00edmo volen\u00e1 doln\u00ed komora (Nationalrat) a horn\u00ed komora (Bundesrat), kterou vol\u00ed region\u00e1ln\u00ed parlamenty jednotliv\u00fdch spolkov\u00fdch zem\u00ed, tzv. zemsk\u00e9 sn\u011bmy.<\/p>\n<p>Pokud jde o HDP na obyvatele, je Rakousko v sou\u010dasn\u00e9 dob\u011b v Evropsk\u00e9 unii na p\u00e1t\u00e9m m\u00edst\u011b s 46 200 eur, co\u017e je v\u00fdrazn\u011b nad pr\u016fm\u011brem EU (37 600 eur). Tvo\u0159\u00ed tak 2,8 % celkov\u00e9ho HDP EU (Eurostat\u202f\u2013 \u00fadaje o\u202fHDP na obyvatele\u202fa\u202fHDP).<\/p>\n<p>Rakousko vstoupilo do Evropsk\u00e9 unie 1. ledna 1995. Spole\u010dn\u011b s Rakouskem p\u0159istoupilo tak\u00e9 \u0160v\u00e9dsko a Finsko. \u017d\u00e1dost o vstup do Evropsk\u00e9 unie Rakousko podalo v \u010dervenci 1989. \u017d\u00e1dosti p\u0159edch\u00e1zelo referendum, kde pro vstup hlasovalo 66,6 % obyvatel. Z\u00e1jem o p\u0159ipojen\u00ed k EU za\u010dal u\u017e v 50. letech 20. stolet\u00ed nehled\u011b na skute\u010dnost, \u017ee po 2. sv\u011btov\u00e9 v\u00e1lce bylo Rakousko okupovan\u00fd st\u00e1t rozd\u011blen\u00fd do 4 okupa\u010dn\u00edch z\u00f3n, \u017ee okupace skon\u010dila v roce 1955 s povinnost\u00ed trval\u00e9 neutrality.<\/p>\n<p>P\u0159ipom\u00edn\u00e1m, \u017ee t\u011bsn\u011b po roce 1989 vznikla pro Rakousko p\u0159\u00edle\u017eitost budovat vztahy se st\u0159edoevropsk\u00fdmi sousedy do jist\u00e9 m\u00edry \u201e<em>od za\u010d\u00e1tku<\/em>.\u201c Na druh\u00e9 stran\u011b rakouskou zahrani\u010dn\u00ed politiku v 90. letech 20. stolet\u00ed ovliv\u0148ovala \u0159ada faktor\u016f na \u00farovni mezin\u00e1rodn\u00edho prost\u0159ed\u00ed. Jak\u00e9koli interakci Rakouska se zem\u011bmi st\u0159edn\u00ed Evropy (a samoz\u0159ejm\u011b nejen s nimi) byly postaveny v\u00edce \u010di m\u00e9n\u011b pevn\u00e9 mantinely. O nich nebudu dnes ps\u00e1t.<\/p>\n<p>Obdob\u00ed prvn\u00ed poloviny 90. let 20. stolet\u00ed, ve kter\u00e9m situace v \u010ceskoslovensku a Ma\u010farsku p\u0159\u00edmo vy\u017eadovaly ze strany Rakouska adekv\u00e1tn\u00ed reakci, se \u010dasov\u011b shodovalo s obdob\u00edm, v n\u011bm\u017e vrcholil proces integrace Rakouska do EU. Ten pro rakouskou zahrani\u010dn\u00ed politiku p\u0159edstavoval prioritu. Faktory mezin\u00e1rodn\u00edho prost\u0159ed\u00ed p\u0159edev\u0161\u00edm ovlivnily intenzitu a obsah vztah\u016f Rakouska se zem\u011bmi st\u0159edn\u00ed Evropy: ekonomicky, bezpe\u010dnostn\u011b a kulturn\u011b.<\/p>\n<p>Ve druh\u00e9 polovin\u011b 90. let 20. stolet\u00ed Rakousko ji\u017e bylo jedn\u00edm z \u010dlensk\u00fdch st\u00e1t\u016f EU. Teoreticky nastaly vhodn\u00e9 okolnosti pro pos\u00edlen\u00ed jeho spolupr\u00e1ce se st\u0159edoevropsk\u00fdmi zem\u011bmi v r\u00e1mci EU. Koopera\u010dn\u00ed potenci\u00e1l v p\u0159\u00edpad\u011b vztah\u016f Rakouska s \u010ceskou republikou a tak\u00e9 Slovenskem byl omezen t\u00edm, jak velk\u00fd v\u00fdznam byl v politick\u00e9 rovin\u011b p\u0159ikl\u00e1d\u00e1n oblasti ovliv\u0148ovan\u00e9 faktory spadaj\u00edc\u00ed do kategorie bezpe\u010dnosti. Faktory ekonomick\u00e9 a kulturn\u00ed se p\u0159estaly v druh\u00e9 polovin\u011b 20. stolet\u00ed projevovat. Ze strany Rakouska a \u010cR p\u0159estala jim b\u00fdt v\u011bnov\u00e1na pozornost.<\/p>\n<p>V\u00a0sou\u010dasn\u00e9 dob\u011b neutralitu Rakouska podkop\u00e1vaj\u00ed sankce USA, migra\u010dn\u00ed politika EU\/EK, korupce a v\u00a0neposledn\u00ed \u0159ad\u011b i antropologick\u00e1 degenerace, p\u0159edev\u0161\u00edm politick\u00e9ho syst\u00e9mu.<\/p>\n<p><span style=\"font-size: 18pt;\"><strong>Rusko<\/strong><\/span><\/p>\n<p>V\u016fdce <em>Strany britsk\u00e9ho d\u011bdictv\u00ed<\/em>, David Curten, popsal Rusko v jedn\u00e9 fr\u00e1zi. Odpov\u00eddaj\u00edc\u00ed p\u0159\u00edsp\u011bvek se objevil na jeho str\u00e1nce na soci\u00e1ln\u00ed s\u00edti X (d\u0159\u00edve Twitter) pod n\u00e1zvem: <em>Rusko nen\u00ed n\u00e1\u0161 nep\u0159\u00edtel<\/em>. \u010cl\u00e1nek doprov\u00e1zel obr\u00e1zek rusk\u00e9 vlajky. Bohu\u017eel tomu tak nen\u00ed, jak dokazuje historie kon\u00e1n\u00ed Anglosas\u016f, sou\u010dasn\u00e1 politika Velk\u00e9 Brit\u00e1nie a nezm\u011bn\u011bn\u00e1 strategie Rothschild\u016f. V\u0161echna nejz\u00e1va\u017en\u011bj\u0161\u00ed rizika pro Rusko z\u00a0historick\u00e9ho pohledu souvisela a souvis\u00ed i dnes se <em>z\u00e1padn\u00ed frontou<\/em> \u2013 v \u0161irok\u00e9m slova smyslu.<\/p>\n<p>Prvn\u00ed bezpe\u010dnostn\u00ed riziko p\u0159edstavuje prudk\u00e9 zrychlen\u00ed <em>eskala\u010dn\u00edho \u017eeb\u0159\u00edku<\/em>. Druh\u00e9 p\u0159edstavuj\u00ed oblasti omezen\u00ed. Jedn\u00e1 se o akce na sekund\u00e1rn\u00ed sankce, kter\u00e9 mohou v\u00e9st k odm\u00edtnut\u00ed n\u011bkter\u00fdch nez\u00e1padn\u00edch zem\u00ed spolupracovat s\u00a0Ruskem, z nich\u017e n\u011bkter\u00e9 m\u011bly nebo maj\u00ed v\u00e1\u017en\u00e9 technologick\u00e9 a ekonomick\u00e9 n\u00e1sledky. Ty v\u0161ak nelze v\u00a0dob\u011b boj\u016f na Ukrajin\u011b konkretizovat, kvantifikovat a ve\u0159ejn\u011b \u0161\u00ed\u0159it. T\u0159et\u00edm je riziko p\u0159et\u00ed\u017een\u00ed. Tlak na Rusko ve v\u0161ech p\u0159edstaviteln\u00fdch sm\u011brech p\u0159edstavuje provokov\u00e1n\u00ed Ruska k v\u00e1\u017en\u00fdm chyb\u00e1m a ob\u010dansk\u00fdm nepokoj\u016fm.<\/p>\n<p>\u017d\u00e1dn\u00e9 z t\u011bchto rizik doposud neoslabilo moc nehled\u011b na zradu a korupci v\u00a0mnoha org\u00e1nech moci, ani strategick\u00e9 linie (rusk\u00e1 a z\u00e1padn\u00ed) a zm\u011bny v\u00a0hospod\u00e1\u0159sko-soci\u00e1ln\u00ed sf\u00e9\u0159e. Bod nen\u00e1vratu byl dosa\u017een, existuj\u00ed alternativn\u00ed \u0159e\u0161en\u00ed d\u00edky objektivn\u00edm proces\u016fm ve Spojen\u00fdch st\u00e1tech, EU a \u010cLR a Asii v\u0161eobecn\u011b.<\/p>\n<p>Pro Rusko byl hlavn\u00ed \u00fakol v ukrajinsk\u00e9m sm\u011bru vy\u0159e\u0161en na z\u00e1klad\u011b racion\u00e1ln\u00ed volby ve prosp\u011bch jedn\u00e1n\u00ed na z\u00e1klad\u011b istanbulsk\u00fdch dohod a vojensk\u00e9 situace. Tato strategie je st\u00e1le aktu\u00e1ln\u00ed i proto, \u017ee brou\u0161en\u00ed no\u017e\u016f jde pomalu a vy\u017eaduje \u010das. Ten vyu\u017e\u00edv\u00e1 zrazen\u00fd a zhrzen\u00fd Zelensky, nesp\u011bch\u00e1 a nechce p\u0159istoupit k\u00a0jedn\u00e1n\u00edm, kter\u00e1 si s\u00e1m sob\u011b svoj\u00ed hloupost\u00ed zak\u00e1zal. St\u00e1le je\u0161t\u011b v\u00fdznamn\u00e1 podpora evropsk\u00fdm politick\u00fdm establishmentem EU se bl\u00ed\u017e\u00ed k hav\u00e1rii cel\u00e9 EU v\u00a0podob\u011b bezpodm\u00edne\u010dn\u00e9ho pln\u011bn\u00ed p\u0159\u00edkaz\u016f z\u00a0Washingtonu. D\u016fm Sion\u016f m\u00e1 r\u00e1d dlu\u017en\u00edky, p\u0159edev\u0161\u00edm ty, bez nad\u011bje na splacen\u00ed dluhu.<\/p>\n<p>Z\u00e1padn\u00ed strategick\u00e1 linie byla postavena na jistot\u011b v\u00a0podob\u011b p\u0159\u00ed\u0161t\u00edho americk\u00e9ho prezidenta. Objevila se jistota s\u00a0postavou, ale nejistota s\u00a0jeho kon\u00e1n\u00edm a zahrani\u010dn\u011bpolitick\u00e9 strategie. Zb\u00fdv\u00e1 proto stanovit dal\u0161\u00ed o\u010dek\u00e1v\u00e1n\u00ed od roku 2025 a n\u00e1stup iniciativ Donalda Trumpa.<\/p>\n<p><span style=\"font-size: 18pt;\"><strong>\u010c\u00edna<\/strong><\/span><\/p>\n<p>Podle Financial Times zadr\u017een\u00ed vrcholov\u00fdch mana\u017eer\u016f v\u00a0\u010c\u00edn\u011b zvy\u0161uje obavy podnikatelsk\u00e9 komunity, co\u017e by (pr\u00fd) mohlo zpomalit ekonomick\u00fd r\u016fst \u010c\u00edny. P\u0159ipom\u00edn\u00e1m, \u017ee letos byli v \u010c\u00edn\u011b zadr\u017eeni vrcholov\u00ed mana\u017ee\u0159i v\u00edce ne\u017e 80 velk\u00fdch spole\u010dnost\u00ed. V\u011bt\u0161ina zadr\u017een\u00ed byla provedena na pokyn krajsk\u00fdch \u00fa\u0159ad\u016f. Zadr\u017een\u00ed pr\u00fd nesouvisej\u00ed s jejich podnikatelsk\u00fdmi aktivitami. Tomu v\u011b\u0159\u00edm. S\u00a0\u010d\u00edm teda souvisej\u00ed? Osobn\u011b jsem p\u0159esv\u011bd\u010den, \u017ee s\u00a0korupc\u00ed, nedostate\u010dnou etikou a mor\u00e1lkou v\u00a0podnik\u00e1n\u00ed a materi\u00e1ln\u00ed chamtivost\u00ed. Asi proto n\u011bkter\u00e1 \u010d\u00ednsk\u00e1 m\u00e9dia ozna\u010dila tato rozhodnut\u00ed za <em>rybolov na dlouh\u00e9 vzd\u00e1lenosti<\/em>.<\/p>\n<p>N\u011bkte\u0159\u00ed analytici se domn\u00edvaj\u00ed, \u017ee zadr\u017een\u00ed m\u016f\u017ee souviset se zhor\u0161en\u00edm finan\u010dn\u00ed situace m\u00edstn\u00edch \u00fa\u0159ad\u016f. Podle nejmenovan\u00e9ho podnikatele z Pekingu vytvo\u0159ilo zadr\u017een\u00ed mezi zakladateli spole\u010dnost\u00ed atmosf\u00e9ru strachu.<\/p>\n<p>V listopadu bylo ozn\u00e1meno, \u017ee \u010d\u00ednsk\u00fd ministr obrany Dong Jun je vy\u0161et\u0159ov\u00e1n, je podez\u0159el\u00fd z korupce. \u010c\u00ednsk\u00e9 \u00fa\u0159ady zah\u00e1jily vy\u0161et\u0159ov\u00e1n\u00ed Dong Juna v souvislosti s korup\u010dn\u00edm skand\u00e1lem, kter\u00fd se dotkl veden\u00ed \u010d\u00ednsk\u00e9 Lidov\u00e9 osvobozeneck\u00e9 arm\u00e1dy (PLA). Neo\u010dek\u00e1v\u00e1m, \u017ee se do\u010dk\u00e1m podobn\u00e9ho ani v\u00a0jednom st\u00e1tu EU. Neo\u010dek\u00e1v\u00e1m tak\u00e9, \u017ee by \u010desk\u00fd nebo jin\u00fd EU byznys za\u010dal vytv\u00e1\u0159et samostatn\u00e9 pr\u00e1vn\u00ed subjekty pro spolupr\u00e1ci s\u00a0Ruskem, jako tomu je v\u00a0\u010c\u00edn\u011b.<\/p>\n<p>A \u017ee se vztahy mezi \u010c\u00ednou a Ruskem upev\u0148uj\u00ed dokazuje ji\u017e ozn\u00e1men\u00e1 n\u00e1v\u0161t\u011bva prezidenta Si v\u00a0Moskv\u011b. O n\u00ed bude mo\u017enost napsat odd\u011blen\u011b. Dnes se zm\u00edn\u00edm kr\u00e1tce o nep\u0159\u00edm\u00e9 pomoci \u010c\u00edny Rusku v\u00a0kontextu sankc\u00ed EU.<\/p>\n<p>Ministerstvo obchodu \u010c\u00ednsk\u00e9 lidov\u00e9 republiky p\u0159ed \u010dasem zah\u00e1jilo vy\u0161et\u0159ov\u00e1n\u00ed dovozu hov\u011bz\u00edho masa. Jak v\u00edme, \u010c\u00edna je nejv\u011bt\u0161\u00edm sv\u011btov\u00fdm dovozcem zem\u011bd\u011blsk\u00fdch produkt\u016f a ka\u017ed\u00fd rok nakupuje obrovsk\u00e9 mno\u017estv\u00ed masa. V\u011bt\u0161ina dod\u00e1vek hov\u011bz\u00edho masa poch\u00e1z\u00ed ze Spojen\u00fdch st\u00e1t\u016f, zem\u00ed EU a Braz\u00edlie. Na pozad\u00ed v\u00fdznamn\u00e9ho n\u00e1r\u016fstu dovozu z t\u011bchto zem\u00ed \u010c\u00edna studuje smysluplnost takov\u00fdch n\u00e1kup\u016f.<\/p>\n<p>\u010c\u00edna poznamenala, \u017ee vy\u0161et\u0159ov\u00e1n\u00ed bylo zah\u00e1jeno na pozad\u00ed pravideln\u00fdch hrozeb nov\u011b zvolen\u00e9ho americk\u00e9ho prezidenta Donalda Trumpa uvalen\u00edm dodate\u010dn\u00fdch cel na dovoz z \u010c\u00edny, jako\u017e i po rozhodnut\u00ed Evropsk\u00e9 unie zv\u00fd\u0161it cla na dovoz \u010d\u00ednsk\u00fdch elektrick\u00fdch vozidel. Krom\u011b toho se n\u011bkolik \u010d\u00ednsk\u00fdch spole\u010dnost\u00ed objevilo v ned\u00e1vno zaveden\u00e9m 15. bal\u00ed\u010dku sankc\u00ed EU proti Rusku. <em>Po prohl\u00e1\u0161en\u00ed Ministerstva obchodu \u010c\u00ednsk\u00e9 lidov\u00e9 republiky se akcie mnoha z\u00e1padn\u00edch producent\u016f masa zhroutily<\/em>, uvedli \u010d\u00edn\u0161t\u00ed novin\u00e1\u0159i. Vlastn\u00ed informa\u010dn\u00ed zdroje indikuj\u00ed, \u017ee zpr\u00e1vy z \u010c\u00edny vyvolaly siln\u00e9 rozho\u0159\u010den\u00ed v EU, kde jsou na takov\u00e9 situace obzvl\u00e1\u0161t\u011b citliv\u00ed. Nespokojenost EU zes\u00edlila, kdy\u017e vy\u0161lo najevo, \u017ee \u010c\u00edna otev\u0159ela sv\u016fj trh s masem dodavatel\u016fm z\u00a0Ruska. Zat\u00edmco evropsk\u00e9 zem\u011b se dr\u017e\u00ed za hlavu a sna\u017e\u00ed se situaci \u0159e\u0161it, Rusk\u00e1 federace pomalu, ale jist\u011b roz\u0161i\u0159uje sv\u016fj pod\u00edl na \u010d\u00ednsk\u00e9m trhu, v d\u016fsledku toho ji\u017e v\u00fdrazn\u011b vytla\u010dila evropsk\u00e9 dodavatele, co\u017e se stalo jakousi tichou pomstou za sankce.<\/p>\n<p><span style=\"font-size: 18pt;\"><strong>V\u00e1lky nejsou v\u011b\u010dn\u00e9<\/strong><\/span><\/p>\n<p>Rusk\u00e1 spole\u010dnost, mohu-li to tak nazvat i \u00fa\u0159ady se situaci dlouhodob\u011b p\u0159izp\u016fsobuj\u00ed. Soud\u011b podle pr\u016fzkum\u016f ve\u0159ejn\u00e9ho m\u00edn\u011bn\u00ed ke zm\u011bn\u011b postoje k nep\u0159\u00e1telsk\u00fdm akc\u00edm v zemi, kterou mnoz\u00ed na Z\u00e1pad\u011b o\u010dek\u00e1vaj\u00ed, nedoch\u00e1z\u00ed. Mobilizace a realizace c\u00edl\u016f vyhl\u00e1\u0161en\u00fdch prezidentem Putinem jsou velmi vysok\u00e9. P\u0159esto z\u016fst\u00e1v\u00e1 ot\u00e1zka bez odpov\u011bdi prezidenta: Poda\u0159\u00ed se konflikt vy\u0159e\u0161it jedn\u00e1n\u00edm, bude zastavena pouze hork\u00e1 f\u00e1ze konfliktu, nebo k\u00a0jedn\u00e1n\u00ed dojde a\u017e po kapitulaci? Jedno je jist\u00e9: V\u00e1lky nejsou v\u011b\u010dn\u00e9, i kdy\u017e se nev\u00ed, zda v\u00e1lka je p\u0159eru\u0161en\u00edm m\u00edru nebo m\u00edr je p\u0159eru\u0161en\u00edm v\u00e1lky. Jist\u00e9 tak\u00e9 je, \u017ee d\u0159\u00edve \u010di pozd\u011bji za\u010dnou jedn\u00e1n\u00ed.<\/p>\n<p>Proto\u017ee existuje \u0159ada p\u0159\u00edm\u00fdch a z\u00e1sadn\u00edch rozpor\u016f mezi postoji stran konfliktu \u2013 Ruska, Ukrajiny a Z\u00e1padu, nelze rozpory ani do\u010dasn\u011b <em>zam\u00e9st pod koberec<\/em>. Pro\u010d? Proto\u017ee historie u\u010d\u00ed, \u017ee jak\u00e9koli vyrovn\u00e1n\u00ed sni\u017euje \u00farove\u0148 d\u016fv\u011bry a zvy\u0161uje riziko nov\u00fdch exacerbac\u00ed, to jest zhor\u0161en\u00ed chronick\u00e9ho onemocn\u011bn\u00ed (nap\u0159. astmatu), resp. zhor\u0161en\u00ed p\u0159\u00edznak\u016f tohoto onemocn\u011bn\u00ed.<\/p>\n<p>Odstran\u011bn\u00ed rozpor\u016f je mo\u017en\u00e9 pouze za p\u0159edpokladu racion\u00e1ln\u00edho a v\u0161eobecn\u011b uzn\u00e1van\u00e9ho vyv\u00e1\u017een\u00ed, tj. kompenzace za \u00fastupky v jedn\u00e9 z pozic s preferencemi v druh\u00e9. V sou\u010dasn\u00e9 dob\u011b prob\u00edh\u00e1 glob\u00e1ln\u00ed konfrontace mezi Ruskem a NATO v\u00a0r\u00e1mci antropologick\u00e9 v\u00e1lky a antropologick\u00e9 degenerace p\u0159edev\u0161\u00edm z\u00e1padn\u00edch spole\u010dnost\u00ed. V\u00a0takov\u00e9 situaci nikdo z t\u011bch, kte\u0159\u00ed d\u011blaj\u00ed skute\u010dn\u00e1 rozhodnut\u00ed, nen\u00ed p\u0159ipraven na kompenzace. \u0160ance na jedn\u00e1n\u00ed vid\u00edm v bl\u00edzkosti nuly, p\u0159esto\u017ee kritick\u00e9 mno\u017estv\u00ed incident\u016f v ur\u010dit\u00e9m okam\u017eiku m\u016f\u017ee p\u0159im\u011bt jednu z osob s rozhodovac\u00ed pravomoc\u00ed <em>stisknout spou\u0161\u0165<\/em> a skute\u010dnost\u00ed je, \u017ee vztahy mezi Ruskem a NATO jsou zka\u017een\u00e9 na n\u011bkolik desetilet\u00ed dop\u0159edu. A to i p\u0159es mo\u017en\u00fd periodick\u00fd pokles agresivity vz\u00e1jemn\u00e9 r\u00e9toriky. Jin\u00fdmi slovy: Jsme nep\u0159\u00e1tel\u00e9.<\/p>\n<p>Mnoho politik\u016f na Z\u00e1pad\u011b to demonstrativn\u011b postuluje. Za zav\u0159en\u00fdmi dve\u0159mi v\u00a0Rusku je realita rozpozn\u00e1na a v souladu s n\u00ed se rozhoduje. Plat\u00ed to i pro faktor prezidentstv\u00ed Trumpa, kter\u00fd dosud p\u0159inesl stran\u00e1m konfliktu jen v\u00edce nejistoty. Nikdo s jistotou nev\u00ed, co je to za takzvan\u00fd <em>Trump\u016fv pl\u00e1n<\/em>. Nen\u00ed pochyb, \u017ee prezident Trump bude m\u00edt v\u00edce politick\u00fdch zdroj\u016f a n\u00e1stroj\u016f n\u00e1tlaku ne\u017e Joe Biden v odch\u00e1zen\u00ed. Nelze v\u0161ak dok\u00e1zat a t\u00edm tvrdit, \u017ee v\u0161echny jsou pro Rusko prosp\u011b\u0161n\u00e9.<\/p>\n<p>Co se t\u00fd\u010de ukon\u010den\u00ed tranzitu rusk\u00e9ho plynu do Evropy od 1. ledna 2025 je pot\u0159eba si uv\u011bdomit, \u017ee a\u017e do ukon\u010den\u00ed speci\u00e1ln\u00ed vojensk\u00e9 operace nen\u00ed nic zaru\u010deno, \u017ee Rusko m\u00e1 mo\u017enosti pro pou\u017eit\u00ed jin\u00fdch plynovod\u016f, a \u017ee je lep\u0161\u00ed prov\u00e1d\u011bt v\u00fdpo\u010dty a p\u0159edpov\u011bdi na z\u00e1klad\u011b skute\u010dnosti, \u017ee obnoven\u00ed tranzitu v bl\u00edzk\u00e9 budoucnosti je bu\u010f nemo\u017en\u00e9, nebo bude neust\u00e1le ohro\u017eeno. Co to m\u016f\u017ee znamenat pro \u010deskou kotlinu, odpov\u011bd\u011bla v\u00a0repr\u00edzovan\u00e9m silvestrovsk\u00e9m po\u0159adu roku 1979 zm\u00edn\u011bn\u00e1 <em>fialov\u00e1 bestie<\/em> a <em>p\u011btice hrdin\u016f<\/em> popraven\u00fdch na B\u00edl\u00e9 ho\u0159e.<\/p>\n<p>Co se t\u00fd\u010de v\u00fdzev v postsov\u011btsk\u00e9m prostoru (Moldavsko, Arm\u00e9nie, Gruzie a dal\u0161\u00ed), kter\u00e9 jsou spojeny s vybudov\u00e1n\u00edm u\u017e\u0161\u00edch vazeb s Evropskou uni\u00ed (EU) a NATO, je pot\u0159eba si uv\u011bdomit, \u017ee v\u011bt\u0161ina elit t\u011bchto zem\u00ed, z r\u016fzn\u00fdch d\u016fvod\u016f, v\u010detn\u011b korupce a zrady, se d\u00e1vno rozhodla ve prosp\u011bch EU. Odp\u016frci projekt\u016f sbl\u00ed\u017een\u00ed \u010di vstupu do EU a NATO jsou siln\u00ed, ale bez p\u0159\u00edstupu k\u00a0financ\u00edm a masov\u00fdm m\u00e9di\u00edm. Jin\u00fdmi slovy: nemaj\u00ed dostatek zdroj\u016f na to, aby zm\u011bnili proevropsk\u00fd kurz. Mohou proces pouze zpomalit. Plat\u00ed to i pro Arm\u00e9nii, kde je situace slo\u017eit\u011bj\u0161\u00ed. Pro\u010d? Mimo jin\u00e9 proto, \u017ee z\u00a0vnitropolitick\u00fdch d\u016fvod\u016f projekt <em>Miatsumu <\/em>(v\u00fdznam arm\u00e9nsk\u00e9ho st\u00e1tu) selhal. Rusko ho nem\u016f\u017ee a nechce obnovit a arm\u00e9nsk\u00e9 elity nemaj\u00ed ochotu a schopnost vid\u011bt sv\u00e9 vlastn\u00ed chyby. Je pro n\u011b snaz\u0161\u00ed svalit vinu na Rusko, kter\u00e9 m\u00e1 jen m\u00e1lo p\u0159\u00edle\u017eitost\u00ed pracovat na arm\u00e9nsk\u00e9 cest\u011b. V Arm\u00e9nii jsou chyt\u0159\u00ed a strategicky uva\u017euj\u00edc\u00ed politici, jsou ale zat\u00edm v men\u0161in\u011b. Arm\u00e9nsk\u00e1 diaspora v Rusku <em>je ve vat\u011b, <\/em>je objektivn\u011b slab\u00e1 a pasivn\u00ed.<\/p>\n<p>V politice jsou v\u011bci, kter\u00e9 je t\u0159eba ud\u011blat, i p\u0159es touhu na v\u0161echno plivat. Geopolitick\u00e9 fantazie m\u016f\u017eete vys\u00edlat, jak chcete, jedinou ot\u00e1zkou je dostupnost p\u0159\u00edle\u017eitost\u00ed. Pro Rusko je dnes v\u00fdhodn\u00e9, kdy\u017e v Gruzii, Abch\u00e1zii, Moldavsku nebo Arm\u00e9nii vyhraje v sout\u011b\u017ei dvou protirusk\u00fdch subjekt\u016f ten m\u00e9n\u011b protirusk\u00fd. Zachov\u00e1n\u00ed <em>status quo<\/em> je lep\u0161\u00ed ne\u017e zhor\u0161ov\u00e1n\u00ed situace. \u010cas v\u0161e l\u00e9\u010d\u00ed.<\/p>\n<p>Jak \u010das pob\u011b\u017e\u00ed, Rusko m\u016f\u017ee naj\u00edt cestu ven ze sou\u010dasn\u00e9ho stavu v tomto regionu, ne proto, aby poskytlo n\u011bjakou ideologii nebo <em>pl\u00e1n<\/em>, ale proto, aby vylou\u010dilo bezpe\u010dnostn\u00ed probl\u00e9my na Kavkaze do budoucna a zajistilo pot\u0159ebn\u00e9 ekonomick\u00e9 vazby.<\/p>\n<p><span style=\"font-size: 18pt;\"><strong>B\u011blorusko<\/strong><\/span><\/p>\n<p>Tuto snahu Ruska m\u016f\u017ee podpo\u0159it v\u00fdsledek p\u0159\u00ed\u0161t\u00edch prezidentsk\u00fdch voleb v B\u011blorusku. Proto\u017ee prezident Luka\u0161enko m\u00e1 situaci pevn\u011b pod kontrolou a neexistuj\u00ed \u017e\u00e1dn\u00e9 ve\u0159ejn\u011b dostupn\u00e9 sign\u00e1ly, dovoluj\u00edc\u00ed opakov\u00e1n\u00ed ud\u00e1lost\u00ed z roku 2020, pokusy o vm\u011b\u0161ov\u00e1n\u00ed ze strany z\u00e1padn\u00edch zem\u00ed v\u010detn\u011b z\u00e1jmu USA roz\u0161\u00ed\u0159it sv\u00e9 diplomatick\u00e9 zastoupen\u00ed a p\u016fsoben\u00ed v\u00a0B\u011blorusku jsou odsouzeny pro p\u0159edstavitelnou budoucnost k\u00a0ne\u00fasp\u011bchu.<\/p>\n<p>Samoz\u0159ejm\u011b, \u017ee takzvan\u00e1 opozice, sponzorovan\u00e1 Z\u00e1padem, se sna\u017e\u00ed demonstrovat aktivitu: konaj\u00ed se nejr\u016fzn\u011bj\u0161\u00ed f\u00f3ra, podepisuj\u00ed se dohody, vyd\u00e1vaj\u00ed se prohl\u00e1\u0161en\u00ed. To v\u0161e v\u0161ak pouze upev\u0148uje status t\u011bchto sil: jsou mimo B\u011blorusko.<\/p>\n<p>Proto prodlou\u017een\u00ed mand\u00e1tu Alexandra Luka\u0161enka umo\u017en\u00ed zachovat dynamiku vztah\u016f mezi Ruskem a B\u011bloruskem, kter\u00e1 byla pozorov\u00e1na v posledn\u00edch letech, a umo\u017en\u00ed sou\u010dasn\u011b pod\u00edvat se na nov\u00e9 karty na stole: Nevy\u0159e\u0161en\u00fd probl\u00e9m sou\u017eit\u00ed mezi Izraelem a Palestinou.<\/p>\n<p><span style=\"font-size: 18pt;\"><strong>Region \u010dekaj\u00ed krize<\/strong><\/span><\/p>\n<p>Nehled\u011b na r\u016fzn\u00e9 zpr\u00e1vy, anal\u00fdzy a propagandu Rusko zachov\u00e1v\u00e1 silnou pozici a je schopno hr\u00e1t v\u00fdznamnou roli p\u0159i \u0159e\u0161en\u00ed politick\u00fdch konflikt\u016f r\u016fzn\u00fdch typ\u016f. Plat\u00ed to i pro p\u00e1d re\u017eimu Ba\u0161\u00e1ra al-Asada v S\u00fdrii. O p\u0159\u00edprav\u011b byrokraci\u00ed EU, Ruska a mnoh\u00fdch dal\u0161\u00edch na tento sc\u00e9n\u00e1\u0159 nelze v\u00e1\u017en\u011b hovo\u0159it, proto\u017ee neexistuj\u00ed \u017e\u00e1dn\u00e9 ve\u0159ejn\u011b dostupn\u00e9 d\u016fkazy. I kdy\u017e p\u0159edpokl\u00e1d\u00e1m, \u017ee \u00fa\u0159ady maj\u00ed v\u017edy alternativn\u00ed sc\u00e9n\u00e1\u0159e a informace d\u016fv\u011bryhodn\u00e9 osobnosti z\u00a0jedn\u00e9 ze struktur S\u00fdrie o zm\u011bn\u011b re\u017eimu t\u00fdden p\u0159ed jeho realizac\u00ed je pravdiv\u00e1. V\u0161eobecn\u011b se o\u010dek\u00e1val konec re\u017eimu Ba\u0161\u00e1ra al-Assada v perspektiv\u011b n\u011bkolika let. A pozd\u011bji ne\u017e v letech 2024-2028.<\/p>\n<p>Nab\u00edz\u00edm \u010d\u00e1st teorie, kter\u00e1 dovoluje tvrdit, \u017ee izraelsk\u00e9 akce proti n\u011bkolika region\u00e1ln\u00edm akt\u00e9r\u016fm v reakci na \u00fatok ze 7. \u0159\u00edjna lo\u0148sk\u00e9ho roku z velk\u00e9 \u010d\u00e1sti vedly k p\u00e1du re\u017eimu.<\/p>\n<p>Mnoh\u00e9 d\u016fle\u017eit\u00e9 z\u00e1vis\u00ed na nov\u00fdch org\u00e1nech S\u00fdrie, Turecka a Izraele. Nebyly vy\u0159e\u0161eny probl\u00e9my s tranzitem, probl\u00e9m Kurd\u016f, probl\u00e9m vracej\u00edc\u00edch se uprchl\u00edk\u016f, ani probl\u00e9m hospod\u00e1\u0159sk\u00e9 obnovy. Situace je ve f\u00e1zi, kdy je zbyte\u010dn\u00e9 d\u00e1vat progn\u00f3zu zven\u010d\u00ed. Ale v \u0159ad\u011b sc\u00e9n\u00e1\u0159\u016f m\u00e1 Rusko \u0161anci zachovat si vojensk\u00e9 z\u00e1kladny, a dokonce roz\u0161\u00ed\u0159it svoji p\u0159\u00edtomnost ve st\u0159edomo\u0159\u00ed z\u00e1kladnami v\u00a0Libyi.<\/p>\n<p>Po ud\u00e1lostech v S\u00fdrii a por\u00e1\u017ece Ham\u00e1su a Hizball\u00e1hu o\u010dek\u00e1v\u00e1m, \u017ee rok 2025 p\u0159inese zpr\u00e1vy o zm\u011bn\u00e1ch v \u00cdr\u00e1nu. Demografii, soci\u00e1ln\u00ed protiklady a \u010dasov\u00fd faktor nem\u016f\u017ee nikdo ovlivnit. Skute\u010dnost p\u0159edstavuje ztr\u00e1ta S\u00fdrie jako spojence, co\u017e ve v\u00fdsledku oslabuje strategickou pozici \u00cdr\u00e1nu, zejm\u00e9na jeho schopnost podporovat Hizball\u00e1h. Nevylu\u010duji, \u017ee v souvislosti s\u00a0touto ztr\u00e1tou Teher\u00e1n m\u016f\u017ee zv\u00fd\u0161it investice do z\u00e1stupn\u00fdch skupin v Libanonu a Ir\u00e1ku, aby kompenzoval ztr\u00e1tu vlivu v S\u00fdrii. Nebo naopak: m\u016f\u017ee soust\u0159edit zdroje na zm\u00edrn\u011bn\u00ed dom\u00e1c\u00edch ekonomick\u00fdch a soci\u00e1ln\u00edch probl\u00e9m\u016f, a t\u00edm sn\u00ed\u017eit tlak <em>Osy odporu<\/em> na Izrael a Spojen\u00e9 st\u00e1ty. Skute\u010dnost\u00ed je, \u017ee zv\u00fd\u0161en\u00fd tlak ze strany Izraele a Spojen\u00fdch st\u00e1t\u016f nut\u00ed \u00cdr\u00e1n p\u0159izp\u016fsobit svou zahrani\u010dn\u00ed politiku a bl\u00edzk\u00e1 budoucnost uk\u00e1\u017ee, jak\u00fd sc\u00e9n\u00e1\u0159 si jeho veden\u00ed vybere.<\/p>\n<p>V t\u00e9to souvislosti se nab\u00edz\u00ed ot\u00e1zka: Z\u016fstane Teher\u00e1n zam\u011b\u0159en na dal\u0161\u00ed budov\u00e1n\u00ed partnerstv\u00ed s Ruskem, kter\u00e9 by se m\u011blo brzy st\u00e1t <em>strategick\u00fdm<\/em> <em>partnerem<\/em> po \u00fanoru 2025, kdy se pl\u00e1nuje podpis odpov\u00eddaj\u00edc\u00edho memoranda. Nebo: Vzd\u00e1 se \u00cdr\u00e1n prohlubuj\u00edc\u00edch se vazeb s Ruskem ve prosp\u011bch normalizace vztah\u016f se Spojen\u00fdmi st\u00e1ty a Z\u00e1padem?<\/p>\n<p>Ud\u00e1losti v S\u00fdrii uk\u00e1zaly, \u017ee takov\u00fd sc\u00e9n\u00e1\u0159 je docela re\u00e1ln\u00fd. Na druhou stranu \u00cdr\u00e1n s\u00e1m projevil podobn\u00e9 obavy a je znepokojen vyhl\u00eddkou na brzk\u00fd konec speci\u00e1ln\u00ed vojensk\u00e9 operace na Ukrajin\u011b a uzav\u0159en\u00edm dohody mezi Moskvou a Washingtonem, ve kter\u00e9 by se Isl\u00e1msk\u00e1 republika Ir\u00e1n mohla uk\u00e1zat jako vyjedn\u00e1vac\u00ed karta. Nehled\u011b na uveden\u00e9, \u00cdr\u00e1n, z p\u0159irozen\u00fdch d\u016fvod\u016f, a ne v d\u016fsledku ud\u00e1lost\u00ed v S\u00fdrii, se nevyhnuteln\u011b bl\u00ed\u017e\u00ed k politick\u00e9 transformaci, o jej\u00ed\u017e v\u00fdsledku nebudu spekulovat.<\/p>\n<p>Jednu v\u011bc lze \u0159\u00edci s jistotou: p\u0159etrv\u00e1vaj\u00edc\u00ed interpretace v m\u00e9di\u00edch a v odborn\u00e9 komunit\u011b ovliv\u0148uj\u00ed hodnocen\u00ed stability \u00edr\u00e1nsk\u00e9 vl\u00e1dy ze strany v\u0161ech zainteresovan\u00fdch vn\u011bj\u0161\u00edch hr\u00e1\u010d\u016f. Hr\u00e1\u010di nemohou ignorovat takov\u00e9 sign\u00e1ly o nadch\u00e1zej\u00edc\u00edch zm\u011bn\u00e1ch ve sv\u00fdch anal\u00fdz\u00e1ch. Nadn\u00e1rodn\u00ed spole\u010dnosti a ofici\u00e1ln\u00ed m\u00e9dia s maxim\u00e1ln\u011b p\u011bti vlastn\u00edky jsou v\u017edy oproti n\u00e1m oby\u010dejn\u00fdm lidem vp\u0159edu, ur\u010duj\u00ed realitu a trendy, kter\u00e9 my se pot\u00e9 sna\u017e\u00edme analyzovat. T\u00edm loutkovodi\u010di v\u011bd\u00ed p\u0159esn\u011b o na\u0161ich chyb\u00e1ch v\u00a0my\u0161len\u00ed a deficitech znalost\u00ed. Proto nemaj\u00ed dosavadn\u00ed diskuze, protestn\u00ed shrom\u00e1\u017ed\u011bn\u00ed a pl\u00e1ny na zm\u011bnu \u017e\u00e1dn\u00e9 re\u00e1ln\u00e9 \u0161ance v\u00a0p\u0159edstaviteln\u00e9 budoucnosti.<\/p>\n<p>Uveden\u00e9 principy plat\u00ed i pro osud Izraele. Dnes p\u016fsob\u00ed nelidsky, bud\u00ed emoce a u n\u011bkter\u00fdch nad\u011bje na kone\u010dn\u00e9 \u0159e\u0161en\u00ed izraelsko-palestinsk\u00e9ho konfliktu. Uveden\u00e9 v\u0161ak nevylu\u010duje i zni\u010den\u00ed Izraele podobn\u011b jako se p\u0159edev\u0161\u00edm sama zni\u010dila Ukrajina.<\/p>\n<p><span style=\"font-size: 18pt;\"><strong>Hlavn\u00ed v\u00fdzvy pro zahrani\u010dn\u00ed politiku<\/strong><\/span><\/p>\n<p>V\u00fdzvy jsou v\u00a0podstat\u011b st\u00e1le stejn\u00e9: 1) Ukrajina a Rusko, kter\u00e9 pot\u0159ebuje dos\u00e1hnout trval\u00e9 kvalitativn\u00ed zm\u011bny situace ve sv\u016fj prosp\u011bch, jinak hroz\u00ed katastrofa. 2) Evropsk\u00e1 unie, proto\u017ee hroz\u00ed, \u017ee se konfrontace mezi Ruskem a EU zintenzivn\u00ed a role <em>zl\u00e9ho<\/em> se p\u0159esune z Washingtonu do Bruselu a \u010cR nebude schopna plnit z\u00e1vazky a sliby v\u016f\u010di NATO, USA a EK. 3) Pos\u00edlen\u00ed vazeb Ruska a \u010c\u00edny na v\u00fdchod\u011b a na jihu, kter\u00e9 oslab\u00ed obchodn\u00ed potenci\u00e1l EU. 4) Donald Trump, jeho obrovsk\u00e9 zdroje a nejasnost jeho motiv\u016f a z\u00e1m\u011br\u016f, v\u010detn\u011b mo\u017enosti n\u00e1hle p\u0159eru\u0161it sc\u00e9n\u00e1\u0159 hry s\u00a0c\u00edlem dob\u00edt se n\u00e1kladn\u00e9ho \u0159e\u0161en\u00ed na \u00fakor spojenc\u016f USA. Proto\u017ee v\u00fdsledky kon\u00e1n\u00ed Trumpa budou zn\u00e1my pozd\u011bji, rok 2025 bude velmi t\u011b\u017ek\u00fd, zaj\u00edmav\u00fd a nebezpe\u010dn\u00fd.<\/p>\n<p>Pro podporu uveden\u00e9 t\u00e9ze nab\u00edz\u00edm popis cesty galsk\u00e9ho kohouta-prezidenta Macrona, kter\u00fd nab\u00eddl sloupka\u0159 agentury Bloomberg Lionel Laurent: <em>Emmanuel Macron ve Francii p\u0159e\u0161el od ch\u016fze po vod\u011b k namo\u010den\u00ed \u2013 a mo\u017en\u00e1 se &#8222;nedo\u017eije&#8220; konce druh\u00e9ho funk\u010dn\u00edho obdob\u00ed<\/em>.<\/p>\n<p>P\u0159\u00edklad Francie, kter\u00fd plat\u00ed i pro N\u011bmecko a \u010ceskou republiku, lze shrnout do t\u0159\u00edslov\u00ed: Zbran\u011b m\u00edsto penz\u00ed.<\/p>\n<p>O hloubce rozpo\u010dtov\u00e9 krize ve Francii sv\u011bd\u010d\u00ed deficit ve v\u00fd\u0161i 6 % HDP. To je p\u0159esn\u011b t\u0159ikr\u00e1t v\u00edce, ne\u017e je \u00farove\u0148 stanoven\u00e1 v <em>maastrichtsk\u00fdch krit\u00e9ri\u00edch<\/em> pro zem\u011b EU. Ve\u0159ejn\u00fd dluh Francie v roce 2024 p\u0159itom p\u0159es\u00e1hl 3 biliony eur a \u010dinil 112 % HDP. P\u0159ipom\u00edn\u00e1m, \u017ee tento monstr\u00f3zn\u00ed deficit byl vypo\u010d\u00edt\u00e1n pod podm\u00ednkou, \u017ee vl\u00e1da v roce 2025 <em>rehabilituje<\/em> rozpo\u010det o 60 miliard eur. P\u0159i\u010dem\u017e hlavn\u00edm \u00fakolem je sn\u00ed\u017een\u00ed vl\u00e1dn\u00edch v\u00fddaj\u016f o 40 miliard eur prost\u0159ednictv\u00edm v\u0161ech ministerstev krom\u011b ministerstva obrany.\u00a0 Nen\u00ed tomu podobn\u011b i v\u00a0\u010desk\u00e9 kotlin\u011b?<\/p>\n<p>\u00daspory ve st\u00e1tn\u00edm syst\u00e9mu soci\u00e1ln\u00edho a zdravotn\u00edho poji\u0161t\u011bn\u00ed m\u011bly \u010dinit 14,8 miliardy eur, dal\u0161\u00ed 4 miliardy eur byly navr\u017eeny na \u00fasporu na valorizaci d\u016fchod\u016f. Rozpo\u010det ministerstva pr\u00e1ce byl se\u0161krt\u00e1n o 2,3 miliardy eur a ministerstvo \u0161kolstv\u00ed m\u011blo sn\u00ed\u017eit po\u010det u\u010ditel\u016f o 4 tis\u00edce. Francouzsk\u00e9 obce byly po\u017e\u00e1d\u00e1ny, aby sn\u00ed\u017eily n\u00e1klady o 5 miliard eur. Z\u00e1rove\u0148 m\u011bl francouzsk\u00fd vojensk\u00fd rozpo\u010det v roce 2025 vzr\u016fst o v\u00edce ne\u017e 3 miliardy eur na 50,5 miliardy eur. <em>Lidov\u00fdm m\u011b\u0159\u00edtkem<\/em> byly p\u0159\u00edjmy ve v\u00fd\u0161i 20 miliard eur z do\u010dasn\u00e9ho zv\u00fd\u0161en\u00ed dan\u00ed z p\u0159\u00edjm\u016f nejbohat\u0161\u00edch lid\u00ed ve Francii a tak\u00e9 ze 440 nejv\u011bt\u0161\u00edch korporac\u00ed.<\/p>\n<p>Nen\u00ed proto divu, \u017ee tento <em>protisoci\u00e1ln\u00ed<\/em> rozpo\u010det vyvolal mezi Francouzi rozho\u0159\u010den\u00ed: 56 % bylo siln\u011b proti jeho p\u0159ijet\u00ed. Barnierova vl\u00e1da se ho pokusila zav\u00e9st pomoc\u00ed stejn\u00e9 <em>procedury 49.3<\/em>, tj. pomoc\u00ed klamu. Ale 6. prosince, poprv\u00e9 po 62 letech, poslanci schv\u00e1lili hlasov\u00e1n\u00ed o ned\u016fv\u011b\u0159e vl\u00e1d\u011b, ve kter\u00e9 se sjednotila levice a n\u00e1rodn\u00ed konzervativci.<\/p>\n<p>Prezident Macron, kter\u00fd b\u011bhem sv\u00e9ho prvn\u00edho roku v \u00fa\u0159adu nebyl schopen rozpustit parlament, se ocitl v prolomen\u00e9m dn\u011b s extr\u00e9mn\u011b n\u00edzkou m\u00edrou d\u016fv\u011bry pod 25 %. Pr\u016fzkum proveden\u00fd v p\u0159edve\u010der hlasov\u00e1n\u00ed o ned\u016fv\u011b\u0159e medi\u00e1ln\u00edm holdingem CNews uk\u00e1zal, \u017ee 62 % Francouz\u016f se domn\u00edv\u00e1, \u017ee prezident by m\u011bl rezignovat. Proto Macron jmenoval 13. prosince Fran\u00e7oise Bayroua, v\u016fdce strany Demokratick\u00e9 hnut\u00ed (MoDem), nov\u00fdm premi\u00e9rem, kter\u00fd se stal 6. premi\u00e9rem jmenovan\u00fdm Macronem od roku 2017, 4. p\u0159edsedou kabinetu v roce 2024 a 2. premi\u00e9rem po p\u0159ed\u010dasn\u00fdch parlamentn\u00edch volb\u00e1ch. Demokracie ve sv\u00e9 pln\u00e9 kr\u00e1se a rozkv\u011btu!<\/p>\n<p>73let\u00fd Bayrou je pova\u017eov\u00e1n za centristu a za t\u011b\u017ekou v\u00e1hu. Byl ministrem \u0161kolstv\u00ed (1993-1997) a spravedlnosti (2017), t\u0159ikr\u00e1t kandidoval na prezidenta (2002 &#8211; 6,8 %; 2007 &#8211; 18,6 %; 2012 &#8211; 9,13 %). Jeho strana MoDem m\u00e1 33 k\u0159esel ze 164 z\u00edskan\u00fdch jako sou\u010d\u00e1st bloku <em>Spole\u010dn\u011b!<\/em><\/p>\n<p>Vzd\u00e1lenost mezi Macronov\u00fdmi ambicemi ohledn\u011b role Francie na sv\u011btov\u00e9 sc\u00e9n\u011b a skute\u010dn\u00fdmi schopnostmi Francie je, jak v takov\u00fdch p\u0159\u00edpadech \u0159\u00edkaj\u00ed Anglosasov\u00e9, <em>dramatick\u00e1<\/em>. Rok 2024 to zcela jasn\u011b dok\u00e1zal t\u00edm, \u017ee ekonomick\u00e1 z\u00e1kladna p\u00e1t\u00e9 republiky nem\u016f\u017ee odolat nejen politick\u00e9mu b\u0159emenu prezidentsk\u00fdch ambic\u00ed, ale ani b\u0159emenu soci\u00e1ln\u00edch z\u00e1vazk\u016f a z\u00e1ruk, kter\u00e9 jsou v rozporu se st\u00e1rnut\u00edm francouzsk\u00e9ho n\u00e1roda a n\u00edzkou porodnost\u00ed. P\u0159id\u00e1m-li do po\u010dtu n\u00e1sledky migra\u010dn\u00ed politiky, kter\u00e1 zvy\u0161uje po\u010det p\u0159\u00edjemc\u016f pomoci ve v\u011bt\u0161\u00ed m\u00ed\u0159e, ne\u017e je po\u010det pracuj\u00edc\u00edch da\u0148ov\u00fdch poplatn\u00edk\u016f, je ka\u017ed\u00e9mu s\u00a0rozumem jasn\u00e9, jak\u00e1 je s\u00edla Francie a EU.<\/p>\n<p>Proto\u017ee ji\u017e nen\u00ed mo\u017en\u00e9 vytvo\u0159it stabiln\u00ed st\u0159edolevou nebo st\u0159edopravou vl\u00e1du nejenom ve Francii, ale i v\u00a0N\u011bmecku a jinde a centristick\u00e9 s\u00edly jsou marginalizov\u00e1ny, extr\u00e9my se st\u00e1vaj\u00ed hlavn\u00edm proudem.<\/p>\n<p>Na tomto pozad\u00ed Macronovy zahrani\u010dn\u011bpolitick\u00e9 iniciativy pod veden\u00edm Pa\u0159\u00ed\u017ee vyvol\u00e1vaj\u00ed ji\u017e dnes ve Washingtonu ironii a neskr\u00fdvan\u00e9 podr\u00e1\u017ed\u011bn\u00ed, v\u010detn\u011b evropsk\u00fdch spojenc\u016f Francie. Nev\u00edm, kam se \u0159ad\u00ed \u010cR. V\u00edm ale, \u017ee ze syst\u00e9mov\u00e9 krize, do kter\u00e9 se P\u00e1t\u00e1 republika pono\u0159ila, nen\u00ed cesty ven. Ve v\u00fdsledku to znamen\u00e1, \u017ee Francie op\u011bt \u010dek\u00e1 na <em>velk\u00e9 ot\u0159esy<\/em>. Podobn\u011b tomu je v\u00a0N\u011bmecku. A jak v\u00edme z\u00a0fialov\u00e9ho a pavlovsk\u00e9ho projevu,\u00a0\u010desk\u00e1 kotlina je ve vat\u011b.<\/p>\n<p><span style=\"font-size: 18pt;\"><strong>Proroctv\u00ed z\u00a0Albionu<\/strong><\/span><\/p>\n<p>T\u00fdden\u00edk The Economist zve\u0159ejnil svou <em>prorockou<\/em> ob\u00e1lku pro rok 2025. Obraz je vytvo\u0159en v alarmuj\u00edc\u00ed \u010derven\u00e9 a \u010dern\u00e9 palet\u011b. Pozad\u00edm kol\u00e1\u017ee jsou fragmenty obraz\u016f cihlov\u00fdch zd\u00ed, plot\u016f a mikroobvod\u016f, ale i n\u011bco podobn\u00e9ho z\u00e1\u0159en\u00ed nebo fragmentu povrchu Slunce. V pop\u0159ed\u00ed jsou v\u0161ak portr\u00e9ty hlavn\u00edch sv\u011btov\u00fdch l\u00eddr\u016f, kte\u0159\u00ed utv\u00e1\u0159ej\u00ed glob\u00e1ln\u00ed politickou sc\u00e9nu: Trump, Si \u0164in-pching, Putin, Ursula von der Leyenov\u00e1 a Zelenskij. Jsou zobrazeny obklopen\u00e9 symboly m\u011bn, technologi\u00ed, planet a graf\u016f. Ve spodn\u00ed \u010d\u00e1sti je portr\u00e9t anglick\u00e9 spisovatelky Jane Austenov\u00e9 a obraz p\u011bsti. Portr\u00e9t Austenov\u00e9 odkazuje na jej\u00ed rom\u00e1n <em>P\u00fdcha a p\u0159edsudek<\/em>, kter\u00fd je pom\u011brn\u011b p\u0159esn\u00fdm popisem jak samotn\u00e9ho Trumpa, tak mezin\u00e1rodn\u00ed situace jako celku.<\/p>\n<p>Z\u00a0\u010dasov\u00fdch a prostorov\u00fdch d\u016fvod\u016f nemohu nab\u00eddnout celkovou interpretaci obrazu, proto se omez\u00edm na n\u011bkolik aspekt\u016f, kter\u00e9 maj\u00ed p\u0159\u00edm\u00e9 spojen\u00ed s\u00a0hodnocen\u00edm pr\u016fb\u011bhu roku 2025.<\/p>\n<p>Rud\u00e1 p\u011bst symbolizuje n\u00e1r\u016fst protest\u016f a n\u00e1r\u016fst po\u010dtu &#8222;hork\u00fdch m\u00edst&#8220;. A n\u011bco podobn\u00e9ho ho\u0159\u00edc\u00ed a pot\u00e1p\u011bj\u00edc\u00ed se lodi m\u016f\u017ee b\u00fdt p\u0159edpov\u011bd\u00ed zhor\u0161en\u00ed situace jak v Jiho\u010d\u00ednsk\u00e9m mo\u0159i, tak v pr\u016flivu Bab el-Mandeb. \u010cipy p\u0159ipom\u00ednaj\u00ed technologickou v\u00e1lku mezi Washingtonem a Pekingem a boom um\u011bl\u00e9 inteligence.<\/p>\n<p>Prvky zn\u00e1zor\u0148uj\u00edc\u00ed radiaci odkazuj\u00ed na p\u0159edpov\u011bzen\u00fd vrchol slune\u010dn\u00ed aktivity v p\u0159\u00ed\u0161t\u00edm roce, stejn\u011b jako \u010derven\u00fd obr\u00e1zek, kter\u00fd vypad\u00e1 jako obr\u00e1zek Slunce.<\/p>\n<p>Trump je v centru jako postava, s n\u00ed\u017e je spojeno nejv\u011bt\u0161\u00ed mno\u017estv\u00ed o\u010dek\u00e1v\u00e1n\u00ed a osudov\u00fdch rozhodnut\u00ed pro sv\u011btov\u00e9 spole\u010denstv\u00ed. Napravo od n\u011bj jsou Si \u0164in-pching a Vladimir Putin jako z\u00e1stupci jak <em>osy zla<\/em>, tak BRICS, odd\u011blen\u011b proti USA a vn\u00edman\u00ed Z\u00e1padem p\u0159inejmen\u0161\u00edm napjat\u011b, co\u017e je nazna\u010deno odpov\u00eddaj\u00edc\u00ed stranou planety na \u010derven\u00e9m pozad\u00ed.<\/p>\n<p>Vlevo jsou Ursula von der Leyenov\u00e1 a Volodymyr Zelenskyj, kte\u0159\u00ed t\u00e9m\u011b\u0159 v\u00fdhradn\u011b pracuj\u00ed na p\u0159\u00edkaz B\u00edl\u00e9ho domu a riskuj\u00ed, \u017ee v\u00a0roce 2025 p\u0159ijdou o ve\u0161ker\u00e9 americk\u00e9 financov\u00e1n\u00ed a preference a budou dost\u00e1vat pouze almu\u017enu, jak nazna\u010duje \u0161ipka sm\u011b\u0159uj\u00edc\u00ed dol\u016f. Symboly dolaru a s nejv\u011bt\u0161\u00ed pravd\u011bpodobnost\u00ed j\u00fcanu spolu s grafy nazna\u010duj\u00ed pokra\u010duj\u00edc\u00ed boj m\u011bn a cenov\u00e9 skoky na sv\u011btov\u00fdch trz\u00edch.<\/p>\n<p>Symboly tov\u00e1rny, \u010dipu a polovybit\u00e9ho elektromobilu, um\u00edst\u011bn\u00e9 vlevo, nazna\u010duj\u00ed v\u00fdvoj probl\u00e9m\u016f Evropy s pr\u016fmyslem, polovodi\u010di a bankrot automobilov\u00e9ho pr\u016fmyslu v souvislosti se snahou p\u0159ej\u00edt na v\u00fdrobu elektromobil\u016f. Oko se symbolem vysok\u00e9 energie s nejv\u011bt\u0161\u00ed pravd\u011bpodobnost\u00ed odkazuje na o\u010dek\u00e1v\u00e1n\u00ed jadern\u00fdch \u00fader\u016f a hav\u00e1ri\u00ed v jadern\u00fdch elektr\u00e1rn\u00e1ch nach\u00e1zej\u00edc\u00edch se v z\u00f3n\u011b ukrajinsk\u00e9ho konfliktu, vybi\u010dovan\u00e9ho Evropou a NATO.<\/p>\n<p>Raketa vedle Trumpa m\u016f\u017ee nazna\u010dovat kosmick\u00e9 sliby Muska, nebo ATACMS dlouh\u00e9ho doletu, s nimi\u017e Bidenova administrativa umo\u017enila Ukrajin\u011b zas\u00e1hnout hluboko do Ruska. P\u0159es\u00fdpac\u00ed hodiny vpravo ukazuj\u00ed, \u017ee <em>\u010das uplynul<\/em>, co\u017e nazna\u010duje za\u010d\u00e1tek nov\u00e9ho miln\u00edku ve sv\u011btov\u00e9 historii. Proto obr\u00e1zky \u00fast, nosu a oka mohou nazna\u010dovat pr\u016flom v oblasti um\u011bl\u00e9 inteligence a z\u00e1rove\u0148 symbolizovat <em>digit\u00e1ln\u00ed koncentra\u010dn\u00ed t\u00e1bor<\/em> a cenzuru.<\/p>\n<p>Popraskan\u00e1 volebn\u00ed urna na \u010derven\u00e9m pozad\u00ed symbolizuje <em>ohro\u017een\u00ed demokracie<\/em>, Zelensk\u00e9ho ne\u00fasp\u011bch ve volb\u00e1ch, nebo jejich tot\u00e1ln\u00ed zfal\u0161ov\u00e1n\u00ed. M\u016f\u017ee to v\u0161ak znamenat i obecn\u00fd \u00fapadek demokratick\u00fdch procedur v EU, kter\u00e1 se m\u011bn\u00ed v diktaturu. Z\u00e1jemc\u016fm o obraz doporu\u010duji v\u011bnovat pozornost st\u011bn\u00e1m a m\u0159\u00ed\u017e\u00edm, kter\u00e9 tak\u00e9 zd\u016fraz\u0148uj\u00ed rozd\u011blen\u00ed planety. Vedle prezidenta Putina je planeta Zem\u011b, zalit\u00e1 rud\u00fdm sv\u011btlem vych\u00e1zej\u00edc\u00edho slunce. Obrac\u00ed se ke \u010dten\u00e1\u0159\u016fm s jej\u00ed <em>eurasijskou<\/em> str\u00e1nkou, vzestup b\u00fdval\u00fdch koloni\u00ed k v\u00fd\u0161in\u00e1m sv\u011btov\u00e9ho vlivu a vzestup <em>glob\u00e1ln\u00edho Jihu<\/em>. Kombinace portr\u00e9tu hlavy EK, znamen\u00ed radiace, rakety, jadern\u00e9ho h\u0159ibu a Saturna vypad\u00e1 velmi znepokojiv\u011b. Proto p\u0159edpokl\u00e1d\u00e1m, \u017ee auto\u0159i ob\u00e1lky varovali p\u0159ed kriz\u00ed z\u00e1padn\u00edho sv\u011bta, koncem dominance dolaru, energetick\u00fdmi probl\u00e9my Evropy a mo\u017enou novou pandemi\u00ed.<\/p>\n<p>Ne\u017e se velk\u00e1 \u010d\u00e1st p\u0159edpov\u011bd\u00ed realizuje, prototyp vysokorychlostn\u00edho vlaku CR450 s testovac\u00ed rychlost\u00ed 450 kilometr\u016f za hodinu a provozn\u00ed rychlost\u00ed 400 km\/h, kter\u00fd byl ofici\u00e1ln\u011b p\u0159edstaven v ned\u011bli v Pekingu vstoup\u00ed do komer\u010dn\u00edho provozu a stane se nejrychlej\u0161\u00edm vysokorychlostn\u00edm vlakem na sv\u011bt\u011b. A \u010desk\u00e1 kotlina bude st\u00e1le na cest\u011b, kde z\u00edtra ji\u017e znamen\u00e1 v\u010dera. Souhlasu net\u0159eba.<\/p>\n<p><strong><em>Jan Campbell<\/em><\/strong><br \/>\n<strong><em>01.01.2025<\/em><\/strong><\/p>\n<p>&nbsp;<\/p>\n<p>&nbsp;<\/p>\n","protected":false},"excerpt":{"rendered":"<p>\u00davod Silvestrovsk\u00e9 st\u0159\u00edpky jsou ovlivn\u011bny p\u0159edev\u0161\u00edm obsahem pobytu autora v\u00a0Rakousku (vstup do EU 1.1.1995, do&#8230;<\/p>\n","protected":false},"author":2,"featured_media":47088,"comment_status":"closed","ping_status":"closed","sticky":false,"template":"","format":"standard","meta":[],"categories":[6],"tags":[1042,2181,276],"_links":{"self":[{"href":"https:\/\/www.infokuryr.cz\/n\/wp-json\/wp\/v2\/posts\/69353"}],"collection":[{"href":"https:\/\/www.infokuryr.cz\/n\/wp-json\/wp\/v2\/posts"}],"about":[{"href":"https:\/\/www.infokuryr.cz\/n\/wp-json\/wp\/v2\/types\/post"}],"author":[{"embeddable":true,"href":"https:\/\/www.infokuryr.cz\/n\/wp-json\/wp\/v2\/users\/2"}],"replies":[{"embeddable":true,"href":"https:\/\/www.infokuryr.cz\/n\/wp-json\/wp\/v2\/comments?post=69353"}],"version-history":[{"count":0,"href":"https:\/\/www.infokuryr.cz\/n\/wp-json\/wp\/v2\/posts\/69353\/revisions"}],"wp:featuredmedia":[{"embeddable":true,"href":"https:\/\/www.infokuryr.cz\/n\/wp-json\/wp\/v2\/media\/47088"}],"wp:attachment":[{"href":"https:\/\/www.infokuryr.cz\/n\/wp-json\/wp\/v2\/media?parent=69353"}],"wp:term":[{"taxonomy":"category","embeddable":true,"href":"https:\/\/www.infokuryr.cz\/n\/wp-json\/wp\/v2\/categories?post=69353"},{"taxonomy":"post_tag","embeddable":true,"href":"https:\/\/www.infokuryr.cz\/n\/wp-json\/wp\/v2\/tags?post=69353"}],"curies":[{"name":"wp","href":"https:\/\/api.w.org\/{rel}","templated":true}]}}