{"id":69336,"date":"2025-01-02T00:46:53","date_gmt":"2025-01-01T23:46:53","guid":{"rendered":"https:\/\/www.infokuryr.cz\/n\/?p=69336"},"modified":"2025-01-01T19:06:52","modified_gmt":"2025-01-01T18:06:52","slug":"jana-markova-propagandisticke-peklo","status":"publish","type":"post","link":"https:\/\/www.infokuryr.cz\/n\/2025\/01\/02\/jana-markova-propagandisticke-peklo\/","title":{"rendered":"Jana Markov\u00e1: Propagandistick\u00e9 peklo"},"content":{"rendered":"<div id=\"fb-root\"><\/div>\n<p class=\"has-medium-font-size\"><strong>Asi tak bych nazvala premi\u00e9rovo novoro\u010dn\u00ed video. Fakt se mus\u00edm sm\u00e1t. Up\u0159\u00edmn\u011b. Dramatick\u00e1 hudba. Populismus na n-tou. Bouch\u00e1n\u00ed p\u011bsti\u010dkou do stolu. Odchody na balkon jako z vide\u00ed T\u0159et\u00ed \u0159\u00ed\u0161e. Vlastn\u011b u\u017e v\u00edm, co mi to p\u0159ipom\u00edn\u00e1. P\u00e1d T\u0159et\u00ed \u0159\u00ed\u0161e jako vy\u0161it\u00fd. Goebbelsov\u00e9 se je\u0161t\u011b sna\u017e\u00ed, ale u\u017e ka\u017ed\u00fd vid\u00ed tu trapnost a k\u0159e\u010d.<\/strong><\/p>\n<p>K\u0159e\u010d. To je to slovo. Petr Fiala si hraje v tom videu na vl\u00e1dce n\u00e1roda pro t\u011b\u017ek\u00e9 \u010dasy, ale podle mne tomu v\u011b\u0159\u00ed u\u017e jen on. Tohle video\u00a0prost\u011b nem\u016f\u017ee z mopsla ud\u011blat lva, ani kdyby se Prchal vr\u00e1til ze Slovenska, nebo kde to je.<\/p>\n<p>V tom videu jsou prost\u0159ihy z demonstrac\u00ed, na kter\u00fdch byly dohromady statis\u00edce norm\u00e1ln\u00edch zoufal\u00fdch nespokojen\u00fdch lid\u00ed. Uk\u00e1z\u00e1ny jsou samoz\u0159ejm\u011b ty nejobskurn\u011bj\u0161\u00ed figurky. Nikoliv t\u011bch dal\u0161\u00edch 99% protestuj\u00edc\u00edch ob\u010dan\u016f t\u00e9to zem\u011b. I j\u00e1 jsem tam byla, a jsem na to py\u0161n\u00e1. Pro v\u00e1s holenkov\u00e9 demokracie neexistuje. Nesouhlas\u00edte s vl\u00e1dou a stranou, jste tedy v\u00fdchodn\u00ed \u0161v\u00e1bi, rozs\u00e9va\u010di strachu a dezinform\u00e1to\u0159i. A nem\u00e1te zuby. Co na tom, \u017ee v\u0161echno o \u010dem mluv\u00edte dnes, se ukazuje b\u00fdt ne\u00faprosnou pravdou v \u010d\u00edm d\u00e1l krat\u0161\u00edm \u010dase. Co na tom, \u017ee \u010d\u00e1st z toho, co k\u00e1\u017eeme my strana, se ukazuje jako bohapust\u00e1 le\u017e ji\u017e z\u00edtra.<\/p>\n<p>Pr\u00fd na\u0161e jedin\u00e1 cesta a sp\u00e1sa je b\u00fdt sou\u010d\u00e1st demokratick\u00e9ho Z\u00e1padu. Jen\u017ee Z\u00e1pad u\u017e nen\u00ed Z\u00e1pad a u\u017e v\u016fbec ne demokratick\u00fd. Z\u00e1pad je jen sn\u016f\u0161ka r\u016fzn\u00fdch \u0161\u00edlen\u00fdch ideologi\u00ed, sm\u011brnic, cenzury, n\u00e1sil\u00ed gang\u016f a nep\u0159izp\u016fsobiv\u00fdch migrant\u016f, z\u00e1kaz\u016f a ni\u010d\u00ed s\u00e1m sebe rychleji, ne\u017e by to dok\u00e1zal nejv\u011bt\u0161\u00ed nep\u0159\u00edtel. Ne Pet\u0159e Fialo. Z\u00e1pad ani V\u00fdchod, a ani \u017e\u00e1dn\u00e1 jin\u00e1 \u0159\u00ed\u0161e, nespasila nikdy nikoho. Jen my sami m\u016f\u017eeme a m\u011bli bychom h\u00e1jit sv\u00e9 z\u00e1jmy. I d\u00edky V\u00e1m to ale ned\u011bl\u00e1me. D\u00edky mopsl\u016fm poklonkuj\u00edc\u00edm u z\u00e1chod\u016f lady von der Brusel.<\/p>\n<p>Samoz\u0159ejm\u011b jste si tam nezapomn\u011bl d\u00e1t fotku s pilotem a fr\u00e1zi, \u017ee jste aktu\u00e1ln\u011b hv\u011bzda \u010ceska. Prej nejsme populisti.\u00a0<img decoding=\"async\" loading=\"lazy\" src=\"https:\/\/static.xx.fbcdn.net\/images\/emoji.php\/v9\/t51\/1\/16\/1f603.png\" alt=\"\ud83d\ude03\" width=\"16\" height=\"16\" \/>\u00a0Jste sm\u011b\u0161n\u00fd ve sv\u00e9 sm\u011b\u0161nosti. U\u017e jste jen parodie. Samoz\u0159ejm\u011b za inflaci, a vlastn\u011b za v\u0161echno \u0161patn\u00e9 m\u016f\u017ee Babi\u0161. To jste byli ty dva roky do t\u011bch \u0161\u00edlen\u00fdch hodnot nesv\u00e9pr\u00e1vn\u00e1 d\u011bcka? Asi jo.<\/p>\n<p>\u010cas pr\u00fd p\u0159eje obchodn\u00edk\u016fm se strachem. Tak j\u00e1 nev\u00edm, kdo tu n\u00e1lepkuje, kdo tu stra\u0161\u00ed \u201ev\u00fdb\u011brovou\u201c mobilizac\u00ed, rusk\u00fdmi raketami na traktory v Polsku, kdo chce vystupovat z OSN, nebo sv\u00e9 odp\u016frce ofici\u00e1ln\u011b ozna\u010duje jako svin\u011b, hajzly a nejrad\u011bji by je zav\u0159el za hlubok\u00e9 p\u0159\u00edkopy. Alternativn\u00ed m\u00e9dia pr\u00fd z\u00e1m\u011brn\u011b \u0161\u00ed\u0159\u00ed strach, blbou n\u00e1ladu a \u0161patn\u00e9 zpr\u00e1vy. Tak samoz\u0159ejm\u011b. Zpr\u00e1vy maj\u00ed b\u00fdt jen dobr\u00e9 a pln\u00e9 duhov\u00fdch jednoro\u017ec\u016f. Proto si chov\u00e1te redaktory \u010cT a d\u00e1v\u00e1te jim od n\u00e1s v\u0161ech \u010d\u00edm d\u00e1l v\u011bt\u0161\u00ed v\u00fdpaln\u00e9. Proto granty pro provl\u00e1dn\u00ed novin\u00e1\u0159e. V\u0161ak jo.<\/p>\n<p>D\u00e1l u\u017e jen bl\u00e1boly a pr\u00e1zdn\u00e1 slova o hrdosti. Od n\u011bkoho, kdo se nech\u00e1 se\u0159vat (skoro se mi cht\u011blo napsat se\u0159ezat) bezv\u00fdznamn\u00fdm poslancem Verhofstadtem jako \u201emal\u00fd harant\u201c, to zn\u00ed zase jen sm\u011b\u0161n\u011b. M\u011bl to b\u00fdt pokus o vytvo\u0159en\u00ed kultu a modly. Ale prost\u011b kdy\u017e m\u00e1te stokr\u00e1t mopsla, vyjde zase jen mopsl. Jen je o to v\u00edc sm\u011b\u0161n\u00fd.<\/p>\n<p><a href=\"https:\/\/web.litterate.cz\/propagandisticke-peklo\/\">Jan Markov\u00e1<\/a><\/p>\n<p><img decoding=\"async\" loading=\"lazy\" class=\"alignnone size-full wp-image-34862\" src=\"http:\/\/www.infokuryr.cz\/n\/wp-content\/uploads\/2023\/08\/jana-markova.jpg\" alt=\"\" width=\"180\" height=\"180\" srcset=\"https:\/\/www.infokuryr.cz\/n\/wp-content\/uploads\/2023\/08\/jana-markova.jpg 180w, https:\/\/www.infokuryr.cz\/n\/wp-content\/uploads\/2023\/08\/jana-markova-150x150.jpg 150w\" sizes=\"(max-width: 180px) 100vw, 180px\" \/><\/p>\n<p>&nbsp;<\/p>\n","protected":false},"excerpt":{"rendered":"<p>Asi tak bych nazvala premi\u00e9rovo novoro\u010dn\u00ed video. Fakt se mus\u00edm sm\u00e1t. Up\u0159\u00edmn\u011b. Dramatick\u00e1 hudba. Populismus&#8230;<\/p>\n","protected":false},"author":2,"featured_media":69337,"comment_status":"closed","ping_status":"closed","sticky":false,"template":"","format":"standard","meta":[],"categories":[6],"tags":[1497,1503,710],"_links":{"self":[{"href":"https:\/\/www.infokuryr.cz\/n\/wp-json\/wp\/v2\/posts\/69336"}],"collection":[{"href":"https:\/\/www.infokuryr.cz\/n\/wp-json\/wp\/v2\/posts"}],"about":[{"href":"https:\/\/www.infokuryr.cz\/n\/wp-json\/wp\/v2\/types\/post"}],"author":[{"embeddable":true,"href":"https:\/\/www.infokuryr.cz\/n\/wp-json\/wp\/v2\/users\/2"}],"replies":[{"embeddable":true,"href":"https:\/\/www.infokuryr.cz\/n\/wp-json\/wp\/v2\/comments?post=69336"}],"version-history":[{"count":0,"href":"https:\/\/www.infokuryr.cz\/n\/wp-json\/wp\/v2\/posts\/69336\/revisions"}],"wp:featuredmedia":[{"embeddable":true,"href":"https:\/\/www.infokuryr.cz\/n\/wp-json\/wp\/v2\/media\/69337"}],"wp:attachment":[{"href":"https:\/\/www.infokuryr.cz\/n\/wp-json\/wp\/v2\/media?parent=69336"}],"wp:term":[{"taxonomy":"category","embeddable":true,"href":"https:\/\/www.infokuryr.cz\/n\/wp-json\/wp\/v2\/categories?post=69336"},{"taxonomy":"post_tag","embeddable":true,"href":"https:\/\/www.infokuryr.cz\/n\/wp-json\/wp\/v2\/tags?post=69336"}],"curies":[{"name":"wp","href":"https:\/\/api.w.org\/{rel}","templated":true}]}}