{"id":69314,"date":"2025-01-02T00:36:57","date_gmt":"2025-01-01T23:36:57","guid":{"rendered":"https:\/\/www.infokuryr.cz\/n\/?p=69314"},"modified":"2025-01-01T18:23:43","modified_gmt":"2025-01-01T17:23:43","slug":"teroristicky-utok-v-new-orleans-si-vyzadal-10-zivotu-mainstream-opet-zakryva","status":"publish","type":"post","link":"https:\/\/www.infokuryr.cz\/n\/2025\/01\/02\/teroristicky-utok-v-new-orleans-si-vyzadal-10-zivotu-mainstream-opet-zakryva\/","title":{"rendered":"Teroristick\u00fd \u00fatok v New Orleans si vy\u017e\u00e1dal 10 \u017eivot\u016f &#8211; mainstream op\u011bt zakr\u00fdv\u00e1"},"content":{"rendered":"<div id=\"fb-root\"><\/div>\n<p><strong><span>V \u010dasn\u00fdch rann\u00edch hodin\u00e1ch 1. ledna 2025 najel \u201emu\u017e\u201c vysokou rychlost\u00ed b\u00edl\u00fdm pickupem do davu lid\u00ed na ve\u010d\u00edrku na Bourbon Street v New Orleans. Pot\u00e9 na policisty vyst\u0159elil z pistole a \u00fadajn\u011b se na\u0161ly i v\u00fdbu\u0161niny. V sou\u010dasn\u00e9 dob\u011b prob\u00edh\u00e1 intenzivn\u00ed snaha v\u011bc ututlat. Vlajka podez\u0159el\u00e1 z IS na z\u00e1di vozidla byla rychle zakryta a o pachateli nepadlo jedin\u00e9 slovo. Kr\u00e1tce pot\u00e9 \u010dern\u00fd agent FBI s krou\u017ekem v nose ozn\u00e1mil, \u017ee ne\u0161lo o terorismus.<\/span><\/strong><\/p>\n<p><span>Jak\u00fd \u010dlov\u011bk mus\u00edte b\u00fdt, abyste vystoupil po zjevn\u00e9m teroristick\u00e9m \u010dinu a prohl\u00e1sil, \u017ee to nen\u00ed terorismus? V USA byl p\u0159edstaven \u010dern\u00fd agent FBI s krou\u017ekem v nose \u2013 kter\u00fd je nyn\u00ed st\u0159edem ve\u0159ejn\u00e9 kritiky pr\u00e1ce tisku. P\u0159edpokl\u00e1d\u00e1 se, \u017ee tento \u010dlov\u011bk byl najat podle levicov\u011b extremistick\u00fdch sm\u011brnic DEI \u2013 to ale pravd\u011bpodobn\u011b nic nem\u011bn\u00ed na tom, \u017ee mu tento text daly nezn\u00e1m\u00e9 t\u0159et\u00ed osoby.<\/span><\/p>\n<p><span>To tak\u00e9 zapad\u00e1 do zka\u017eenosti konven\u010dn\u00edch m\u00e9di\u00ed, kter\u00e1 v\u0161ude informuj\u00ed o \u201eb\u00edl\u00e9m n\u00e1kla\u010f\u00e1ku\u201c, kter\u00fd narazil do lid\u00ed. Podobn\u011b vypadalo hl\u00e1\u0161en\u00ed v Magdeburku. Auta ale obvykle nevyj\u00ed\u017ed\u011bj\u00ed sama, aby zab\u00edjeli lidi.<\/span><\/p>\n<p><span>\u0158idi\u010d, o kter\u00e9m se nic nev\u00ed, se hnal do davu lid\u00ed slav\u00edc\u00edch Nov\u00fd rok. Celkem je pr\u00fd zran\u011bno 30 a\u017e 35 lid\u00ed. Zem\u0159elo deset lid\u00ed. Ke konci teroristick\u00e9 j\u00edzdy pachatel vrazil do dvou policist\u016f, vystoupil a pokra\u010doval ve st\u0159elb\u011b ze st\u0159eln\u00e9 zbran\u011b na policisty. Podle dosavadn\u00edch informac\u00ed byl na m\u00edst\u011b zast\u0159elen.<\/span><\/p>\n<p><span>Podle zpr\u00e1v o\u010dit\u00fdch sv\u011bdk\u016f vl\u00e1la p\u0159i \u010dinu na z\u00e1di vozidla \u010dern\u00e1 vlajka \u2013 neexistuje o tom jasn\u00fd z\u00e1znam. Vlajka byla zpo\u010d\u00e1tku srolov\u00e1na a pozd\u011bji odstran\u011bna z m\u00edsta \u010dinu FBI. Mnoho u\u017eivatel\u016f internetu p\u0159edpokl\u00e1d\u00e1, \u017ee jde o vlajku IS \u2013 tak\u00e9 proto, \u017ee viditeln\u00e1 \u010d\u00e1st s b\u00edl\u00fdmi zna\u010dkami odpov\u00edd\u00e1 vlajce IS. Na z\u00e1klad\u011b SPZ lze p\u0159edpokl\u00e1dat, \u017ee vozidlo poch\u00e1z\u00ed z Texasu, americk\u00e9ho st\u00e1tu soused\u00edc\u00edho s Louisianou, kde byl trestn\u00fd \u010din v New Orleans sp\u00e1ch\u00e1n.<\/span><\/p>\n<p><span>Obr\u00e1zek pachatele byl poprv\u00e9 zve\u0159ejn\u011bn prost\u0159ednictv\u00edm X p\u0159ed p\u00e1r minutami. M\u00e1 tmavou ple\u0165 a nosil vojensk\u00e9 oble\u010den\u00ed. To, \u017ee m\u00e1 horn\u00ed \u010d\u00e1st t\u011bla od\u011bnou, mohlo b\u00fdt zp\u016fsobeno opat\u0159en\u00edmi prvn\u00ed pomoci, kter\u00e9 z\u00e1chran\u00e1\u0159i p\u0159ijali. Ty byly ne\u00fasp\u011b\u0161n\u00e9 a mu\u017e na m\u00edst\u011b zem\u0159el.<\/span><\/p>\n<figure class=\"wp-block-image size-full\"><img decoding=\"async\" loading=\"lazy\" class=\"wp-image-135599 aligncenter\" src=\"https:\/\/report24.news\/wp-content\/uploads\/2025\/01\/image-2.png\" sizes=\"(max-width: 780px) 100vw, 780px\" srcset=\"https:\/\/report24.news\/wp-content\/uploads\/2025\/01\/image-2.png 780w, https:\/\/report24.news\/wp-content\/uploads\/2025\/01\/image-2-768x1014.png 768w, https:\/\/report24.news\/wp-content\/uploads\/2025\/01\/image-2-600x792.png 600w\" alt=\"\" width=\"772\" height=\"1019\" \/><figcaption class=\"wp-element-caption\"><em><span>Fotografie \u0161iroce \u0161\u00ed\u0159en\u00e1 na X ukazuje \u010dernou vlajku na zadn\u00ed \u010d\u00e1sti vra\u017eedn\u00e9ho vozu. Mohla by to b\u00fdt vlajka Isl\u00e1msk\u00e9ho st\u00e1tu (IS).<\/span><\/em><\/figcaption><\/figure>\n<p><span>New Orleans je v prvn\u00ed des\u00edtce nejnebezpe\u010dn\u011bj\u0161\u00edch m\u011bst sv\u011bta. Kriminalita je obrovsk\u00e1. \u0158\u00edk\u00e1 se mu tak\u00e9 \u201ehlavn\u00ed m\u011bsto vra\u017ed\u201c USA. P\u0159es 70 procent obyvatel m\u011bsta jsou \u010derno\u0161i. Starostkou je \u010dern\u00e1 \u201edemokratka\u201c\u00a0<\/span><a href=\"https:\/\/en.wikipedia.org\/wiki\/LaToya_Cantrell\" target=\"_blank\" rel=\"noreferrer noopener\"><span>LaToya Cantrell<\/span><\/a><span>\u00a0. Ta d\u00e1ma se narodila v Los Angeles a m\u00e1 vystudovanou sociologii. Od n\u00e1stupu do \u00fa\u0159adu se na ni ji\u017e zam\u011b\u0159ovalo vy\u0161et\u0159ov\u00e1n\u00ed \u00faplatk\u00e1\u0159stv\u00ed. \u00dadajn\u011b tak\u00e9 zneu\u017eila kreditn\u00ed karty financovan\u00e9 z pen\u011bz da\u0148ov\u00fdch poplatn\u00edk\u016f pro osobn\u00ed \u00fa\u010dely. V americk\u00e9m levicov\u00e9m mainstreamu je pova\u017eov\u00e1na za hrdinku a obdr\u017eela \u0159adu vyznamen\u00e1n\u00ed.<\/span><\/p>\n<div class=\"elementor-element elementor-element-ce0c00d articlestyle elementor-widget elementor-widget-theme-post-content\" data-id=\"ce0c00d\" data-element_type=\"widget\" data-widget_type=\"theme-post-content.default\">\n<div class=\"elementor-widget-container\">\n<figure class=\"wp-block-image size-full\"><img decoding=\"async\" loading=\"lazy\" class=\"wp-image-135604 aligncenter\" src=\"https:\/\/report24.news\/wp-content\/uploads\/2025\/01\/image-5.png\" sizes=\"(max-width: 1200px) 100vw, 1200px\" srcset=\"https:\/\/report24.news\/wp-content\/uploads\/2025\/01\/image-5.png 1200w, https:\/\/report24.news\/wp-content\/uploads\/2025\/01\/image-5-768x435.png 768w, https:\/\/report24.news\/wp-content\/uploads\/2025\/01\/image-5-150x85.png 150w, https:\/\/report24.news\/wp-content\/uploads\/2025\/01\/image-5-600x340.png 600w\" alt=\"\" width=\"824\" height=\"467\" \/><figcaption class=\"wp-element-caption\"><span>Starosta New Orleans LaToya Cantrell (vlevo) na \u00favodn\u00ed tiskov\u00e9 konferenci \u0159ekl, \u017ee \u0161lo o teroristick\u00fd \u00fatok. Mlad\u00e1 d\u00e1ma s krou\u017ekem v nose (vpravo), zvl\u00e1\u0161tn\u00ed agentka FBI Alethea Duncanov\u00e1,\u00a0<\/span><a href=\"https:\/\/x.com\/AmericaPapaBear\/status\/1874467630095986839\" target=\"_blank\" rel=\"noreferrer noopener\"><span>o p\u00e1r minut pozd\u011bji na stejn\u00e9 tiskov\u00e9 konferenci<\/span><\/a><span>\u00a0prohl\u00e1sila , \u017ee se nejednalo o terorismus.<\/span><\/figcaption><\/figure>\n<figure class=\"wp-block-image size-full\"><a href=\"https:\/\/twitter.com\/visegrad24\/status\/1874434356825182235\" target=\"_blank\" rel=\"noreferrer noopener\"><img decoding=\"async\" loading=\"lazy\" class=\"wp-image-135601 aligncenter\" src=\"https:\/\/report24.news\/wp-content\/uploads\/2025\/01\/image-3.png\" sizes=\"(max-width: 741px) 100vw, 741px\" srcset=\"https:\/\/report24.news\/wp-content\/uploads\/2025\/01\/image-3.png 741w, https:\/\/report24.news\/wp-content\/uploads\/2025\/01\/image-3-600x238.png 600w\" alt=\"\" width=\"741\" height=\"294\" \/><\/a><\/figure>\n<p><span>Jedno z koluj\u00edc\u00edch vide\u00ed je trochu zvl\u00e1\u0161tn\u00ed. N\u00e1kla\u010f\u00e1k u\u017e tady asi zastavil a lid\u00e9 se staraj\u00ed o zran\u011bn\u00e9 \u2013 kdy\u017e v tom n\u011bkde pobl\u00ed\u017e vypukne st\u0159elba.<\/span><\/p>\n<figure class=\"wp-block-image size-full\"><a href=\"https:\/\/twitter.com\/Flick1_\/status\/1874410552317059206\" target=\"_blank\" rel=\"noreferrer noopener\"><img decoding=\"async\" loading=\"lazy\" class=\"wp-image-135602 aligncenter\" src=\"https:\/\/report24.news\/wp-content\/uploads\/2025\/01\/image-4.png\" sizes=\"(max-width: 749px) 100vw, 749px\" srcset=\"https:\/\/report24.news\/wp-content\/uploads\/2025\/01\/image-4.png 749w, https:\/\/report24.news\/wp-content\/uploads\/2025\/01\/image-4-600x729.png 600w\" alt=\"\" width=\"749\" height=\"910\" \/><\/a><\/figure>\n<p><span>Mezit\u00edm Fox News informovalo, \u017ee z pozn\u00e1vac\u00ed zna\u010dky bylo mo\u017en\u00e9 ur\u010dit, \u017ee vozidlo p\u0159ed dv\u011bma dny vjelo do USA z Mexika \u2013 i kdy\u017e nen\u00ed jasn\u00e9, zda za volantem sed\u011bla stejn\u00e1 osoba, kter\u00e1 sp\u00e1chala teroristick\u00fd \u00fatok. Budouc\u00ed americk\u00fd prezident Donald Trump komentoval:<\/span><\/p>\n<p><em>\u201eKdy\u017e jsem \u0159ekl, \u017ee zlo\u010dinci, kte\u0159\u00ed sem p\u0159ich\u00e1zej\u00ed, jsou mnohem hor\u0161\u00ed ne\u017e zlo\u010dinci, kter\u00e9 m\u00e1me v na\u0161\u00ed zemi, toto prohl\u00e1\u0161en\u00ed bylo neust\u00e1le vyvraceno demokraty a m\u00e9dii fake news, ale uk\u00e1zalo se, \u017ee jsou pravdiv\u00e9. Kriminalita je u n\u00e1s na \u00farovni, kterou je\u0161t\u011b nikdo nevid\u011bl. Na\u0161e my\u0161lenky jsou se v\u0161emi nevinn\u00fdmi ob\u011b\u0165mi a jejich rodinami, v\u010detn\u011b state\u010dn\u00fdch d\u016fstojn\u00edk\u016f policejn\u00edho odd\u011blen\u00ed New Orleans. Trumpova administrativa bude pln\u011b podporovat m\u011bsto New Orleans ve vy\u0161et\u0159ov\u00e1n\u00ed a zotaven\u00ed z tohoto \u010dinu \u010dist\u00e9ho zla!<\/em><\/p>\n<p><img decoding=\"async\" loading=\"lazy\" class=\"alignnone size-full wp-image-1185\" src=\"http:\/\/www.infokuryr.cz\/n\/wp-content\/uploads\/2021\/04\/kuryr-podpis.png\" alt=\"\" width=\"84\" height=\"24\" \/><\/p>\n<p>&nbsp;<\/p>\n<\/div>\n<\/div>\n","protected":false},"excerpt":{"rendered":"<p>V \u010dasn\u00fdch rann\u00edch hodin\u00e1ch 1. ledna 2025 najel \u201emu\u017e\u201c vysokou rychlost\u00ed b\u00edl\u00fdm pickupem do davu&#8230;<\/p>\n","protected":false},"author":2,"featured_media":69315,"comment_status":"closed","ping_status":"closed","sticky":false,"template":"","format":"standard","meta":[],"categories":[7],"tags":[871,82,37],"_links":{"self":[{"href":"https:\/\/www.infokuryr.cz\/n\/wp-json\/wp\/v2\/posts\/69314"}],"collection":[{"href":"https:\/\/www.infokuryr.cz\/n\/wp-json\/wp\/v2\/posts"}],"about":[{"href":"https:\/\/www.infokuryr.cz\/n\/wp-json\/wp\/v2\/types\/post"}],"author":[{"embeddable":true,"href":"https:\/\/www.infokuryr.cz\/n\/wp-json\/wp\/v2\/users\/2"}],"replies":[{"embeddable":true,"href":"https:\/\/www.infokuryr.cz\/n\/wp-json\/wp\/v2\/comments?post=69314"}],"version-history":[{"count":0,"href":"https:\/\/www.infokuryr.cz\/n\/wp-json\/wp\/v2\/posts\/69314\/revisions"}],"wp:featuredmedia":[{"embeddable":true,"href":"https:\/\/www.infokuryr.cz\/n\/wp-json\/wp\/v2\/media\/69315"}],"wp:attachment":[{"href":"https:\/\/www.infokuryr.cz\/n\/wp-json\/wp\/v2\/media?parent=69314"}],"wp:term":[{"taxonomy":"category","embeddable":true,"href":"https:\/\/www.infokuryr.cz\/n\/wp-json\/wp\/v2\/categories?post=69314"},{"taxonomy":"post_tag","embeddable":true,"href":"https:\/\/www.infokuryr.cz\/n\/wp-json\/wp\/v2\/tags?post=69314"}],"curies":[{"name":"wp","href":"https:\/\/api.w.org\/{rel}","templated":true}]}}