{"id":69309,"date":"2025-01-02T00:35:45","date_gmt":"2025-01-01T23:35:45","guid":{"rendered":"https:\/\/www.infokuryr.cz\/n\/?p=69309"},"modified":"2025-01-01T18:20:13","modified_gmt":"2025-01-01T17:20:13","slug":"dramaticky-vzkaz-rodicu-zabiteho-andreho-9-takto-stat-pomaha-obetem-magdeburgu","status":"publish","type":"post","link":"https:\/\/www.infokuryr.cz\/n\/2025\/01\/02\/dramaticky-vzkaz-rodicu-zabiteho-andreho-9-takto-stat-pomaha-obetem-magdeburgu\/","title":{"rendered":"Dramatick\u00fd vzkaz rodi\u010d\u016f zabit\u00e9ho Andr\u00e9ho (9): Takto st\u00e1t \u201epom\u00e1h\u00e1\u201c ob\u011btem Magdeburgu"},"content":{"rendered":"<div id=\"fb-root\"><\/div>\n<p><strong>Sn\u00edmek mal\u00e9ho chlapce, kter\u00fd se stal ob\u011bt\u00ed arabsk\u00e9ho teroristy Taleba A. v Magdeburgu, u\u017e oblet\u011bl sv\u011bt. Nyn\u00ed se jeho zoufal\u00e1 matka a nevlastn\u00ed otec obr\u00e1tili na ve\u0159ejnost s videem: Obvi\u0148uj\u00ed v n\u011bm nejen n\u011bmeckou vl\u00e1du, ale odsuzuj\u00ed i \u200b\u200bzp\u016fsob, jak\u00fdm se s nimi zach\u00e1z\u00ed.<\/strong><\/p>\n<p>Video poselstv\u00ed od D\u00e9sir\u00e9e G. a Patricka S., matky a nevlastn\u00edho otce mal\u00e9ho Andr\u00e9ho, je \u017ealude\u010dn\u00ed: Ti dva se c\u00edt\u00ed st\u00e1tem opu\u0161t\u011bni. Uv\u00e1d\u011bj\u00ed, \u017ee jim st\u00e1le nebylo dovoleno vid\u011bt sv\u00e9 d\u00edt\u011b:<\/p>\n<p><em>\u201eNyn\u00ed jsme na 11. dni od \u00fatoku. A ka\u017edou vte\u0159inou se nad\u011bje, \u017ee budeme moci znovu vid\u011bt na\u0161e d\u00edt\u011b, zmen\u0161uje. A jedin\u011b vyhro\u017eov\u00e1n\u00edm zavol\u00e1n\u00edm pr\u00e1vn\u00edka apod. se v\u011bci mohou kone\u010dn\u011b pohnout kup\u0159edu. Te\u010f uplynou dal\u0161\u00ed dva dny, ne\u017e uvid\u00edme na\u0161e d\u00edt\u011b. Nikdo nev\u00ed, jestli je n\u00e1m to v\u016fbec dovoleno. Zda by to bylo rozumn\u00e9. Nech\u00e1pu, pro\u010d by se matce m\u011blo dovolit tolik trp\u011bt.&#8220;<\/em><\/p>\n<p><a href=\"https:\/\/x.com\/niusde_\/status\/1874189131825422478?ref_src=twsrc%5Etfw%7Ctwcamp%5Etweetembed%7Ctwterm%5E1874189131825422478%7Ctwgr%5Eec54a94c2f5040460349c43cb5eeb0b3808a0263%7Ctwcon%5Es1_&amp;ref_url=https%3A%2F%2Freport24.news%2Fdramatische-botschaft-von-eltern-des-getoeteten-andre-9-so-hilft-der-staat-den-opfern-von-magdeburg%2F\"><img decoding=\"async\" loading=\"lazy\" class=\"wp-image-69310 aligncenter\" src=\"http:\/\/www.infokuryr.cz\/n\/wp-content\/uploads\/2025\/01\/magdeburk-chlapec-225x300.jpg\" alt=\"\" width=\"551\" height=\"735\" srcset=\"https:\/\/www.infokuryr.cz\/n\/wp-content\/uploads\/2025\/01\/magdeburk-chlapec-225x300.jpg 225w, https:\/\/www.infokuryr.cz\/n\/wp-content\/uploads\/2025\/01\/magdeburk-chlapec.jpg 600w\" sizes=\"(max-width: 551px) 100vw, 551px\" \/><\/a><\/p>\n<p>Oba p\u016fvodn\u011b cht\u011bli nato\u010dit video p\u0159edev\u0161\u00edm proto, aby vyj\u00e1d\u0159ili soustrast ostatn\u00edm ob\u011btem teroru v Magdeburgu. Ale je to dost. Tak\u017ee vy dva jste zat\u00edm \u017e\u00e1dnou pomoc nedostali. \u201eNem\u00e1me psychology. Nic! V\u016fbec nic!&#8220;. Vl\u00e1da n\u00e1s zat\u00edm ani nekontaktovala, pouze \u201ehloup\u00e1 agentura na ochranu ob\u011bt\u00ed\u201c poslala formul\u00e1\u0159 s t\u00edm, \u017ee by se nem\u011bli b\u00e1t vyhledat pomoc. Ano, kter\u00fd, pt\u00e1 se div\u00e1k s\u00e1m sebe? A cynik si klade ot\u00e1zku: Jak\u00e1 podpora by byla nasazena v nejlep\u0161\u00edm N\u011bmecku, kdyby \u0161lo o rasistick\u00fd \u00fatok proti migrant\u016fm?<\/p>\n<p>Zoufal\u00e1 matka pokra\u010duje:<\/p>\n<p><em>\u201eNen\u00ed to moje vina, \u017ee moje d\u00edt\u011b toho dne zem\u0159elo. A nem\u016f\u017eu vinit policisty, proto\u017ee byli ve sv\u00e9m hloup\u00e9m aut\u011b 30 metr\u016f daleko. Ani j\u00e1 nechci b\u00fdt v jejich k\u016f\u017ei. Faktem je: Byl zn\u00e1m\u00fd jako terorista a nikdo s t\u00edm nic neud\u011blal.\u00a0<strong>Vina le\u017e\u00ed na jedn\u00e9 osob\u011b, kter\u00e1 zabila na\u0161e d\u00edt\u011b. A s vl\u00e1dou, proto\u017ee nejednali.&#8220;<\/strong><\/em><\/p>\n<p><em>Man\u017eel\u00e9 oznamuj\u00ed, \u017ee cht\u011bj\u00ed zv\u00fd\u0161it tlak na soci\u00e1ln\u00edch s\u00edt\u00edch: \u201ePokud se nic neud\u011bl\u00e1, budeme nad\u00e1le d\u00e1vat najevo svou nelibost. Nikomu nedovol\u00edme, aby n\u00e1m dr\u017eel jazyk za zuby.&#8220; Patrick S. varuje politiky a apeluje na ka\u017ed\u00e9ho, kdo video uvid\u00ed: \u201eMo\u017en\u00e1 jsme mal\u00ed lid\u00e9, ale nejsme mal\u00ed, jsme N\u011bmecko. \u017d\u00e1d\u00e1me v\u00e1s, abyste toto video sd\u00edleli co nej\u010dast\u011bji. Ud\u011blejte to velk\u00e9 a pomozte n\u00e1m.&#8220;<\/em><\/p>\n<p><img decoding=\"async\" loading=\"lazy\" class=\"alignnone size-full wp-image-1185\" src=\"http:\/\/www.infokuryr.cz\/n\/wp-content\/uploads\/2021\/04\/kuryr-podpis.png\" alt=\"\" width=\"84\" height=\"24\" \/><\/p>\n<p>&nbsp;<\/p>\n","protected":false},"excerpt":{"rendered":"<p>Sn\u00edmek mal\u00e9ho chlapce, kter\u00fd se stal ob\u011bt\u00ed arabsk\u00e9ho teroristy Taleba A. v Magdeburgu, u\u017e oblet\u011bl&#8230;<\/p>\n","protected":false},"author":2,"featured_media":69312,"comment_status":"closed","ping_status":"closed","sticky":false,"template":"","format":"standard","meta":[],"categories":[7],"tags":[8352,84,871,1107],"_links":{"self":[{"href":"https:\/\/www.infokuryr.cz\/n\/wp-json\/wp\/v2\/posts\/69309"}],"collection":[{"href":"https:\/\/www.infokuryr.cz\/n\/wp-json\/wp\/v2\/posts"}],"about":[{"href":"https:\/\/www.infokuryr.cz\/n\/wp-json\/wp\/v2\/types\/post"}],"author":[{"embeddable":true,"href":"https:\/\/www.infokuryr.cz\/n\/wp-json\/wp\/v2\/users\/2"}],"replies":[{"embeddable":true,"href":"https:\/\/www.infokuryr.cz\/n\/wp-json\/wp\/v2\/comments?post=69309"}],"version-history":[{"count":1,"href":"https:\/\/www.infokuryr.cz\/n\/wp-json\/wp\/v2\/posts\/69309\/revisions"}],"predecessor-version":[{"id":69313,"href":"https:\/\/www.infokuryr.cz\/n\/wp-json\/wp\/v2\/posts\/69309\/revisions\/69313"}],"wp:featuredmedia":[{"embeddable":true,"href":"https:\/\/www.infokuryr.cz\/n\/wp-json\/wp\/v2\/media\/69312"}],"wp:attachment":[{"href":"https:\/\/www.infokuryr.cz\/n\/wp-json\/wp\/v2\/media?parent=69309"}],"wp:term":[{"taxonomy":"category","embeddable":true,"href":"https:\/\/www.infokuryr.cz\/n\/wp-json\/wp\/v2\/categories?post=69309"},{"taxonomy":"post_tag","embeddable":true,"href":"https:\/\/www.infokuryr.cz\/n\/wp-json\/wp\/v2\/tags?post=69309"}],"curies":[{"name":"wp","href":"https:\/\/api.w.org\/{rel}","templated":true}]}}