{"id":6918,"date":"2021-12-16T16:46:13","date_gmt":"2021-12-16T15:46:13","guid":{"rendered":"http:\/\/www.infokuryr.cz\/n\/?p=6918"},"modified":"2021-12-16T16:46:13","modified_gmt":"2021-12-16T15:46:13","slug":"dr-sucharit-bhakdi-rec-ktera-hory-prenasi-pro-lekare-pravniky-a-kazdeho-kdo-ma-dusi","status":"publish","type":"post","link":"https:\/\/www.infokuryr.cz\/n\/2021\/12\/16\/dr-sucharit-bhakdi-rec-ktera-hory-prenasi-pro-lekare-pravniky-a-kazdeho-kdo-ma-dusi\/","title":{"rendered":"Dr. Sucharit Bhakdi: \u0158e\u010d, kter\u00e1 hory p\u0159en\u00e1\u0161\u00ed, pro l\u00e9ka\u0159e, pr\u00e1vn\u00edky a ka\u017ed\u00e9ho, kdo m\u00e1 du\u0161i"},"content":{"rendered":"<div id=\"fb-root\"><\/div>\n<div class=\"elementor-element elementor-element-1fb4c2c elementor-widget elementor-widget-theme-post-content\" data-id=\"1fb4c2c\" data-element_type=\"widget\" data-widget_type=\"theme-post-content.default\">\n<div class=\"elementor-widget-container\">\n<p><span>Toto sympozium je v\u011bnov\u00e1no troj\u00ed v\u00fdzv\u011b: vol\u00e1n\u00ed po lidskosti, vol\u00e1n\u00ed po svobod\u011b a vol\u00e1n\u00ed po spravedlnosti.<\/span><\/p>\n<p><span>V\u00fdzva k lidskosti je adresov\u00e1na l\u00e9ka\u0159\u016fm po cel\u00e9m sv\u011bt\u011b.\u00a0Hr\u00e1li jste \u00fast\u0159edn\u00ed roli p\u0159i vykouzlen\u00ed p\u0159\u00edb\u011bhu COVID-19 a nastolen\u00ed jeho osudov\u00e9 cesty.<\/span><\/p>\n<p><span>Vra\u0165te se ke sv\u00e9 sl\u00edben\u00e9 povinnosti slou\u017eit lidstvu.\u00a0Pamatujte na Hippokratovu p\u0159\u00edsahu a \u017denevskou deklaraci z roku 1954. Vyvarujte se zp\u016fsoben\u00ed \u0161kody.<\/span><\/p>\n<p><span>L\u00e9ka\u0159i \u00fa\u010dastn\u00edc\u00ed se o\u010dkovac\u00edho programu: Hledejte pravdu uvnit\u0159.\u00a0Jedn\u00e1te z p\u0159esv\u011bd\u010den\u00ed?\u00a0Zkusili jste zv\u00e1\u017eit d\u016fkazy pro a proti pod\u00e1v\u00e1n\u00ed l\u00e9k\u016f na b\u00e1zi gen\u016f?\u00a0Na za\u010d\u00e1tku o\u010dkovac\u00ed kampan\u011b jste mo\u017en\u00e1 v\u011b\u0159ili, \u017ee pod\u00e1v\u00e1n\u00ed produkt\u016f COVID na b\u00e1zi gen\u016f je v nejlep\u0161\u00edm z\u00e1jmu va\u0161ich pacient\u016f.\u00a0Toto sympozium v\u0161ak nevyvratiteln\u011b prok\u00e1zalo, \u017ee tento \u00fahel pohledu je ji\u017e neudr\u017eiteln\u00fd.\u00a0Potenci\u00e1l takzvan\u00fdch vakc\u00edn zp\u016fsobit sebezni\u010den\u00ed je nyn\u00ed evidentn\u00ed.\u00a0Pokra\u010dov\u00e1n\u00ed v jejich pou\u017e\u00edv\u00e1n\u00ed se rovn\u00e1 zam\u00fd\u0161len\u00e9mu ubl\u00ed\u017een\u00ed na zdrav\u00ed.\u00a0Vy, sv\u011btov\u00ed zdravotn\u00edci, to m\u016f\u017eete a mus\u00edte okam\u017eit\u011b zastavit.\u00a0Snese\u0161 tu my\u0161lenku, \u017ee by va\u0161e dal\u0161\u00ed injekce mohla zni\u010dit nad\u011bje a \u0161t\u011bst\u00ed nevinn\u00e9ho d\u00edt\u011bte?\u00a0Krev, kterou m\u00e1te na rukou, lze st\u00e1le sm\u00fdt.\u00a0Ale nov\u00e1 krev se na v\u00e1s bude dr\u017eet a\u017e do soudn\u00e9ho dne.<\/span><\/p>\n<p><span>Dokto\u0159i, vyz\u00fdv\u00e1me v\u00e1s, abyste se nepletli do po\u0161kozov\u00e1n\u00ed sv\u00fdch pacient\u016f.\u00a0Bra\u0148te se proti p\u0159ivlast\u0148ov\u00e1n\u00ed medic\u00edny politikou a vezm\u011bte p\u00e9\u010di o pacienty a bezpe\u010d\u00ed pacient\u016f op\u011bt do sv\u00fdch rukou.<\/span><\/p>\n<p><span>Na\u0161e v\u00fdzva ke svobod\u011b je ur\u010dena vl\u00e1dn\u00edm agentur\u00e1m a l\u00e9ka\u0159sk\u00fdm instituc\u00edm, jejich\u017e st\u0159ety z\u00e1jm\u016f jsou na denn\u00edm po\u0159\u00e1dku.\u00a0Obvi\u0148ujeme je ze zneu\u017eit\u00ed sv\u00fdch pravomoc\u00ed k tomu, aby slou\u017eily sv\u00fdm vlastn\u00edm z\u00e1jm\u016fm.\u00a0Zp\u016fsobili jste lidem ve sv\u011bt\u011b nev\u00fdslovn\u00e9 utrpen\u00ed \u2013 cynick\u00e9, nemilosrdn\u00e9, nemilosrdn\u00e9.\u00a0Jako prvn\u00ed oslov\u00ed l\u00e9ka\u0159i: Anthony Fauci, Ursula van der Leyen, rakousk\u00fd a n\u011bmeck\u00fd ministr zdravotnictv\u00ed, p\u0159\u00ed\u0161t\u00ed spolkov\u00fd prezident \u0160v\u00fdcarska.\u00a0Neboj\u00edte se, \u017ee va\u0161e jm\u00e9na spolu se jm\u00e9ny nejv\u011bt\u0161\u00edch zlo\u010dinc\u016f v\u0161ech dob vejdou do d\u011bjin a nav\u017edy po\u0161kod\u00ed pov\u011bst na\u0161\u00ed kdysi uct\u00edvan\u00e9 profese?<\/span><\/p>\n<p><span>Vyz\u00fdv\u00e1me v\u00e1s, abyste n\u00e1s kontaktovali a v\u011bc s n\u00e1mi probrali otev\u0159en\u011b a up\u0159\u00edmn\u011b.\u00a0Tato \u017e\u00e1dost se vztahuje i na v\u0161echna zdravotnick\u00e1 za\u0159\u00edzen\u00ed, kter\u00e1 nad\u00e1le inzeruj\u00ed v\u00fdhody o\u010dkov\u00e1n\u00ed proti COVID.\u00a0Kolegov\u00e9: Nem\u016f\u017eeme m\u00edt oba pravdu a je na\u0161\u00ed absolutn\u00ed povinnost\u00ed spole\u010dn\u011b hledat pravdu.\u00a0Poj\u010fte, mil\u00ed kolegov\u00e9, p\u0159esv\u011bd\u010dit sv\u011bt o sv\u00e9m \u010destn\u00e9m postoji p\u0159ijet\u00edm na\u0161\u00ed v\u00fdzvy.\u00a0\u010cek\u00e1me na v\u00e1s kdykoli, ka\u017ed\u00fd den a kdekoli.<\/span><\/p>\n<p><span>Na\u0161e vol\u00e1n\u00ed po spravedlnosti sm\u011b\u0159uje k soud\u016fm sv\u011bta.\u00a0Va\u0161e soudn\u00ed s\u00edn\u011b p\u0159ij\u00edmaj\u00ed vol\u00e1n\u00ed o pomoc ze v\u0161ech \u010d\u00e1st\u00ed sv\u011bta.\u00a0Vra\u0165te se ke sv\u00e9 pr\u00e1vn\u00ed odpov\u011bdnosti chr\u00e1nit a st\u00e1t po boku lid\u00ed, kte\u0159\u00ed jsou terorizov\u00e1ni n\u011bkolika vyvolen\u00fdmi na sv\u011bt\u011b.\u00a0P\u0159ipome\u0148te si sv\u00e9 pracovn\u00ed povinnosti a dodr\u017eujte etiku sv\u00e9 pr\u00e1ce.\u00a0Otev\u0159ete o\u010di, u\u0161i a mysl dv\u011bma znep\u0159\u00e1telen\u00fdm stran\u00e1m.<\/span><\/p>\n<p><span>Ujist\u011bte se, \u017ee vin\u00edci budou postaveni p\u0159ed soud.<\/span><\/p>\n<p><span>A nakonec k na\u0161im bli\u017en\u00edm: Vyz\u00fdv\u00e1me v\u00e1s, abyste se postavili za sv\u00e1 pr\u00e1va a pr\u00e1va t\u011bch, kter\u00e9 milujete \u2013 svou svobodu, svou fyzickou autonomii, sv\u00e9 pr\u00e1vo svobodn\u011b \u017e\u00edt, mluvit, pohybovat se a pracovat bez l\u00e9ka\u0159sk\u00e9ho n\u00e1tlaku, zastra\u0161ov\u00e1n\u00ed, nebo strach z odvety.<\/span><\/p>\n<p><span>Proto\u017ee jakmile se t\u011bchto pr\u00e1v vzd\u00e1te, nem\u016f\u017eete je vr\u00e1tit.\u00a0Odsuzujete sv\u00e9 d\u011bti a budouc\u00ed generace k existenci ve sv\u011bt\u011b temnoty, k \u017eivotu bez empatie, bez l\u00e1sky, bez lidskosti.\u00a0\u017divot, kter\u00fd u\u017e nestoj\u00ed za to \u017e\u00edt.<\/span><\/p>\n<\/div>\n<\/div>\n<div class=\"elementor-element elementor-element-8c57238 quelle dc-has-condition dc-condition-empty elementor-widget elementor-widget-heading\" data-id=\"8c57238\" data-element_type=\"widget\" data-widget_type=\"heading.default\">\n<div class=\"elementor-widget-container\">\n<h3 class=\"elementor-heading-title elementor-size-default\"><span style=\"font-size: 8pt;\"><a href=\"https:\/\/www.globalresearch.ca\/dr-sucharit-bhakdi-speech-move-mountains-aimed-physicians-lawyers-anyone-soul\/5764636\" target=\"_blank\" rel=\"nofollow noopener\">ZDROJ: DR.\u00a0SUCHARIT BHAKDI: PROJEV, KTER\u00dd P\u0158ENESE HORY, ZAM\u011a\u0158EN\u00dd NA L\u00c9KA\u0158E, PR\u00c1VN\u00cdKY A KOHOKOLI S DU\u0160\u00cd<\/a><\/span><\/h3>\n<p>&nbsp;<\/p>\n<\/div>\n<\/div>\n","protected":false},"excerpt":{"rendered":"<p>Toto sympozium je v\u011bnov\u00e1no troj\u00ed v\u00fdzv\u011b: vol\u00e1n\u00ed po lidskosti, vol\u00e1n\u00ed po svobod\u011b a vol\u00e1n\u00ed po&#8230;<\/p>\n","protected":false},"author":2,"featured_media":6919,"comment_status":"closed","ping_status":"closed","sticky":false,"template":"","format":"standard","meta":[],"categories":[7],"tags":[23,213,538],"_links":{"self":[{"href":"https:\/\/www.infokuryr.cz\/n\/wp-json\/wp\/v2\/posts\/6918"}],"collection":[{"href":"https:\/\/www.infokuryr.cz\/n\/wp-json\/wp\/v2\/posts"}],"about":[{"href":"https:\/\/www.infokuryr.cz\/n\/wp-json\/wp\/v2\/types\/post"}],"author":[{"embeddable":true,"href":"https:\/\/www.infokuryr.cz\/n\/wp-json\/wp\/v2\/users\/2"}],"replies":[{"embeddable":true,"href":"https:\/\/www.infokuryr.cz\/n\/wp-json\/wp\/v2\/comments?post=6918"}],"version-history":[{"count":0,"href":"https:\/\/www.infokuryr.cz\/n\/wp-json\/wp\/v2\/posts\/6918\/revisions"}],"wp:featuredmedia":[{"embeddable":true,"href":"https:\/\/www.infokuryr.cz\/n\/wp-json\/wp\/v2\/media\/6919"}],"wp:attachment":[{"href":"https:\/\/www.infokuryr.cz\/n\/wp-json\/wp\/v2\/media?parent=6918"}],"wp:term":[{"taxonomy":"category","embeddable":true,"href":"https:\/\/www.infokuryr.cz\/n\/wp-json\/wp\/v2\/categories?post=6918"},{"taxonomy":"post_tag","embeddable":true,"href":"https:\/\/www.infokuryr.cz\/n\/wp-json\/wp\/v2\/tags?post=6918"}],"curies":[{"name":"wp","href":"https:\/\/api.w.org\/{rel}","templated":true}]}}