{"id":69169,"date":"2024-12-30T06:26:11","date_gmt":"2024-12-30T05:26:11","guid":{"rendered":"https:\/\/www.infokuryr.cz\/n\/?p=69169"},"modified":"2024-12-30T06:26:11","modified_gmt":"2024-12-30T05:26:11","slug":"protesty-v-amsterdamu-vyzyvaji-k-miru-s-ruskem","status":"publish","type":"post","link":"https:\/\/www.infokuryr.cz\/n\/2024\/12\/30\/protesty-v-amsterdamu-vyzyvaji-k-miru-s-ruskem\/","title":{"rendered":"Protesty v Amsterdamu vyz\u00fdvaj\u00ed k \u201em\u00edru s Ruskem\u201c"},"content":{"rendered":"<div id=\"fb-root\"><\/div>\n<p><span style=\"font-size: 18pt;\"><strong>V nizozemsk\u00e9 metropoli se shrom\u00e1\u017edily stovky lid\u00ed, kte\u0159\u00ed po\u017eadovali ukon\u010den\u00ed vojensk\u00e9 podpory pro Ukrajinu<\/strong><\/span><\/p>\n<p><span>Stovky lid\u00ed se v ned\u011bli se\u0161ly na n\u00e1m\u011bst\u00ed Dam v Amsterdamu, aby protestovaly proti trval\u00e9 vojensk\u00e9 podpo\u0159e Nizozemska pro Ukrajinu a vyzvaly vl\u00e1du, aby m\u00edsto toho zah\u00e1jila dialog s Ruskem.<\/span><\/p>\n<p><span>Shrom\u00e1\u017ed\u011bn\u00ed a n\u00e1sledn\u00fd pochod zorganizovalo n\u011bkolik aktivistick\u00fdch skupin a pravicov\u00e1 strana F\u00f3rum pro demokracii (FvD). Demonstrace m\u011bla podle jej\u00edch organiz\u00e1tor\u016f p\u0159il\u00e1kat nejm\u00e9n\u011b 1500 lid\u00ed.<\/span><\/p>\n<p><span>Poslanec FvD Gideon van Meijeren b\u011bhem akce pronesl projev, ve kter\u00e9m vyzval k m\u00edru s Ruskem a obvinil\u00a0<\/span><em><span>\u201eelity\u201c<\/span><\/em><span>\u00a0ze snahy rozpoutat velkou v\u00e1lku.<\/span><\/p>\n<p><em><span>\u201eL\u017eou n\u00e1m, zastra\u0161uj\u00ed n\u00e1s a cht\u011bj\u00ed v\u00e1lku s Ruskem. \u0158\u00edkaj\u00ed, \u017ee Rusko je nebezpe\u010dn\u00e9 a \u017ee n\u00e1s chce Rusko napadnout, ale my v\u00edme, \u017ee to d\u011blaj\u00ed jen pro sv\u00e9 vlastn\u00ed z\u00e1jmy. Cht\u011bj\u00ed nasm\u011brovat v\u00edce pen\u011bz do vojensko-pr\u016fmyslov\u00e9ho komplexu a m\u00edt v\u00edce moci, proto se n\u00e1s sna\u017e\u00ed manipulovat,\u201c<\/span><\/em><span>\u00a0\u0159ekl Meijeren agentu\u0159e TASS a zd\u016fraznil, \u017ee\u00a0<\/span><em><span>\u201em\u00edr by byl nejlep\u0161\u00ed volbou pro v\u0161echny\u201c.<\/span><\/em><\/p>\n<p><span>\u0158e\u010dn\u00edci na akci p\u0159ednesli sv\u00e9 pozn\u00e1mky na mal\u00e9m p\u00f3diu s transparentem s n\u00e1pisem\u00a0<\/span><em><span>\u201eM\u00edr s Ruskem\u201c<\/span><\/em><span>\u00a0a stuhou zobrazuj\u00edc\u00ed nizozemskou vlajku p\u0159ech\u00e1zej\u00edc\u00ed do rusk\u00e9ho st\u00e1tn\u00edho prapor\u010d\u00edka.<\/span><\/p>\n<p><span>\u010clen skupiny aktivist\u016f Srdce pro svobodu Hugo Gitelink \u0159ekl demonstrant\u016fm, \u017ee pokra\u010duj\u00edc\u00ed konflikt mezi Ruskem a Ukrajinou, podporovan\u00fd kolektivn\u00edm Z\u00e1padem, m\u016f\u017ee p\u0159er\u016fst ve t\u0159et\u00ed sv\u011btovou v\u00e1lku.<\/span><\/p>\n<p><em><span>&#8222;T\u0159et\u00ed sv\u011btov\u00e1 v\u00e1lka by byla peklem na Zemi.&#8220; Proto vyz\u00fdv\u00e1me k okam\u017eit\u00e9mu p\u0159\u00edm\u011b\u0159\u00ed [a ukon\u010den\u00ed] ve\u0161ker\u00fdch dod\u00e1vek zbran\u00ed a zru\u0161en\u00ed ekonomick\u00fdch a kulturn\u00edch sankc\u00ed,\u201c<\/span><\/em><span>\u00a0uvedl.<\/span><\/p>\n<p><span>Nizozemsko pat\u0159\u00ed k nejaktivn\u011bj\u0161\u00edm podporovatel\u016fm Ukrajiny, dod\u00e1v\u00e1 rozmanit\u00fd sofistikovan\u00fd hardware, finan\u010dn\u011b p\u0159isp\u00edv\u00e1 na tanky Leopard a p\u0159isl\u00edbilo americk\u00e9 st\u00edha\u010dky F-16 ze sv\u00e9 vlastn\u00ed flotily. Zem\u011b letos poskytla Ukrajin\u011b vojenskou pomoc ve v\u00fd\u0161i p\u0159ibli\u017en\u011b 3 miliardy eur (3,15 miliardy dolar\u016f), p\u0159i\u010dem\u017e podobn\u00e9 \u010d\u00e1stky jsou vy\u010dlen\u011bny na roky 2024 a 2025, podle ofici\u00e1ln\u00edch \u00fadaj\u016f zve\u0159ejn\u011bn\u00fdch nizozemskou vl\u00e1dou.<\/span><\/p>\n<p><img decoding=\"async\" loading=\"lazy\" class=\"alignnone size-full wp-image-1185\" src=\"http:\/\/www.infokuryr.cz\/n\/wp-content\/uploads\/2021\/04\/kuryr-podpis.png\" alt=\"\" width=\"84\" height=\"24\" \/><\/p>\n<p>&nbsp;<\/p>\n","protected":false},"excerpt":{"rendered":"<p>V nizozemsk\u00e9 metropoli se shrom\u00e1\u017edily stovky lid\u00ed, kte\u0159\u00ed po\u017eadovali ukon\u010den\u00ed vojensk\u00e9 podpory pro Ukrajinu Stovky&#8230;<\/p>\n","protected":false},"author":2,"featured_media":69170,"comment_status":"closed","ping_status":"closed","sticky":false,"template":"","format":"standard","meta":[],"categories":[7],"tags":[3840,376,95],"_links":{"self":[{"href":"https:\/\/www.infokuryr.cz\/n\/wp-json\/wp\/v2\/posts\/69169"}],"collection":[{"href":"https:\/\/www.infokuryr.cz\/n\/wp-json\/wp\/v2\/posts"}],"about":[{"href":"https:\/\/www.infokuryr.cz\/n\/wp-json\/wp\/v2\/types\/post"}],"author":[{"embeddable":true,"href":"https:\/\/www.infokuryr.cz\/n\/wp-json\/wp\/v2\/users\/2"}],"replies":[{"embeddable":true,"href":"https:\/\/www.infokuryr.cz\/n\/wp-json\/wp\/v2\/comments?post=69169"}],"version-history":[{"count":0,"href":"https:\/\/www.infokuryr.cz\/n\/wp-json\/wp\/v2\/posts\/69169\/revisions"}],"wp:featuredmedia":[{"embeddable":true,"href":"https:\/\/www.infokuryr.cz\/n\/wp-json\/wp\/v2\/media\/69170"}],"wp:attachment":[{"href":"https:\/\/www.infokuryr.cz\/n\/wp-json\/wp\/v2\/media?parent=69169"}],"wp:term":[{"taxonomy":"category","embeddable":true,"href":"https:\/\/www.infokuryr.cz\/n\/wp-json\/wp\/v2\/categories?post=69169"},{"taxonomy":"post_tag","embeddable":true,"href":"https:\/\/www.infokuryr.cz\/n\/wp-json\/wp\/v2\/tags?post=69169"}],"curies":[{"name":"wp","href":"https:\/\/api.w.org\/{rel}","templated":true}]}}