{"id":69088,"date":"2024-12-29T00:39:45","date_gmt":"2024-12-28T23:39:45","guid":{"rendered":"https:\/\/www.infokuryr.cz\/n\/?p=69088"},"modified":"2024-12-28T18:10:56","modified_gmt":"2024-12-28T17:10:56","slug":"jiri-paroubek-premier-mlatil-prazdnou-slamu","status":"publish","type":"post","link":"https:\/\/www.infokuryr.cz\/n\/2024\/12\/29\/jiri-paroubek-premier-mlatil-prazdnou-slamu\/","title":{"rendered":"Ji\u0159\u00ed Paroubek: Premi\u00e9r ml\u00e1til pr\u00e1zdnou sl\u00e1mu"},"content":{"rendered":"<div id=\"fb-root\"><\/div>\n<p><strong>Premi\u00e9r si ani po roce nenechal uj\u00edt sv\u016fj Svato\u0161t\u011bp\u00e1nsk\u00fd projev, kter\u00fd se v\u011bnoval, jak jinak, sebechv\u00e1le. A v podstat\u011b zah\u00e1jil volebn\u00ed kampa\u0148 Ob\u010dansk\u00e9 demokratick\u00e9 strany a koalice Spolu.<\/strong><\/p>\n<p>Samoz\u0159ejm\u011b, \u017ee v\u0161e, co Fialova vl\u00e1da, respektive vl\u00e1da pod jeho veden\u00edm d\u011bl\u00e1, je zalit\u00e9 sluncem a p\u0159\u00edmo skv\u011bl\u00e9. Zejm\u00e9na se &#8211; podle Fialy &#8211;\u00a0povedla d\u016fchodov\u00e1 reforma, kter\u00e1 pr\u00fd\u00a0 &#8222;lidem mlad\u0161\u00edm \u010dty\u0159iceti let garantuje v budoucnu d\u016fstojnou penzi.&#8220; D\u016fchodov\u00e1 reforma samoz\u0159ejm\u011b \u017e\u00e1dnou d\u016fchodovou reformou nen\u00ed. Jsou to pouhopouh\u00e9 parametrick\u00e9 zm\u011bny. Ta\u00a0nepodstatn\u011bj\u0161\u00ed zm\u011bna znamen\u00e1 ov\u0161em prodlou\u017een\u00ed d\u016fchodov\u00e9ho v\u011bku budouc\u00edch d\u016fchodc\u016f do 67 let. Sice a\u017e po\u00a0 letech, ale tento n\u00e1r\u016fst je podle &#8222;reformy&#8220; nezadr\u017eiteln\u00fd. Krom\u011b toho, algoritmus v\u00fdpo\u010dtu nov\u00fdch d\u016fchod\u016f je m\u00e9n\u011b v\u00fdhodn\u00fd pro budouc\u00ed d\u016fchodce. A t\u0159et\u00edm d\u016fle\u017eit\u00fdm faktorem je to, \u017ee n\u011bkter\u00e9 profese fyzicky t\u011b\u017ece pracuj\u00edc\u00edch lid\u00ed jsou vylou\u010deny z p\u0159ed\u010dasn\u00e9ho odchodu do d\u016fchodu (jedn\u00e1 se o n\u011bkolik\u00a0 set tis\u00edc\u00a0 lid\u00ed). Tito lid\u00e9, jak lze logicky o\u010dek\u00e1vat, budou tedy \u010dasto odch\u00e1zet do invalidn\u00edch d\u016fchod\u016f&#8230;. Budou dlouhodob\u011b nemocn\u00ed apod. Tak\u017ee nev\u00edm, jestli zrovna tato pseudod\u016fchodov\u00e1 reforma je n\u011b\u010d\u00edm, \u010d\u00edm by se premi\u00e9r m\u011bl chlubit.<\/p>\n<p>Pr\u00fd \u201eskon\u010dilo\u00a0 kritick\u00e9 zdra\u017eov\u00e1n\u00ed\u201c. Na jednu stranu\u00a0 m\u00e1 premi\u00e9r pravdu. Ceny zbo\u017e\u00ed letos opravdu p\u0159\u00edli\u0161 nerostou. Tu a tam\u00a0sice\u00a0doch\u00e1z\u00ed k n\u011bjak\u00e9mu cenov\u00e9mu excesu,\u00a0tu u vajec, tu u m\u00e1sla, zejm\u00e9na v p\u0159edv\u00e1no\u010dn\u00edm obdob\u00ed, kdy se to hospody\u0148k\u00e1m nejm\u00e9n\u011b hod\u00ed. Ale to, co je z\u0159ejm\u00e9,\u00a0a to nakonec musel jemn\u011b zm\u00ednit i\u00a0 Fiala, je to, \u017ee\u00a0 n\u00e1r\u016fst cen, kter\u00fd jsme za\u017eili v posledn\u00edch dvou letech (tedy roky 2022 a 2023) a v souhrnu u t\u011bch skute\u010dn\u011b z\u00e1kladn\u00edch druh\u016f potravin a dal\u0161\u00edho zbo\u017e\u00ed, se jedn\u00e1 o cenov\u00fd n\u00e1r\u016fst kolem 30%, u\u017e eliminovat nep\u016fjde. Tedy Fialova vl\u00e1da zp\u016fsobila takovou inflaci, kter\u00e1 u n\u00e1s s v\u00fdjimkou v\u00e1le\u010dn\u00fdch let 1939-1945 nebyla zaznamen\u00e1na. Cenovou explozi z let 2022 a 2023 tedy u\u017e nikdo sni\u017eovat nehodl\u00e1. Premi\u00e9r se tak\u00e9 nepochlubil t\u00edm, \u017ee vinu za tyto ceny nese jednak vl\u00e1da a tak\u00e9 oligopoln\u00ed charakter \u010desk\u00e9 ekonomiky. Vl\u00e1da toti\u017e umo\u017enila t\u011bm nejv\u011bt\u0161\u00edm firm\u00e1m, \u010dasto nadn\u00e1rodn\u00edm, aby zde \u0159\u00e1dily a stanovily ceny a tr\u017en\u00ed podm\u00ednky, jak\u00e9 cht\u011bj\u00ed. T\u00fdk\u00e1 se to\u00a0 bank,\u00a0 energetick\u00fdch spole\u010dnost\u00ed, obchodn\u00edch \u0159et\u011bzc\u016f, telekomunika\u010dn\u00edch spole\u010dnost\u00ed, aerolini\u00ed apod. Mohl bych ve v\u00fd\u010dtu pokra\u010dovat. M\u00edsto toho, aby vl\u00e1da uva\u017eovala nap\u0159.\u00a0o\u00a0mimo\u0159\u00e1dn\u00e9 dani z dividend (anebo o da\u0148ov\u00e9 progresi), nebo\u0165 ka\u017edoro\u010dn\u011b je vyv\u00e1d\u011bno z \u010cesk\u00e9 republiky p\u0159es 300 miliard korun dividend na \u00fa\u010dty mate\u0159sk\u00fdch firem\u00a0z \u010desk\u00fdch fili\u00e1lek mezin\u00e1rodn\u00edch korporac\u00ed, vl\u00e1da jen p\u0159ihl\u00ed\u017e\u00ed. Kdyby zde alespo\u0148 50 miliard, anebo 100 miliard korun z on\u011bch\u00a0 300 miliard z dividend vyveden\u00fdch do zahrani\u010d\u00ed v na\u0161\u00ed republice z\u016fstalo, \u0159e\u0161ilo by to alespo\u0148 \u010d\u00e1ste\u010dn\u011b velk\u00e9 probl\u00e9my \u010desk\u00e9ho st\u00e1tn\u00edho rozpo\u010dtu. Ale o to asi panu premi\u00e9rovi nejde.<\/p>\n<p>1.Fiala se v projevu bl\u00fdskl t\u00edm, \u017ee jeho vl\u00e1da letos dokon\u010dila p\u0159es 100 kilometr\u016f nov\u00fdch d\u00e1lnic. Je to pravda jen \u010d\u00e1ste\u010dn\u011b, proto\u017ee pokud n\u011bkdo dnes\u00a0 zprovoz\u0148uje nov\u00e9 d\u00e1lnice a st\u0159\u00edh\u00e1 p\u00e1sky p\u0159i jejich otev\u00edr\u00e1n\u00ed, je to mo\u017en\u00e9 jenom proto, \u017ee byla prov\u00e1d\u011bna p\u0159ed lety spr\u00e1vn\u011b p\u0159\u00edprava staveb, v prvn\u00ed \u0159ad\u011b projektov\u00e1 p\u0159\u00edprava a obecn\u011b p\u0159\u00edprava \u00fazem\u00ed, v\u010d. v\u00fdkupu pozemk\u016f. Byly prov\u00e1d\u011bny spr\u00e1vn\u011b ve\u0159ejn\u00e9 sout\u011b\u017ee na zhotovitele jednotliv\u00fdch \u00fasek\u016f d\u00e1lnic. No a po p\u011bti \u010d\u00ed v\u00edce letech od zah\u00e1jen\u00ed p\u0159iprav se zda\u0159ilo tyto stavby dokon\u010dit. Tak\u017ee to nen\u00ed \u00fasp\u011bch jenom t\u00e9to vl\u00e1dy, ale tak\u00e9 vl\u00e1d p\u0159edchoz\u00edch.<\/p>\n<p>Premi\u00e9r hovo\u0159il\u00a0ve sv\u00e9 \u0159e\u010di\u00a0o \u00fasp\u011b\u0161\u00edch jeho vl\u00e1dy.\u00a0No, j\u00e1 t\u011bch \u00fasp\u011bch\u016f mnoho nevid\u00edm. Pr\u00fd a to cituji: \u201eMus\u00edme v\u00fdrazn\u011b zefektivnit fungov\u00e1n\u00ed na\u0161eho zdravotnictv\u00ed a usnadnit stavbu byt\u016f, aby si mlad\u00e9 rodiny mohly dovolit vlastn\u00ed bydlen\u00ed\u201c. Pan premi\u00e9r v\u016fbec neuva\u017euje o tom, co je v re\u00e1lu obvykl\u00e9 v cel\u00e9 z\u00e1padn\u00ed Evrop\u011b. A sice, \u017ee je nezbytn\u00e9 rozvinout zejm\u00e9na bydlen\u00ed n\u00e1jemn\u00ed. Tedy, v\u00fdstavbu levn\u00fdch n\u00e1jemn\u00edch byt\u016f, byt\u016f s n\u00edzk\u00fdmi n\u00e1jmy. A dostupn\u00e9 \u0161irok\u00fdm vrstv\u00e1m lid\u00ed, p\u0159edev\u0161\u00edm t\u011bch lid\u00ed, kte\u0159\u00ed nikdy nedos\u00e1hnou na hypote\u010dn\u00ed financov\u00e1n\u00ed. Ve v\u011bt\u011b pana premi\u00e9ra je zalo\u017een logick\u00fd nesmysl. Naprost\u00e1 v\u011bt\u0161ina lid\u00ed se dnes nem\u016f\u017ee dostat, i kdy\u017e t\u0159eba slu\u0161n\u011b vyd\u011bl\u00e1vaj\u00ed,\u00a0 k vlastn\u00edmu,\u00a0 tedy vlastnick\u00e9mu bydlen\u00ed. Prost\u011b, finan\u010dn\u011b to lid\u00e9 ve sv\u00e9 v\u011bt\u0161in\u011b z b\u011b\u017en\u00fdch plat\u016f nemohou zvl\u00e1dnout.<\/p>\n<p>Celkov\u011b lze souhlasit s b\u00fdval\u00fdm prezidentem Milo\u0161em Zemanem, kter\u00fd m\u011bl ve stejn\u00fd den rovn\u011b\u017e projev, tentokr\u00e1t na CNN Prima News, ve kter\u00e9m hovo\u0159il o amat\u00e9rismu sou\u010dasn\u00e9 vl\u00e1dy. O tom, \u017ee n\u00e1\u0161 st\u00e1t d\u00edky vl\u00e1d\u011b zaost\u00e1v\u00e1, co\u017e j\u00e1 vid\u00edm jako smutn\u00fd fakt. M. Zeman kritizoval zjevn\u00e9 chyby vl\u00e1dy,\u00a0\u00a0ne za\u00a0 t\u0159i roky jej\u00edho vl\u00e1dnut\u00ed, ale jenom z posledn\u00ed doby a bylo jich opravdu hojn\u011b. Amat\u00e9rsky p\u0159ipraven\u00fd st\u00e1tn\u00ed rozpo\u010det, ve kter\u00e9m nejsou rozpo\u010dtov\u011b pokryty v\u0161echny v\u00fddaje a je z\u0159ejm\u00e9, \u017ee dojde k tomu, \u017ee skute\u010dn\u00fd schodek st\u00e1tn\u00edho rozpo\u010dtu bude vy\u0161\u0161\u00ed, ne\u017eli ten pl\u00e1novan\u00fd. Vl\u00e1da sou\u010dasn\u011b nadhodnotila p\u0159\u00edjmy st\u00e1tn\u00edho rozpo\u010dtu z leto\u0161n\u00edho necel\u00e9ho jednoho procenta r\u016fstu HDP, se m\u00e1 HDP najednou dostat v p\u0159\u00ed\u0161t\u00edm roce t\u00e9m\u011b\u0159 na trojn\u00e1sobek (p\u0159esn\u011b je to 2,7%), co\u017e nebude v\u016fbec snadn\u00e9. Zejm\u00e9na, kdy\u017e v\u0161e avizuje situaci,\u00a0 \u017ee bude klesat popt\u00e1vka po \u010desk\u00fdch v\u00fdrobc\u00edch v zahrani\u010d\u00ed. Nemluv\u011b u\u017e ani o tom, co p\u0159ipravuje nov\u00e1 americk\u00e1 administrativa, tzn. cla na dovoz evropsk\u00e9ho zbo\u017e\u00ed do USA. \u010cesk\u00e1 ekonomika do zna\u010dn\u00e9 m\u00edry\u00a0 z\u00e1vis\u00ed na n\u011bmeck\u00e9.\u00a0N\u011bmecko je jedn\u00edm z nejv\u011bt\u0161\u00edch v\u00fdvozc\u016f\u00a0 zbo\u017e\u00ed do Spojen\u00fdch st\u00e1t\u016f. A pokud klesne objem n\u011bmeck\u00e9ho v\u00fdvozu, dopadne to i na n\u00e1s.<\/p>\n<p>Tak\u017ee r\u016fst HDP, se kter\u00fdm p\u0159ich\u00e1z\u00ed pro p\u0159\u00ed\u0161t\u00ed rok ve sv\u00e9m st\u00e1tn\u00edm rozpo\u010dtu sou\u010dasn\u00e1 vl\u00e1da a prom\u00edt\u00e1\u00a0ho do\u00a0p\u0159\u00edjm\u016f\u00a0st\u00e1tn\u00edho rozpo\u010dtu,\u00a0 je\u00a0fantaskn\u00ed. Stejn\u011b tak fantaskn\u00ed jsou p\u0159edstavy premi\u00e9ra Fialy, kter\u00e9 na\u0161t\u011bst\u00ed ji\u017e nezopakoval ve\u00a0 sv\u00e9m zat\u00edm posledn\u00edm projevu (26.12.), \u017ee pot\u0159ebuje je\u0161t\u011b jedno volebn\u00ed obdob\u00ed, aby \u010ce\u0161i u\u017e kone\u010dn\u011b zabrali n\u011bmeck\u00e9 platy.\u00a0Zcela opr\u00e1vn\u011bn\u011b si Milo\u0161 Zeman z tohohle vyj\u00e1d\u0159en\u00ed d\u011blal legraci (a nebyl s\u00e1m), proto\u017ee to je skute\u010dn\u00fd amat\u00e9rismus, pokud n\u011bkdo takto vystupuje. Je to nejen uk\u00e1zka toho, \u017ee premi\u00e9r se naprosto nevyzn\u00e1 v ekonomick\u00e9 problematice. Ale je to tak\u00e9 probl\u00e9m jeho okol\u00ed, kter\u00e9 mu p\u0159ipravuje podklady pro ve\u0159ejn\u00e1 vystoupen\u00ed.\u00a0Premi\u00e9r si p\u0159ece nikdy neza\u010dne &#8222;pl\u00e1cat j\u00e1tra&#8220; (s odpu\u0161t\u011bn\u00edm) s\u00e1m od sebe, ale n\u011bkdo mu pro jeho vystoupen\u00ed p\u0159ipravuje noty. A odborn\u00e9 z\u00e1zem\u00ed premi\u00e9ra tedy zcela selhalo.<\/p>\n<p>Milo\u0161 Zeman ve sv\u00e9m vystoupen\u00ed tak\u00e9 varoval p\u0159ed mo\u017enost\u00ed cenzury a hovo\u0159il vlastn\u011b o n\u00e1lepkov\u00e1n\u00ed ob\u010dan\u016f ze strany r\u016fzn\u00fdch pomocn\u00edk\u016f sou\u010dasn\u00e9 vl\u00e1dy, jako je nap\u0159. pan Folt\u00fdn.<\/p>\n<p>Kdy\u017e bych m\u011bl srovnat koncepci projevu b\u00fdval\u00e9ho prezidenta s koncepc\u00ed projevu premi\u00e9ra,\u00a0 je to jako nebe a dudy. B\u00fdval\u00fd prezident v\u011bd\u011bl p\u0159esn\u011b, co chce \u0159\u00edct, uk\u00e1zal probl\u00e9my, nazna\u010dil i to, jakou cestou by\u00a0spr\u00e1vn\u011b uva\u017euj\u00edc\u00ed a kvalifikovan\u00e1 vl\u00e1da m\u011bla j\u00edt. Premi\u00e9r z\u016fstal ve sv\u00e9m projevu u formy p\u0159edvolebn\u00edho vystoupen\u00ed. Jinak vlastn\u011b tu jeho \u0159e\u010d nen\u00ed mo\u017en\u00e9 hodnotit i p\u0159esto, \u017ee se provl\u00e1dn\u00ed novin\u00e1\u0159i typu Honzejk\u016f a dal\u0161\u00edch budou sna\u017eit, aby jeho \u0159e\u010d p\u0159elo\u017eili\u00a0 ob\u010dan\u016fm, kte\u0159\u00ed nem\u011bli mo\u017enost j\u00ed sly\u0161et, anebo v\u011bcem nerozum\u00ed, tak, aby premi\u00e9r p\u0159eci jenom usp\u011bl l\u00e9pe ne\u017eli u t\u011bch lid\u00ed, kte\u0159\u00ed ekonomice a stavu sv\u00e9 pen\u011b\u017eenky dob\u0159e rozum\u011bj\u00ed.<\/p>\n<p><a href=\"https:\/\/vasevec.info\/domaci-politika\/premier-mlatil-prazdnou-slamu\">Ji\u0159\u00ed Paroubek<\/a><\/p>\n<p><img decoding=\"async\" loading=\"lazy\" class=\"alignnone size-medium wp-image-2342\" src=\"http:\/\/www.infokuryr.cz\/n\/wp-content\/uploads\/2021\/06\/paroubek-300x208.jpg\" alt=\"\" width=\"300\" height=\"208\" srcset=\"https:\/\/www.infokuryr.cz\/n\/wp-content\/uploads\/2021\/06\/paroubek-300x208.jpg 300w, https:\/\/www.infokuryr.cz\/n\/wp-content\/uploads\/2021\/06\/paroubek.jpg 318w\" sizes=\"(max-width: 300px) 100vw, 300px\" \/><\/p>\n<p>&nbsp;<\/p>\n","protected":false},"excerpt":{"rendered":"<p>Premi\u00e9r si ani po roce nenechal uj\u00edt sv\u016fj Svato\u0161t\u011bp\u00e1nsk\u00fd projev, kter\u00fd se v\u011bnoval, jak jinak,&#8230;<\/p>\n","protected":false},"author":2,"featured_media":66928,"comment_status":"closed","ping_status":"closed","sticky":false,"template":"","format":"standard","meta":[],"categories":[6],"tags":[1497,1503,4257,710],"_links":{"self":[{"href":"https:\/\/www.infokuryr.cz\/n\/wp-json\/wp\/v2\/posts\/69088"}],"collection":[{"href":"https:\/\/www.infokuryr.cz\/n\/wp-json\/wp\/v2\/posts"}],"about":[{"href":"https:\/\/www.infokuryr.cz\/n\/wp-json\/wp\/v2\/types\/post"}],"author":[{"embeddable":true,"href":"https:\/\/www.infokuryr.cz\/n\/wp-json\/wp\/v2\/users\/2"}],"replies":[{"embeddable":true,"href":"https:\/\/www.infokuryr.cz\/n\/wp-json\/wp\/v2\/comments?post=69088"}],"version-history":[{"count":0,"href":"https:\/\/www.infokuryr.cz\/n\/wp-json\/wp\/v2\/posts\/69088\/revisions"}],"wp:featuredmedia":[{"embeddable":true,"href":"https:\/\/www.infokuryr.cz\/n\/wp-json\/wp\/v2\/media\/66928"}],"wp:attachment":[{"href":"https:\/\/www.infokuryr.cz\/n\/wp-json\/wp\/v2\/media?parent=69088"}],"wp:term":[{"taxonomy":"category","embeddable":true,"href":"https:\/\/www.infokuryr.cz\/n\/wp-json\/wp\/v2\/categories?post=69088"},{"taxonomy":"post_tag","embeddable":true,"href":"https:\/\/www.infokuryr.cz\/n\/wp-json\/wp\/v2\/tags?post=69088"}],"curies":[{"name":"wp","href":"https:\/\/api.w.org\/{rel}","templated":true}]}}