{"id":69085,"date":"2024-12-29T00:33:08","date_gmt":"2024-12-28T23:33:08","guid":{"rendered":"https:\/\/www.infokuryr.cz\/n\/?p=69085"},"modified":"2024-12-28T18:08:19","modified_gmt":"2024-12-28T17:08:19","slug":"petr-pokorny-ukrajinske-prostitutky-femen-na-svatopetrskem-namesti-malem-ukradly-dite-z-betlema","status":"publish","type":"post","link":"https:\/\/www.infokuryr.cz\/n\/2024\/12\/29\/petr-pokorny-ukrajinske-prostitutky-femen-na-svatopetrskem-namesti-malem-ukradly-dite-z-betlema\/","title":{"rendered":"Petr Pokorn\u00fd: Ukrajinsk\u00e9 prostitutky Femen na Svatopetrsk\u00e9m n\u00e1m\u011bst\u00ed m\u00e1lem ukradly d\u00edt\u011b z betl\u00e9ma"},"content":{"rendered":"<div id=\"fb-root\"><\/div>\n<div class=\"introtext\">\n<p class=\"entry-subtitle\"><span style=\"font-size: 14pt;\"><strong>Ukrajinsk\u00e1 aktivistka Femen byla zastavena, ne\u017e se j\u00ed poda\u0159ilo ukr\u00e1st so\u0161ku mal\u00e9ho d\u00edt\u011bte z betl\u00e9ma na Svatopetrsk\u00e9m n\u00e1m\u011bst\u00ed ve Vatik\u00e1nu. Foto je ze z\u00e1kroku carabinier\u016f.<\/strong><\/span><\/p>\n<\/div>\n<div class=\"fulltext\">\n<p class=\"entry-subtitle\">Co je to Femen?<\/p>\n<p>Soulo\u017e\u00ed, pornem a &#8222;kozy ven&#8220; bojuj\u00ed proti soulo\u017ei, pornu a &#8222;kozy ven&#8220;.<\/p>\n<p>A v\u017edy to za\u0161t\u00edt\u00ed Putinem, nebo Ruskem jako politickou deklarac\u00ed.\u00a0P\u0159ed \u010dasem cht\u011bly zn\u00e1silnit i prezidenta Zemana u voleb.<\/p>\n<p><span class=\"HwtZe\" lang=\"cs\"><span class=\"jCAhz ChMk0b\"><span class=\"ryNqvb\">FEMEN je ukrajinsk\u00e9 protestn\u00ed feministick\u00e9 hnut\u00ed zalo\u017een\u00e9 v Kyjev\u011b v roce 2008 Oksana \u0160a\u010dko, Hanna Hucol a Inna \u0160ev\u010denko.<\/span><\/span>\u00a0<span class=\"jCAhz ChMk0b\"><span class=\"ryNqvb\">Hnut\u00ed se stalo slavn\u00fdm v mezin\u00e1rodn\u00edm m\u011b\u0159\u00edtku pro praxi projevu, kter\u00e1 ukazuje prsa proti sexu\u00e1ln\u00edmu turistice, sexismu a jin\u00e9 \u00fadajn\u00e9 soci\u00e1ln\u00ed diskriminaci.<\/span><\/span><\/span><\/p>\n<p><img decoding=\"async\" class=\"aligncenter\" src=\"https:\/\/www.skrytapravda.cz\/images\/blogy\/2951\/2024\/12prosinec\/Sn%C3%ADmek_obrazovky_1053_47c23.webp\" alt=\"Sn\u00edmek obrazovky 1053 47c23\" \/><\/p>\n<p><strong>V\u017edy, kdy\u017e jim hr\u00e1bne, zahod\u00ed podprsenky, n\u011bkdy kalhotky, nap\u00ed\u0161\u00ed, \u017ee Putin je zlo\u010dinec a z\u00e1pad nad\u0161en\u011b tlesk\u00e1.<\/strong><\/p>\n<p><a href=\"https:\/\/www.skrytapravda.cz\/ze-zahranici\/2295-ukrajinske-prostitutky-femen-na-svatopetrskem-namesti-malem-ukradly-dite-z-betlema\">Petr Pokorn\u00fd<\/a><\/p>\n<p>&nbsp;<\/p>\n<\/div>\n","protected":false},"excerpt":{"rendered":"<p>Ukrajinsk\u00e1 aktivistka Femen byla zastavena, ne\u017e se j\u00ed poda\u0159ilo ukr\u00e1st so\u0161ku mal\u00e9ho d\u00edt\u011bte z betl\u00e9ma&#8230;<\/p>\n","protected":false},"author":2,"featured_media":69086,"comment_status":"closed","ping_status":"closed","sticky":false,"template":"","format":"standard","meta":[],"categories":[6],"tags":[6524,8381,1503,5758],"_links":{"self":[{"href":"https:\/\/www.infokuryr.cz\/n\/wp-json\/wp\/v2\/posts\/69085"}],"collection":[{"href":"https:\/\/www.infokuryr.cz\/n\/wp-json\/wp\/v2\/posts"}],"about":[{"href":"https:\/\/www.infokuryr.cz\/n\/wp-json\/wp\/v2\/types\/post"}],"author":[{"embeddable":true,"href":"https:\/\/www.infokuryr.cz\/n\/wp-json\/wp\/v2\/users\/2"}],"replies":[{"embeddable":true,"href":"https:\/\/www.infokuryr.cz\/n\/wp-json\/wp\/v2\/comments?post=69085"}],"version-history":[{"count":0,"href":"https:\/\/www.infokuryr.cz\/n\/wp-json\/wp\/v2\/posts\/69085\/revisions"}],"wp:featuredmedia":[{"embeddable":true,"href":"https:\/\/www.infokuryr.cz\/n\/wp-json\/wp\/v2\/media\/69086"}],"wp:attachment":[{"href":"https:\/\/www.infokuryr.cz\/n\/wp-json\/wp\/v2\/media?parent=69085"}],"wp:term":[{"taxonomy":"category","embeddable":true,"href":"https:\/\/www.infokuryr.cz\/n\/wp-json\/wp\/v2\/categories?post=69085"},{"taxonomy":"post_tag","embeddable":true,"href":"https:\/\/www.infokuryr.cz\/n\/wp-json\/wp\/v2\/tags?post=69085"}],"curies":[{"name":"wp","href":"https:\/\/api.w.org\/{rel}","templated":true}]}}