{"id":6905,"date":"2021-12-16T02:30:34","date_gmt":"2021-12-16T01:30:34","guid":{"rendered":"http:\/\/www.infokuryr.cz\/n\/?p=6905"},"modified":"2021-12-16T02:30:34","modified_gmt":"2021-12-16T01:30:34","slug":"nemci-vyhrozuji-polsku-sudetacke-pozadavky-nejsou-mrtve-ani-tam","status":"publish","type":"post","link":"https:\/\/www.infokuryr.cz\/n\/2021\/12\/16\/nemci-vyhrozuji-polsku-sudetacke-pozadavky-nejsou-mrtve-ani-tam\/","title":{"rendered":"N\u011bmci vyhro\u017euj\u00ed Polsku! Sude\u0165\u00e1ck\u00e9 po\u017eadavky nejsou mrtv\u00e9 ani tam"},"content":{"rendered":"<div id=\"fb-root\"><\/div>\n<p><strong>Asi p\u0159ed t\u0159emi dny jsem si v n\u011bmeck\u00e9m den\u00edku WELT \u010detla \u010dl\u00e1nek o n\u00e1v\u0161t\u011bv\u011b nov\u00e9ho n\u011bmeck\u00e9ho kancl\u00e9\u0159e Scholze v Polsku. T\u0159enice kolem \u00fatok\u016f na Polsko z Bruselu jsou zn\u00e1my, Polsko je p\u0159esv\u011bd\u010deno, \u017ee jejich p\u016fvodci s\u00eddl\u00ed v Berl\u00edn\u011b. Tolik jen, abych uvedla souvislosti. Setk\u00e1n\u00ed prob\u011bhlo z\u0159ejm\u011b bez probl\u00e9m\u016f, posl\u00e9ze tiskovka, kde padla ot\u00e1zka, jak kancl\u00e9\u0159 nahl\u00ed\u017e\u00ed na nov\u011b nastolovanou ot\u00e1zku v\u00e1le\u010dn\u00fdch reparac\u00ed. A on pl\u00e1cl n\u011bco v tom smyslu, \u017ee v\u0161echno je u\u017e d\u00e1vno vy\u0159\u00edzeno a &#8211; a o to mi jde &#8211; Polsko a vlastn\u011b v\u0161echny v\u00fdchodn\u00ed zem\u011b si \u017eij\u00ed z pen\u011bz z Bruselu, takhle by si nikdy ne\u017eily, ty pen\u00edze tam d\u00e1v\u00e1 hlavn\u011b N\u011bmecko, tak a\u0165 Pol\u00e1ci sklapnou.<\/strong><\/p>\n<p>Trochu p\u0159eh\u00e1n\u00edm, jen pro objasn\u011bn\u00ed, ale takhle n\u011bjak to tam prob\u011bhlo. O co mi ale jde: \u010c\u00edt\u00e1v\u00e1m si n\u011bkdy diskuse \u010dten\u00e1\u0159\u016f, pokud se jedn\u00e1 o solidn\u00ed list, proto\u017ee b\u00fdvaj\u00ed zaj\u00edmav\u011bj\u0161\u00ed ne\u017e samotn\u00fd \u010dl\u00e1nek. V tomto p\u0159\u00edpad\u011b m\u011b \u0161okoval p\u0159\u00edval reakc\u00ed, kter\u00e9 jednohlasn\u011b vyk\u0159ikovaly, \u017ee jim Polsko ukradlo v\u00fdchodn\u00ed Prusko, a\u0165 ho koukaj\u00ed vr\u00e1tit atd. To bych v takov\u00e9, opravdu skoro stoprocentn\u00ed nen\u00e1vistn\u00e9\u00a0 m\u00ed\u0159e ze strany \u010dten\u00e1\u0159\u016f tohoto listu ne\u010dekala. A pro m\u011b velk\u00e9 pou\u010den\u00ed, \u017ee sude\u0165\u00e1ck\u00e9 po\u017eadavky nejsou mrtv\u00e9. A nebudou. Jen nenastal ten spr\u00e1vn\u00fd okam\u017eik. V na\u0161em regionu jsou karty rozdan\u00e9 u\u017e p\u0159ed stalet\u00edmi. Je na n\u00e1s, jak\u00a0 s nimi dok\u00e1\u017eeme hr\u00e1t. Hra naslepo moc nefunguje.<\/p>\n<p><strong>Helena Mallotova\u00a0<\/strong><\/p>\n<p>&nbsp;<\/p>\n","protected":false},"excerpt":{"rendered":"<p>Asi p\u0159ed t\u0159emi dny jsem si v n\u011bmeck\u00e9m den\u00edku WELT \u010detla \u010dl\u00e1nek o n\u00e1v\u0161t\u011bv\u011b nov\u00e9ho&#8230;<\/p>\n","protected":false},"author":2,"featured_media":1537,"comment_status":"closed","ping_status":"closed","sticky":false,"template":"","format":"standard","meta":[],"categories":[6],"tags":[29,84,31],"_links":{"self":[{"href":"https:\/\/www.infokuryr.cz\/n\/wp-json\/wp\/v2\/posts\/6905"}],"collection":[{"href":"https:\/\/www.infokuryr.cz\/n\/wp-json\/wp\/v2\/posts"}],"about":[{"href":"https:\/\/www.infokuryr.cz\/n\/wp-json\/wp\/v2\/types\/post"}],"author":[{"embeddable":true,"href":"https:\/\/www.infokuryr.cz\/n\/wp-json\/wp\/v2\/users\/2"}],"replies":[{"embeddable":true,"href":"https:\/\/www.infokuryr.cz\/n\/wp-json\/wp\/v2\/comments?post=6905"}],"version-history":[{"count":0,"href":"https:\/\/www.infokuryr.cz\/n\/wp-json\/wp\/v2\/posts\/6905\/revisions"}],"wp:featuredmedia":[{"embeddable":true,"href":"https:\/\/www.infokuryr.cz\/n\/wp-json\/wp\/v2\/media\/1537"}],"wp:attachment":[{"href":"https:\/\/www.infokuryr.cz\/n\/wp-json\/wp\/v2\/media?parent=6905"}],"wp:term":[{"taxonomy":"category","embeddable":true,"href":"https:\/\/www.infokuryr.cz\/n\/wp-json\/wp\/v2\/categories?post=6905"},{"taxonomy":"post_tag","embeddable":true,"href":"https:\/\/www.infokuryr.cz\/n\/wp-json\/wp\/v2\/tags?post=6905"}],"curies":[{"name":"wp","href":"https:\/\/api.w.org\/{rel}","templated":true}]}}