{"id":6903,"date":"2021-12-16T02:20:43","date_gmt":"2021-12-16T01:20:43","guid":{"rendered":"http:\/\/www.infokuryr.cz\/n\/?p=6903"},"modified":"2021-12-16T02:20:43","modified_gmt":"2021-12-16T01:20:43","slug":"dostal-vlada-chce-obezni-polymorbidni-lidi-chranit-ockovanim-zdravych-a-mladych-policistu","status":"publish","type":"post","link":"https:\/\/www.infokuryr.cz\/n\/2021\/12\/16\/dostal-vlada-chce-obezni-polymorbidni-lidi-chranit-ockovanim-zdravych-a-mladych-policistu\/","title":{"rendered":"Dost\u00e1l: Vl\u00e1da chce ob\u00e9zn\u00ed polymorbidn\u00ed lidi chr\u00e1nit o\u010dkov\u00e1n\u00edm zdrav\u00fdch a mlad\u00fdch policist\u016f"},"content":{"rendered":"<div id=\"fb-root\"><\/div>\n<p><strong>Vl\u00e1da od b\u0159ezna pl\u00e1nuje zav\u00e9st povinn\u00e9 o\u010dkov\u00e1n\u00ed pro \u0159adu profes\u00ed a lid\u00ed ve v\u011bku nad 60 let. Tento n\u00e1pad se ne v\u0161em l\u00edb\u00ed. K protivn\u00edk\u016fm pat\u0159\u00ed tak\u00e9 pr\u00e1vn\u00edk Ond\u0159ej Dost\u00e1l. M\u00e1 za to, \u017ee toto rozhodnut\u00ed by p\u0159ineslo u\u017eitek pouze tehdy, kdyby o\u010dkov\u00e1n\u00ed zcela zabr\u00e1nilo \u0161\u00ed\u0159en\u00ed viru.<\/strong><\/p>\n<p>Jakmile usedne Vlastimil V\u00e1lek do ministersk\u00e9ho k\u0159esla a resort zdravotnictv\u00ed zavede n\u011bjak\u00e1 opat\u0159en\u00ed, Dost\u00e1l je pl\u00e1nuje pe\u010dliv\u011b<strong>\u00a0pr\u00e1vn\u011b p\u0159ezkoumat<\/strong>.<\/p>\n<p>\u201eVl\u00e1da \u0159\u00edk\u00e1 ochr\u00e1n\u00edme ob\u00e9zn\u00ed polymorbidn\u00ed lidi t\u00edm, \u017ee donut\u00edme o\u010dkovat mlad\u00e9 zdrav\u00e9 policisty a hasi\u010de. Nen\u00ed n\u011bkde probl\u00e9m?\u201c\u00a0uvedl\u00a0Dost\u00e1l v po\u0159adu na CNN Prima News.<\/p>\n<p>Takov\u00e9 opat\u0159en\u00ed by m\u011blo smysl jenom v tom p\u0159\u00edpad\u011b, zda by vl\u00e1da byla schopn\u00e1 dok\u00e1zat, \u017ee vakc\u00edna zcela zastavuje \u0161\u00ed\u0159en\u00ed koronaviru, ud\u011blat to ale nen\u00ed schopn\u00e1.<\/p>\n<p>\u201eVakc\u00edna proti \u0161\u00ed\u0159en\u00ed nemoci \u00fapln\u011b nechr\u00e1n\u00ed a nevypad\u00e1 to na vytvo\u0159en\u00ed kolektivn\u00ed imunity,\u201c prav\u00ed Dost\u00e1l.<\/p>\n<p>Hlavn\u00edm \u00fa\u010delem o\u010dkov\u00e1n\u00ed je podle n\u011bj zabr\u00e1nit tomu, aby se nemocnice p\u0159epl\u0148ovaly.<\/p>\n<p>\u201eV takov\u00e9m p\u0159\u00edpad\u011b je to vynucen\u00fd n\u00e1stroj individu\u00e1ln\u00ed ochrany. Pro\u010d o\u010dkovat m\u011b, kdy\u017e m\u00e1m dobrou imunitu?\u201c zeptal se Dost\u00e1l.<\/p>\n<p>Sociolog Vojt\u011bch Bedn\u00e1\u0159 naopak pat\u0159\u00ed k zast\u00e1nc\u016fm\u00a0povinn\u00e9ho o\u010dkov\u00e1n\u00ed pro ur\u010dit\u00e9 skupiny lid\u00ed.<\/p>\n<p>\u201eNejzraniteln\u011bj\u0161\u00ed skupiny jsou v sou\u010dasn\u00e9 dob\u011b vystaveny protich\u016fdn\u00fdm informac\u00edm, mezi kter\u00fdmi nen\u00ed mo\u017en\u00e9 si vybrat. Neshodnou s autority a odborn\u00edci,\u201c uvedl sociolog.<\/p>\n<p>Bedn\u00e1\u0159 vid\u00ed dal\u0161\u00ed probl\u00e9my v tom, \u017ee lid\u00e9 opat\u0159en\u00edm nev\u011b\u0159\u00ed. Nov\u00e1 vl\u00e1da by m\u011bla prozradit sm\u011br, kter\u00fdm se hodl\u00e1 p\u0159i boji s pandemi\u00ed vydat. Podle Dost\u00e1la se brzy dozv\u00edme, jak\u00fdm sm\u011brem p\u016fjde budouc\u00ed ministr zdravotnictv\u00ed V\u00e1lek.<\/p>\n<p>\u201eJ\u00e1 u toho nepochybn\u011b budu, nebo\u0165 pr\u00e1vn\u00ed p\u0159ezkum opat\u0159en\u00ed, kter\u00e1 budou nelogick\u00e1 a dispropor\u010dn\u00ed, z\u016fst\u00e1v\u00e1 moj\u00ed rol\u00ed jako ob\u010dana,\u201c uvedl Dost\u00e1l.<\/p>\n<p>Cestu, jak by si mohl V\u00e1lek z\u00edskat d\u016fv\u011bru ob\u010dan\u016f, vid\u00ed V\u00e1lek ve zve\u0159ejn\u011bn\u00ed v\u0161ech dat.<\/p>\n<p>\u201ePokud se rozhodne postupovat spr\u00e1vn\u011b a vypust\u00ed v\u0161echna data, kter\u00e1 byla touto vl\u00e1dou dr\u017eena jaksi pod z\u00e1mkem, z\u00edsk\u00e1 si d\u016fv\u011bru,\u201c m\u00edn\u00ed Dost\u00e1l. Ka\u017ed\u00fd, kdo uvid\u00ed, \u017ee je v rizikov\u00e9 skupin\u011b bude v\u011bd\u011bt, \u017ee mu m\u016f\u017ee pomoci t\u0159et\u00ed o\u010dkov\u00e1n\u00ed.<\/p>\n<p><a href=\"https:\/\/cz.sputniknews.com\/20211215\/dostal-vlada-chce-obezni-polymorbidni-lidi-chranit-ockovanim-zdravych-a-mladych-policistu-16868090.html\">ZDROJ<\/a><\/p>\n<p>&nbsp;<\/p>\n","protected":false},"excerpt":{"rendered":"<p>Vl\u00e1da od b\u0159ezna pl\u00e1nuje zav\u00e9st povinn\u00e9 o\u010dkov\u00e1n\u00ed pro \u0159adu profes\u00ed a lid\u00ed ve v\u011bku nad&#8230;<\/p>\n","protected":false},"author":2,"featured_media":575,"comment_status":"closed","ping_status":"closed","sticky":false,"template":"","format":"standard","meta":[],"categories":[6],"tags":[213,99],"_links":{"self":[{"href":"https:\/\/www.infokuryr.cz\/n\/wp-json\/wp\/v2\/posts\/6903"}],"collection":[{"href":"https:\/\/www.infokuryr.cz\/n\/wp-json\/wp\/v2\/posts"}],"about":[{"href":"https:\/\/www.infokuryr.cz\/n\/wp-json\/wp\/v2\/types\/post"}],"author":[{"embeddable":true,"href":"https:\/\/www.infokuryr.cz\/n\/wp-json\/wp\/v2\/users\/2"}],"replies":[{"embeddable":true,"href":"https:\/\/www.infokuryr.cz\/n\/wp-json\/wp\/v2\/comments?post=6903"}],"version-history":[{"count":0,"href":"https:\/\/www.infokuryr.cz\/n\/wp-json\/wp\/v2\/posts\/6903\/revisions"}],"wp:featuredmedia":[{"embeddable":true,"href":"https:\/\/www.infokuryr.cz\/n\/wp-json\/wp\/v2\/media\/575"}],"wp:attachment":[{"href":"https:\/\/www.infokuryr.cz\/n\/wp-json\/wp\/v2\/media?parent=6903"}],"wp:term":[{"taxonomy":"category","embeddable":true,"href":"https:\/\/www.infokuryr.cz\/n\/wp-json\/wp\/v2\/categories?post=6903"},{"taxonomy":"post_tag","embeddable":true,"href":"https:\/\/www.infokuryr.cz\/n\/wp-json\/wp\/v2\/tags?post=6903"}],"curies":[{"name":"wp","href":"https:\/\/api.w.org\/{rel}","templated":true}]}}