{"id":6902,"date":"2021-12-16T02:17:14","date_gmt":"2021-12-16T01:17:14","guid":{"rendered":"http:\/\/www.infokuryr.cz\/n\/?p=6902"},"modified":"2021-12-16T02:17:14","modified_gmt":"2021-12-16T01:17:14","slug":"okamura-se-kvuli-podivnym-castkam-oprel-do-stanu-schvalne-jsou-to-male-castky-aby-se-to-schovalo","status":"publish","type":"post","link":"https:\/\/www.infokuryr.cz\/n\/2021\/12\/16\/okamura-se-kvuli-podivnym-castkam-oprel-do-stanu-schvalne-jsou-to-male-castky-aby-se-to-schovalo\/","title":{"rendered":"Okamura se kv\u016fli podivn\u00fdm \u010d\u00e1stk\u00e1m op\u0159el do STANu: Schv\u00e1ln\u011b jsou to mal\u00e9 \u010d\u00e1stky, aby se to schovalo"},"content":{"rendered":"<div id=\"fb-root\"><\/div>\n<p><strong>Den\u00edk MF Dnes uve\u0159ejnil \u010dl\u00e1nek, v n\u011bm\u017e se mluv\u00ed o podivn\u00fdch finan\u010dn\u00edch \u010d\u00e1stk\u00e1ch, kter\u00e9 dost\u00e1v\u00e1 hnut\u00ed STAN od kypersk\u00fdch firem. Reakce na sebe dlouho nenechaly \u010dekat. Tomio Okamura z SPD vyzval p\u0159edsedu Starost\u016f V\u00edta Raku\u0161ana, aby situaci vysv\u011btlil.<\/strong><\/p>\n<p>\u201eVid\u011bl jsem dnes \u010dl\u00e1nek, jak hnut\u00ed STAN dost\u00e1v\u00e1 pen\u00edze z da\u0148ov\u00fdch r\u00e1j\u016f na Kypru, a to by tedy m\u011bli vysv\u011btlit. Ti, kte\u0159\u00ed si hraj\u00ed, \u017ee budou nov\u00fdm v\u011btrem, tak jim tady chod\u00ed statis\u00edcov\u00e9 a\u017e milionov\u00e9 \u010d\u00e1stky z da\u0148ov\u00fdch r\u00e1j\u016f na Kypru z firem. Pro\u010d z Kypru? Pro\u010d to schov\u00e1vaj\u00ed?\u201c pt\u00e1 se Okamura.<\/p>\n<p>Krom\u011b toho\u00a0Okamura\u00a0<strong>vyzval Fialu<\/strong>, aby\u00a0apeloval na sv\u00e9 koali\u010dn\u00ed partnery, \u017ee by m\u011bli tyto finan\u010dn\u00ed \u010d\u00e1stky z Kypru vysv\u011btlit.<\/p>\n<p>\u201eA schv\u00e1ln\u011b jsou to ty men\u0161\u00ed \u010d\u00e1stky, aby to bylo nen\u00e1padn\u00e9 a jakoby se schovalo, ale ono se to neschov\u00e1. Ono se to opakuje u toho hnut\u00ed STAN a Pir\u00e1t\u016f,\u201c uvedl d\u00e1l Okamura.<\/p>\n<p>\u201eNa mobilu jsem vid\u011bl pouze titulek, nezn\u00e1m detaily. Obecn\u011b plat\u00ed, \u017ee pokud n\u011bco takov\u00e9ho je, mus\u00ed to vysv\u011btlit ka\u017ed\u00fd, je jedno, jestli jde o stranu opozi\u010dn\u00ed nebo koali\u010dn\u00ed,\u201c vyj\u00e1d\u0159il se tak\u00e9 p\u0159edseda poslaneck\u00e9ho klubu KDU-\u010cSL Marek V\u00fdborn\u00fd.<\/p>\n<p>Zmi\u0148me, \u017ee dnes den\u00edk MF Dnes uve\u0159ejnil \u010dl\u00e1nek o zvl\u00e1\u0161tn\u00edch finan\u010dn\u00edch \u010d\u00e1stk\u00e1ch, kter\u00e9 v posledn\u00edch dvou m\u011bs\u00edc\u00edch chod\u00ed na transparentn\u00ed \u00fa\u010det hnut\u00ed STAN. Jedn\u00e1 se o men\u0161\u00ed \u010d\u00e1stky v objemu 100 a\u017e 200 tis\u00edc korun, kter\u00e9 zas\u00edlaj\u00ed r\u016fzn\u00e9 firmy, kter\u00e9 ale ovl\u00e1daj\u00ed stejn\u00ed lid\u00e9. Za dva m\u011bs\u00edce tak STAN takov\u00fdm zp\u016fsobem z\u00edskal v\u00edce ne\u017e t\u0159i miliony korun.<\/p>\n<p>P\u0159edseda hnut\u00ed\u00a0V\u00edt Raku\u0161an\u00a0uvedl, \u017ee se jedn\u00e1 o sponzorsk\u00e9 dary a \u017ee firmy za tyto \u010d\u00e1stky nem\u016f\u017eou nic po\u017eadovat.<\/p>\n<p><a href=\"https:\/\/cz.sputniknews.com\/20211215\/okamura-se-kvuli-podivnym-castkam-oprel-do-stanu-schvalne-jsou-to-male-castky-aby-se-to-schovalo-16867518.html\">ZDROJ<\/a><\/p>\n<p>&nbsp;<\/p>\n","protected":false},"excerpt":{"rendered":"<p>Den\u00edk MF Dnes uve\u0159ejnil \u010dl\u00e1nek, v n\u011bm\u017e se mluv\u00ed o podivn\u00fdch finan\u010dn\u00edch \u010d\u00e1stk\u00e1ch, kter\u00e9 dost\u00e1v\u00e1&#8230;<\/p>\n","protected":false},"author":2,"featured_media":1304,"comment_status":"closed","ping_status":"closed","sticky":false,"template":"","format":"standard","meta":[],"categories":[6],"tags":[90,424,240],"_links":{"self":[{"href":"https:\/\/www.infokuryr.cz\/n\/wp-json\/wp\/v2\/posts\/6902"}],"collection":[{"href":"https:\/\/www.infokuryr.cz\/n\/wp-json\/wp\/v2\/posts"}],"about":[{"href":"https:\/\/www.infokuryr.cz\/n\/wp-json\/wp\/v2\/types\/post"}],"author":[{"embeddable":true,"href":"https:\/\/www.infokuryr.cz\/n\/wp-json\/wp\/v2\/users\/2"}],"replies":[{"embeddable":true,"href":"https:\/\/www.infokuryr.cz\/n\/wp-json\/wp\/v2\/comments?post=6902"}],"version-history":[{"count":0,"href":"https:\/\/www.infokuryr.cz\/n\/wp-json\/wp\/v2\/posts\/6902\/revisions"}],"wp:featuredmedia":[{"embeddable":true,"href":"https:\/\/www.infokuryr.cz\/n\/wp-json\/wp\/v2\/media\/1304"}],"wp:attachment":[{"href":"https:\/\/www.infokuryr.cz\/n\/wp-json\/wp\/v2\/media?parent=6902"}],"wp:term":[{"taxonomy":"category","embeddable":true,"href":"https:\/\/www.infokuryr.cz\/n\/wp-json\/wp\/v2\/categories?post=6902"},{"taxonomy":"post_tag","embeddable":true,"href":"https:\/\/www.infokuryr.cz\/n\/wp-json\/wp\/v2\/tags?post=6902"}],"curies":[{"name":"wp","href":"https:\/\/api.w.org\/{rel}","templated":true}]}}