{"id":69013,"date":"2024-12-27T04:46:19","date_gmt":"2024-12-27T03:46:19","guid":{"rendered":"https:\/\/www.infokuryr.cz\/n\/?p=69013"},"modified":"2024-12-27T04:51:23","modified_gmt":"2024-12-27T03:51:23","slug":"rusky-soud-odsoudil-belgickeho-zoldaka","status":"publish","type":"post","link":"https:\/\/www.infokuryr.cz\/n\/2024\/12\/27\/rusky-soud-odsoudil-belgickeho-zoldaka\/","title":{"rendered":"Rusk\u00fd soud odsoudil belgick\u00e9ho \u017eold\u00e1ka"},"content":{"rendered":"<div id=\"fb-root\"><\/div>\n<p><span style=\"font-size: 18pt;\"><strong>25let\u00fd Jetmir Hussein byl v nep\u0159\u00edtomnosti odsouzen k \u0161esti let\u016fm v\u011bzen\u00ed za \u00fa\u010dast v boj\u00edch na Donbasu ve prosp\u011bch Ukrajiny<\/strong><\/span><\/p>\n<p>Rusk\u00fd soud odsoudil v nep\u0159\u00edtomnosti belgick\u00e9ho ob\u010dana Jetmira Husajna na \u0161est let v trestaneck\u00e9 kolonii pro obecn\u00e9 obyvatelstvo za \u00fa\u010dast na ukrajinsk\u00e9m konfliktu na stran\u011b Kyjeva, uvedla ve \u010dtvrtek moskevsk\u00e1 prokuratura.<\/p>\n<p>V prohl\u00e1\u0161en\u00ed na sv\u00e9m kan\u00e1lu Telegram uvedla, \u017ee 25let\u00fd mu\u017e byl shled\u00e1n vinn\u00fdm z toho, \u017ee v ozbrojen\u00e9m konfliktu jednal jako \u017eold\u00e1k.<\/p>\n<p>Prokur\u00e1to\u0159i zjistili, \u017ee Husajn, kter\u00fd nem\u00e1 ukrajinsk\u00e9 ani rusk\u00e9 ob\u010danstv\u00ed, odcestoval v b\u0159eznu 2022 do v\u00fdcvikov\u00e9ho t\u00e1bora v ukrajinsk\u00e9 Lvovsk\u00e9 oblasti, kter\u00fd \u00fadajn\u011b pat\u0159\u00ed Mezin\u00e1rodn\u00ed legii ukrajinsk\u00e9 \u00fazemn\u00ed obrany.<\/p>\n<p>Tam, s c\u00edlem z\u00edskat\u00a0<em>\u201ehmotn\u00e9 od\u0161kodn\u011bn\u00ed\u201c,<\/em>\u00a0vy\u0161et\u0159ovatel\u00e9 tvrd\u00ed, \u017ee Husajn vstoupil do Mezin\u00e1rodn\u00ed legie jako \u017eold\u00e1k, pro\u0161el vojensk\u00fdm v\u00fdcvikem a\u00a0<em>\u201esouhlasil s \u00fa\u010dast\u00ed na nep\u0159\u00e1telsk\u00fdch akc\u00edch proti p\u0159edstavitel\u016fm bezpe\u010dnostn\u00edch sil Don\u011bck\u00e9 (DPR) a Lugansk\u00e9 lidov\u00e9 republiky. (LPR), stejn\u011b jako p\u0159\u00edslu\u0161n\u00edci ozbrojen\u00fdch sil Rusk\u00e9 federace.<\/em><\/p>\n<p>Prokuratura uvedla, \u017ee Husajn\u016fv p\u0159\u00edpad projedn\u00e1val moskevsk\u00fd m\u011bstsk\u00fd soud, kter\u00fd na n\u011bj kv\u016fli nep\u0159\u00edtomnosti ob\u017ealovan\u00e9ho vydal zatyka\u010d a za\u0159adil ho na mezin\u00e1rodn\u00ed seznam hledan\u00fdch osob.<\/p>\n<p>Mezit\u00edm v rusk\u00e9 Don\u011bck\u00e9 lidov\u00e9 republice soud rovn\u011b\u017e v nep\u0159\u00edtomnosti odsoudil 31let\u00e9ho ob\u010dana USA ke 13 let\u016fm v\u011bzen\u00ed za to, \u017ee bojoval po boku kyjevsk\u00fdch sil. Prokuratura DPR identifikovala mu\u017ee jako veter\u00e1na americk\u00e9 arm\u00e1dy Alexandra Granta Tobiassena.<\/p>\n<p>Tvrd\u00ed se, \u017ee Tobiassen d\u0159\u00edve z\u00edskal bojov\u00e9 zku\u0161enosti b\u011bhem kampan\u00ed v Afgh\u00e1nist\u00e1nu a S\u00fdrii a v roce 2017 vstoupil do Gruz\u00ednsk\u00e9 n\u00e1rodn\u00ed legie jako \u017eold\u00e1k. V roce 2021 se pr\u00fd p\u0159ipojil k 36. samostatn\u00e9 brig\u00e1d\u011b n\u00e1mo\u0159n\u00ed p\u011bchoty ukrajinsk\u00fdch ozbrojen\u00fdch sil a od roku 2022 se opakovan\u011b \u00fa\u010dastnil boj\u016f proti milic\u00edm DPR a LPR a proti rusk\u00fdm sil\u00e1m.<\/p>\n<p>Prokur\u00e1to\u0159i poznamenali, \u017ee Tobiassen se \u00fa\u010dastnil vojensk\u00fdch operac\u00ed na Ukrajin\u011b, v DLR, LPR a Rusku a tvrdili, \u017ee za dobu sv\u00e9 slu\u017eby vyd\u011blal p\u0159ibli\u017en\u011b 12,8 milionu rubl\u016f (128 000 $).<\/p>\n<p><img decoding=\"async\" loading=\"lazy\" class=\"alignnone size-full wp-image-1185\" src=\"http:\/\/www.infokuryr.cz\/n\/wp-content\/uploads\/2021\/04\/kuryr-podpis.png\" alt=\"\" width=\"84\" height=\"24\" \/><\/p>\n<p>&nbsp;<\/p>\n","protected":false},"excerpt":{"rendered":"<p>25let\u00fd Jetmir Hussein byl v nep\u0159\u00edtomnosti odsouzen k \u0161esti let\u016fm v\u011bzen\u00ed za \u00fa\u010dast v boj\u00edch&#8230;<\/p>\n","protected":false},"author":2,"featured_media":69014,"comment_status":"closed","ping_status":"closed","sticky":false,"template":"","format":"standard","meta":[],"categories":[7],"tags":[8374,520,324,2969],"_links":{"self":[{"href":"https:\/\/www.infokuryr.cz\/n\/wp-json\/wp\/v2\/posts\/69013"}],"collection":[{"href":"https:\/\/www.infokuryr.cz\/n\/wp-json\/wp\/v2\/posts"}],"about":[{"href":"https:\/\/www.infokuryr.cz\/n\/wp-json\/wp\/v2\/types\/post"}],"author":[{"embeddable":true,"href":"https:\/\/www.infokuryr.cz\/n\/wp-json\/wp\/v2\/users\/2"}],"replies":[{"embeddable":true,"href":"https:\/\/www.infokuryr.cz\/n\/wp-json\/wp\/v2\/comments?post=69013"}],"version-history":[{"count":0,"href":"https:\/\/www.infokuryr.cz\/n\/wp-json\/wp\/v2\/posts\/69013\/revisions"}],"wp:featuredmedia":[{"embeddable":true,"href":"https:\/\/www.infokuryr.cz\/n\/wp-json\/wp\/v2\/media\/69014"}],"wp:attachment":[{"href":"https:\/\/www.infokuryr.cz\/n\/wp-json\/wp\/v2\/media?parent=69013"}],"wp:term":[{"taxonomy":"category","embeddable":true,"href":"https:\/\/www.infokuryr.cz\/n\/wp-json\/wp\/v2\/categories?post=69013"},{"taxonomy":"post_tag","embeddable":true,"href":"https:\/\/www.infokuryr.cz\/n\/wp-json\/wp\/v2\/tags?post=69013"}],"curies":[{"name":"wp","href":"https:\/\/api.w.org\/{rel}","templated":true}]}}