{"id":68976,"date":"2024-12-27T00:38:00","date_gmt":"2024-12-26T23:38:00","guid":{"rendered":"https:\/\/www.infokuryr.cz\/n\/?p=68976"},"modified":"2024-12-26T10:50:34","modified_gmt":"2024-12-26T09:50:34","slug":"pakistan-zahajil-nalety-proti-afghanistanu-taliban-slibuje-odvetu","status":"publish","type":"post","link":"https:\/\/www.infokuryr.cz\/n\/2024\/12\/27\/pakistan-zahajil-nalety-proti-afghanistanu-taliban-slibuje-odvetu\/","title":{"rendered":"P\u00e1kist\u00e1n zah\u00e1jil n\u00e1lety proti Afgh\u00e1nist\u00e1nu, Taliban slibuje odvetu"},"content":{"rendered":"<div id=\"fb-root\"><\/div>\n<p><strong><span>P\u00e1kist\u00e1nsk\u00e9 n\u00e1lety ve v\u00fdchodn\u00edm Afgh\u00e1nist\u00e1nu zabily 46 lid\u00ed, \u0159ekl ve st\u0159edu mluv\u010d\u00ed afgh\u00e1nsk\u00e9 vl\u00e1dy Talibanu. Ten sl\u00edbil odvetu za tyto \u00fatoky<\/span><\/strong><span>\u00a0.<\/span><\/p>\n<p><span>Mluv\u010d\u00ed Zabihullah Mujahid \u0159ekl: \u201e\u00a0<\/span><em><span>V\u010dera v noci P\u00e1kist\u00e1n bombardoval \u010dty\u0159i lokality v okrese Barmal v provincii Paktika<\/span><\/em><span>\u00a0,\u201c dodal, \u017ee ob\u011b\u0165mi byly hlavn\u011b \u017eeny a d\u011bti.<\/span><\/p>\n<p><span>Afgh\u00e1nsk\u00e9 ministerstvo obrany n\u00e1lety v prohl\u00e1\u0161en\u00ed odsoudilo a ozna\u010dilo je za \u201e\u00a0<\/span><em><span>jasnou agresi odporuj\u00edc\u00ed v\u0161em mezin\u00e1rodn\u00edm princip\u016fm<\/span><\/em><span>\u00a0\u201c, a dodalo, \u017ee \u201e\u00a0<\/span><em><span>Isl\u00e1msk\u00fd emir\u00e1t [Afgh\u00e1nist\u00e1n] nenech\u00e1 toto zbab\u011bl\u00e9 jedn\u00e1n\u00ed bez odezvy a pova\u017euje obrana sv\u00e9ho \u00fazem\u00ed a sv\u00e9 suverenity jako nezadateln\u00e9 pr\u00e1vo<\/span><\/em><span>\u00a0\u201c.<\/span><\/p>\n<p><span>V b\u0159eznu se podle \u00fa\u0159ad\u016f Talibanu smrt\u00edc\u00ed p\u00e1kist\u00e1nsk\u00e9 vojensk\u00e9 n\u00e1lety \u00fadajn\u011b zam\u011b\u0159ovaly na pohrani\u010dn\u00ed oblasti a zabily osm civilist\u016f. N\u00e1sil\u00ed v P\u00e1kist\u00e1nu se zv\u00fd\u0161ilo od doby, kdy p\u00e1kist\u00e1nsk\u00fd T\u00e1lib\u00e1n (TTP) v listopadu 2022 ukon\u010dil neur\u010dit\u00e9 p\u0159\u00edm\u011b\u0159\u00ed s p\u00e1kist\u00e1nskou vl\u00e1dou. Toto p\u0159\u00edm\u011b\u0159\u00ed, dohodnut\u00e9 v \u010dervnu 2022 a zprost\u0159edkovan\u00e9 afgh\u00e1nsk\u00fdm T\u00e1lib\u00e1nem, m\u011blo za c\u00edl omezit n\u00e1sil\u00ed a p\u0159ipravit p\u016fdu pro m\u00edrov\u00e1 jedn\u00e1n\u00ed.<\/span><\/p>\n<p><span>Zhroucen\u00ed p\u0159\u00edm\u011b\u0159\u00ed vedlo k v\u00fdrazn\u00e9 eskalaci n\u00e1sil\u00ed, v n\u00e1sleduj\u00edc\u00edm roce bylo zaznamen\u00e1no v\u00edce ne\u017e 700 \u00fatok\u016f, kter\u00e9 si vy\u017e\u00e1daly t\u00e9m\u011b\u0159 1000 \u00famrt\u00ed. P\u00e1kist\u00e1n obvi\u0148uje afgh\u00e1nsk\u00fd Taliban z poskytov\u00e1n\u00ed \u00fato\u010di\u0161t\u011b TTP, co\u017e je obvin\u011bn\u00ed, kter\u00e9 d\u00e1le napjala vztahy mezi ob\u011bma sousedn\u00edmi zem\u011bmi.<\/span><\/p>\n<p><img decoding=\"async\" loading=\"lazy\" class=\"alignnone size-full wp-image-1185\" src=\"http:\/\/www.infokuryr.cz\/n\/wp-content\/uploads\/2021\/04\/kuryr-podpis.png\" alt=\"\" width=\"84\" height=\"24\" \/><\/p>\n<p>&nbsp;<\/p>\n","protected":false},"excerpt":{"rendered":"<p>P\u00e1kist\u00e1nsk\u00e9 n\u00e1lety ve v\u00fdchodn\u00edm Afgh\u00e1nist\u00e1nu zabily 46 lid\u00ed, \u0159ekl ve st\u0159edu mluv\u010d\u00ed afgh\u00e1nsk\u00e9 vl\u00e1dy Talibanu&#8230;.<\/p>\n","protected":false},"author":2,"featured_media":68977,"comment_status":"closed","ping_status":"closed","sticky":false,"template":"","format":"standard","meta":[],"categories":[7],"tags":[118,3535,129],"_links":{"self":[{"href":"https:\/\/www.infokuryr.cz\/n\/wp-json\/wp\/v2\/posts\/68976"}],"collection":[{"href":"https:\/\/www.infokuryr.cz\/n\/wp-json\/wp\/v2\/posts"}],"about":[{"href":"https:\/\/www.infokuryr.cz\/n\/wp-json\/wp\/v2\/types\/post"}],"author":[{"embeddable":true,"href":"https:\/\/www.infokuryr.cz\/n\/wp-json\/wp\/v2\/users\/2"}],"replies":[{"embeddable":true,"href":"https:\/\/www.infokuryr.cz\/n\/wp-json\/wp\/v2\/comments?post=68976"}],"version-history":[{"count":0,"href":"https:\/\/www.infokuryr.cz\/n\/wp-json\/wp\/v2\/posts\/68976\/revisions"}],"wp:featuredmedia":[{"embeddable":true,"href":"https:\/\/www.infokuryr.cz\/n\/wp-json\/wp\/v2\/media\/68977"}],"wp:attachment":[{"href":"https:\/\/www.infokuryr.cz\/n\/wp-json\/wp\/v2\/media?parent=68976"}],"wp:term":[{"taxonomy":"category","embeddable":true,"href":"https:\/\/www.infokuryr.cz\/n\/wp-json\/wp\/v2\/categories?post=68976"},{"taxonomy":"post_tag","embeddable":true,"href":"https:\/\/www.infokuryr.cz\/n\/wp-json\/wp\/v2\/tags?post=68976"}],"curies":[{"name":"wp","href":"https:\/\/api.w.org\/{rel}","templated":true}]}}