{"id":6895,"date":"2021-12-15T16:59:47","date_gmt":"2021-12-15T15:59:47","guid":{"rendered":"http:\/\/www.infokuryr.cz\/n\/?p=6895"},"modified":"2021-12-15T16:59:47","modified_gmt":"2021-12-15T15:59:47","slug":"clk-nema-mandat-mluvit-za-lekare","status":"publish","type":"post","link":"https:\/\/www.infokuryr.cz\/n\/2021\/12\/15\/clk-nema-mandat-mluvit-za-lekare\/","title":{"rendered":"\u010cLK nem\u00e1 mand\u00e1t mluvit za l\u00e9ka\u0159e"},"content":{"rendered":"<div id=\"fb-root\"><\/div>\n<p>Dne 21. listopadu p\u0159edstavenstvo \u010cesk\u00e9 l\u00e9ka\u0159sk\u00e9 komory vydalo\u00a0<strong><a href=\"https:\/\/www.lkcr.cz\/aktuality-322.html\" target=\"_blank\" rel=\"noopener\">stanovisko<\/a><\/strong>, ve kter\u00e9m vyz\u00fdv\u00e1 k zaveden\u00ed povinn\u00e9ho plo\u0161n\u00e9ho o\u010dkov\u00e1n\u00ed. Veden\u00ed \u010cLK v \u010dele s dr. Kubkem vystupuje, jako by m\u011blo podporu v\u011bt\u0161iny z t\u00e9m\u011b\u0159 52 000 l\u00e9ka\u0159\u016f organizovan\u00fdch komorou. Ve skute\u010dnosti tomu tak ale nen\u00ed. L\u00e9ka\u0159i jsou \u010dleny komory, proto\u017ee to maj\u00ed na\u0159\u00edzeno z\u00e1konem, jinak by z n\u00ed v\u011bt\u0161ina z nich vystoupila.<\/p>\n<div align=\"left\">\n<p>O tom tak\u00e9 sv\u011bd\u010d\u00ed extr\u00e9mn\u011b mal\u00e1 aktivn\u00ed podpora a \u00fa\u010dast l\u00e9ka\u0159\u016f na okresn\u00edch \u010di obvodn\u00edch volebn\u00edch shrom\u00e1\u017ed\u011bn\u00edch \u010cLK. Ta byla v roce 2015 v pr\u016fm\u011bru 3\u20135 % v\u0161ech \u010dlen\u016f a od t\u00e9 doby nestoupla. S\u00edla mand\u00e1tu p\u0159edsednictva \u010cLK je ni\u017e\u0161\u00ed ne\u017e 4 % z celkov\u00e9ho po\u010dtu, co\u017e znamen\u00e1 p\u0159ibli\u017en\u011b 2 000 l\u00e9ka\u0159\u016f.<\/p>\n<p>Oproti tomu Deklaraci l\u00e9ka\u0159\u016f k n\u00e1tlaku na o\u010dkov\u00e1n\u00ed podepsalo ji\u017e v\u00edce ne\u017e 1 700 l\u00e9ka\u0159\u016f, tedy zcela srovnateln\u00e9 mno\u017estv\u00ed. \u010cLK p\u0159edev\u0161\u00edm nem\u00e1 \u017e\u00e1dn\u00fd mor\u00e1ln\u00ed mand\u00e1t zastupovat l\u00e9ka\u0159e jako celek a vyd\u00e1vat libovoln\u00e1 stanoviska \u010di doporu\u010den\u00ed s v\u00e1hou l\u00e9ka\u0159sk\u00e9 v\u011bt\u0161iny.<\/p>\n<p>Uvnit\u0159 stavu l\u00e9ka\u0159sk\u00e9ho existuj\u00ed dv\u011b v\u00fdznamn\u00e9 z\u00e1sady. Tou prvn\u00ed je z\u00e1sada PACIENTOVI P\u0158EDEV\u0160\u00cdM NEUBL\u00cd\u017dIT (<em>primum non nocere<\/em>). L\u00e9ka\u0159i by tedy nikdy nem\u011bli sv\u00fdm pacient\u016fm vnucovat a bez jejich svolen\u00ed jim prov\u00e1d\u011bt nebezpe\u010dn\u00e9 z\u00e1kroky a pod\u00e1vat nebezpe\u010dn\u00e9 l\u00e9ky, i kdyby to bylo z jejich \u00fazk\u00e9ho odborn\u00e9ho \u00fahlu pohledu u\u017eite\u010dn\u00e9. Tou druhou z\u00e1sadou je, \u017ee \u017d\u00c1DN\u00dd ZDRAVOTN\u00cdK NEN\u00cd POVINEN OHROZIT SV\u016eJ VLASTN\u00cd \u017dIVOT A SV\u00c9 ZDRAV\u00cd VE PROSP\u011aCH ZDRAV\u00cd PACIENTA.<\/p>\n<p>K takov\u00e9mu sebeohro\u017euj\u00edc\u00edmu jedn\u00e1n\u00ed nen\u00ed nikdo opr\u00e1vn\u011bn zdravotn\u00edky v \u017e\u00e1dn\u00e9m p\u0159\u00edpad\u011b nutit. Mohou to samoz\u0159ejm\u011b kdykoliv ud\u011blat, ale pouze dobrovoln\u011b na z\u00e1klad\u011b sv\u00e9ho vlastn\u00edho uv\u00e1\u017een\u00ed.\u00a0<strong>\u010cLK tak sv\u00fdm stanoviskem a ve\u0159ejn\u00fdm doporu\u010den\u00edm k zaveden\u00ed povinn\u00e9ho o\u010dkov\u00e1n\u00ed v\u0161ech zdravotn\u00edk\u016f a pracovn\u00edk\u016f soci\u00e1ln\u00edch slu\u017eeb nejen naprosto nemravn\u011b p\u0159ekra\u010duje sv\u016fj mand\u00e1t, ale tak\u00e9 prolamuje hned dv\u011b z nejd\u016fle\u017eit\u011bj\u0161\u00edch ust\u00e1len\u00fdch z\u00e1sad medic\u00edny a l\u00e9ka\u0159stv\u00ed.<\/strong><\/p>\n<p>\u010cesk\u00e1 l\u00e9ka\u0159sk\u00e1 komora v \u010dele s dr. Kubkem nem\u00e1 mor\u00e1ln\u00ed opr\u00e1vn\u011bn\u00ed mluvit za l\u00e9ka\u0159e, nato\u017e jm\u00e9nem l\u00e9ka\u0159\u016f vyv\u00edjet jak\u00fdkoliv tlak na politiky ohledn\u011b povinn\u00e9ho o\u010dkov\u00e1n\u00ed.<\/p>\n<p>Deklaraci l\u00e9ka\u0159\u016f k n\u00e1tlaku na o\u010dkov\u00e1n\u00ed ji\u017e podepsalo bezm\u00e1la 75 000 lid\u00ed, z toho v\u00edce ne\u017e 1 700 l\u00e9ka\u0159\u016f a to p\u0159esto, \u017ee je blokov\u00e1na na soci\u00e1ln\u00edch s\u00edt\u00edch, a dokonce jsou blokov\u00e1ny i e-maily. D\u011bkujeme za tak ohromnou podporu a vyz\u00fdv\u00e1me k\u00a0<strong>\u0161\u00ed\u0159en\u00ed deklarace a jej\u00ed aktivn\u00ed realizaci<\/strong>. Pouh\u00fdm podpisem pod deklaraci se nic nezm\u011bn\u00ed, pokud se neodhodl\u00e1me k \u010dinu.<\/p>\n<p style=\"text-align: left;\" align=\"right\"><a href=\"https:\/\/deklaracelekaru.cz\/\">deklaracelekaru<\/a><\/p>\n<p style=\"text-align: left;\" align=\"right\">12. prosince 2021<\/p>\n<p align=\"right\">\n<\/div>\n","protected":false},"excerpt":{"rendered":"<p>Dne 21. listopadu p\u0159edstavenstvo \u010cesk\u00e9 l\u00e9ka\u0159sk\u00e9 komory vydalo\u00a0stanovisko, ve kter\u00e9m vyz\u00fdv\u00e1 k zaveden\u00ed povinn\u00e9ho plo\u0161n\u00e9ho&#8230;<\/p>\n","protected":false},"author":2,"featured_media":4691,"comment_status":"closed","ping_status":"closed","sticky":false,"template":"","format":"standard","meta":[],"categories":[6],"tags":[1163,23,213,811],"_links":{"self":[{"href":"https:\/\/www.infokuryr.cz\/n\/wp-json\/wp\/v2\/posts\/6895"}],"collection":[{"href":"https:\/\/www.infokuryr.cz\/n\/wp-json\/wp\/v2\/posts"}],"about":[{"href":"https:\/\/www.infokuryr.cz\/n\/wp-json\/wp\/v2\/types\/post"}],"author":[{"embeddable":true,"href":"https:\/\/www.infokuryr.cz\/n\/wp-json\/wp\/v2\/users\/2"}],"replies":[{"embeddable":true,"href":"https:\/\/www.infokuryr.cz\/n\/wp-json\/wp\/v2\/comments?post=6895"}],"version-history":[{"count":0,"href":"https:\/\/www.infokuryr.cz\/n\/wp-json\/wp\/v2\/posts\/6895\/revisions"}],"wp:featuredmedia":[{"embeddable":true,"href":"https:\/\/www.infokuryr.cz\/n\/wp-json\/wp\/v2\/media\/4691"}],"wp:attachment":[{"href":"https:\/\/www.infokuryr.cz\/n\/wp-json\/wp\/v2\/media?parent=6895"}],"wp:term":[{"taxonomy":"category","embeddable":true,"href":"https:\/\/www.infokuryr.cz\/n\/wp-json\/wp\/v2\/categories?post=6895"},{"taxonomy":"post_tag","embeddable":true,"href":"https:\/\/www.infokuryr.cz\/n\/wp-json\/wp\/v2\/tags?post=6895"}],"curies":[{"name":"wp","href":"https:\/\/api.w.org\/{rel}","templated":true}]}}