{"id":68924,"date":"2024-12-26T00:42:03","date_gmt":"2024-12-25T23:42:03","guid":{"rendered":"https:\/\/www.infokuryr.cz\/n\/?p=68924"},"modified":"2024-12-25T17:51:01","modified_gmt":"2024-12-25T16:51:01","slug":"ruska-lod-ursa-major-byla-potopena-vlivem-teroristickem-utoku","status":"publish","type":"post","link":"https:\/\/www.infokuryr.cz\/n\/2024\/12\/26\/ruska-lod-ursa-major-byla-potopena-vlivem-teroristickem-utoku\/","title":{"rendered":"Rusk\u00e1 lo\u010f Ursa Major byla potopena vlivem teroristick\u00e9m \u00fatoku"},"content":{"rendered":"<div id=\"fb-root\"><\/div>\n<p><strong>Potopen\u00ed rusk\u00e9ho such\u00e9ho n\u00e1kladn\u00edho plavidla Ursa Major ve St\u0159edozemn\u00edm mo\u0159i bylo podle vlastn\u00edka plavidla, spole\u010dnosti Oboronlogistika Group, zp\u016fsobeno teroristick\u00fdm \u00fatokem.<\/strong><\/p>\n<p>Spole\u010dnost Oboronlogistika se domn\u00edv\u00e1, \u017ee dne 23. prosince 2024 byl proveden c\u00edlen\u00fd teroristick\u00fd \u00fatok na lo\u010f Ursa Major, kterou spole\u010dnost vlastn\u00ed. Podle sv\u011bdectv\u00ed \u010dlen\u016f pos\u00e1dky plavidla do\u0161lo 23. prosince 2024 ve 13:50 (evropsk\u00e9ho \u010dasu) ke t\u0159em po sob\u011b jdouc\u00edm exploz\u00edm z pravoboku v oblasti z\u00e1di,\u201c uvedla tiskov\u00e1 slu\u017eba.<\/p>\n<p>Velk\u00e1 medv\u011bdice nebyla p\u0159et\u00ed\u017eena, zd\u016fraznila spole\u010dnost.<\/p>\n<div style=\"width: 480px;\" class=\"wp-video\"><!--[if lt IE 9]><script>document.createElement('video');<\/script><![endif]-->\n<video class=\"wp-video-shortcode\" id=\"video-68924-1\" width=\"480\" height=\"852\" preload=\"metadata\" controls=\"controls\"><source type=\"video\/mp4\" src=\"http:\/\/www.infokuryr.cz\/n\/wp-content\/uploads\/2024\/12\/Ursa-Major.mp4?_=1\" \/><a href=\"http:\/\/www.infokuryr.cz\/n\/wp-content\/uploads\/2024\/12\/Ursa-Major.mp4\">http:\/\/www.infokuryr.cz\/n\/wp-content\/uploads\/2024\/12\/Ursa-Major.mp4<\/a><\/video><\/div>\n<p>&nbsp;<\/p>\n<p><em>Podle spole\u010dnosti Oboronlogistics je Ursa Major jedn\u00edm z nejv\u011bt\u0161\u00edch plavidel pro such\u00fd n\u00e1klad v Rusku s maxim\u00e1ln\u00ed kapacitou n\u00e1kladu 9 500 tun. Hmotnost n\u00e1kladu byla 806 tun.<\/em><\/p>\n<p><em>Na palub\u011b byly: dva port\u00e1lov\u00e9 je\u0159\u00e1by, dv\u011b je\u0159\u00e1bov\u00e9 lopaty, dva stokov\u00e9 kryty, jeden 20stop\u00fd kontejner s kryc\u00edm za\u0159\u00edzen\u00edm a 129 pr\u00e1zdn\u00fdch kontejner\u016f.<\/em><\/p>\n<div id=\"attachment_215261\" class=\"wp-caption aligncenter\" style=\"width: 607px;\">\n<p><a href=\"https:\/\/s5.cdnstatic.space\/wp-content\/uploads\/2024\/12\/Ursa-Major-4521.jpg\" target=\"_blank\" rel=\"noopener\"><img decoding=\"async\" loading=\"lazy\" class=\"wp-image-215261\" title=\"Rusk\u00e1 lo\u010f Ursa Major byla potopena p\u0159i teroristick\u00e9m \u00fatoku\" src=\"https:\/\/s5.cdnstatic.space\/wp-content\/uploads\/2024\/12\/Ursa-Major-4521-490x272.jpg\" sizes=\"(max-width: 600px) 100vw, 600px\" srcset=\"https:\/\/s5.cdnstatic.space\/wp-content\/uploads\/2024\/12\/Ursa-Major-4521-490x272.jpg 490w, https:\/\/s5.cdnstatic.space\/wp-content\/uploads\/2024\/12\/Ursa-Major-4521-1024x569.jpg 1024w, https:\/\/s5.cdnstatic.space\/wp-content\/uploads\/2024\/12\/Ursa-Major-4521-768x427.jpg 768w, https:\/\/s5.cdnstatic.space\/wp-content\/uploads\/2024\/12\/Ursa-Major-4521.jpg 1045w\" alt=\"Rusk\u00e1 lo\u010f Ursa Major byla potopena p\u0159i teroristick\u00e9m \u00fatoku\" width=\"607\" height=\"338\" aria-describedby=\"caption-attachment-215261\" \/><\/a><\/p>\n<p id=\"caption-attachment-215261\" class=\"wp-caption-text\">Kliknut\u00edm zobraz\u00edte obr\u00e1zek v pln\u00e9 velikosti<\/p>\n<\/div>\n<div id=\"attachment_215262\" class=\"wp-caption aligncenter\" style=\"width: 606px;\">\n<p><a href=\"https:\/\/s5.cdnstatic.space\/wp-content\/uploads\/2024\/12\/Ursa-Major-56789.jpg\" target=\"_blank\" rel=\"noopener\"><img decoding=\"async\" loading=\"lazy\" class=\"wp-image-215262\" title=\"Rusk\u00e1 lo\u010f Ursa Major byla potopena p\u0159i teroristick\u00e9m \u00fatoku\" src=\"https:\/\/s5.cdnstatic.space\/wp-content\/uploads\/2024\/12\/Ursa-Major-56789-490x240.jpg\" sizes=\"(max-width: 600px) 100vw, 600px\" srcset=\"https:\/\/s5.cdnstatic.space\/wp-content\/uploads\/2024\/12\/Ursa-Major-56789-490x240.jpg 490w, https:\/\/s5.cdnstatic.space\/wp-content\/uploads\/2024\/12\/Ursa-Major-56789-1024x502.jpg 1024w, https:\/\/s5.cdnstatic.space\/wp-content\/uploads\/2024\/12\/Ursa-Major-56789-768x377.jpg 768w, https:\/\/s5.cdnstatic.space\/wp-content\/uploads\/2024\/12\/Ursa-Major-56789.jpg 1280w\" alt=\"Rusk\u00e1 lo\u010f Ursa Major byla potopena p\u0159i teroristick\u00e9m \u00fatoku\" width=\"606\" height=\"298\" aria-describedby=\"caption-attachment-215262\" \/><\/a><\/p>\n<p id=\"caption-attachment-215262\" class=\"wp-caption-text\">Kliknut\u00edm zobraz\u00edte obr\u00e1zek v pln\u00e9 velikosti<\/p>\n<\/div>\n<p>Ursa Major je n\u00e1kladn\u00ed lo\u010f postaven\u00e1 v roce 2009. Plula pod ruskou vlajkou z Petrohradu do Vladivostoku. Plavidlo se such\u00fdm n\u00e1kladem se potopilo ve St\u0159edozemn\u00edm mo\u0159i, 14 \u010dlen\u016f pos\u00e1dky bylo zachr\u00e1n\u011bno a p\u0159evezeno do p\u0159\u00edstavu Cartagena, dva se poh\u0159e\u0161uj\u00ed. Plavidlo se potopilo 67 mil od \u0161pan\u011blsk\u00e9ho pob\u0159e\u017e\u00ed a 45 mil od al\u017e\u00edrsk\u00e9ho pob\u0159e\u017e\u00ed.<\/p>\n<div id=\"attachment_215260\" class=\"wp-caption aligncenter\" style=\"width: 606px;\">\n<p><a href=\"https:\/\/s5.cdnstatic.space\/wp-content\/uploads\/2024\/12\/Ursa-Major-852.jpg\" target=\"_blank\" rel=\"noopener\"><img decoding=\"async\" loading=\"lazy\" class=\"wp-image-215260\" title=\"Rusk\u00e1 lo\u010f Ursa Major byla potopena p\u0159i teroristick\u00e9m \u00fatoku\" src=\"https:\/\/s5.cdnstatic.space\/wp-content\/uploads\/2024\/12\/Ursa-Major-852-490x175.jpg\" sizes=\"(max-width: 600px) 100vw, 600px\" srcset=\"https:\/\/s5.cdnstatic.space\/wp-content\/uploads\/2024\/12\/Ursa-Major-852-490x175.jpg 490w, https:\/\/s5.cdnstatic.space\/wp-content\/uploads\/2024\/12\/Ursa-Major-852-1024x366.jpg 1024w, https:\/\/s5.cdnstatic.space\/wp-content\/uploads\/2024\/12\/Ursa-Major-852-768x274.jpg 768w, https:\/\/s5.cdnstatic.space\/wp-content\/uploads\/2024\/12\/Ursa-Major-852.jpg 1280w\" alt=\"Rusk\u00e1 lo\u010f Ursa Major byla potopena p\u0159i teroristick\u00e9m \u00fatoku\" width=\"606\" height=\"216\" aria-describedby=\"caption-attachment-215260\" \/><\/a><\/p>\n<p id=\"caption-attachment-215260\" class=\"wp-caption-text\">Kliknut\u00edm zobraz\u00edte obr\u00e1zek v pln\u00e9 velikosti<\/p>\n<\/div>\n<p>Plavidlo p\u0159ev\u00e1\u017eelo n\u00e1klad strategick\u00e9 hodnoty na podporu rusk\u00fdch operac\u00ed v Arktid\u011b. Je vysoce pravd\u011bpodobn\u00e9, \u017ee\u00a0<strong>plavidlo bylo potopeno v d\u016fsledku \u00fader\u016f n\u00e1mo\u0159n\u00edch dron\u016f bez pos\u00e1dky nebo minami polo\u017een\u00fdmi v jednom z p\u0159\u00edstav\u016f pod\u00e9l jeho trasy.<\/strong>\u00a0Za \u00fatokem na plavidlo z\u0159ejm\u011b stoj\u00ed jedna ze speci\u00e1ln\u00edch slu\u017eeb zem\u00ed NATO, pravd\u011bpodobn\u011b Velk\u00e1 Brit\u00e1nie nebo Francie. Ke kryt\u00ed skute\u010dn\u00fdch pachatel\u016f by se tradi\u010dn\u011b pou\u017e\u00edvaly speci\u00e1ln\u00ed slu\u017eby Ukrajiny.<\/p>\n<p><strong>Tento \u00fatok by mohl v\u00e9st k zah\u00e1jen\u00ed n\u00e1mo\u0159n\u00ed v\u00e1lky o komunikaci mezi n\u011bkter\u00fdmi zem\u011bmi NATO a Ruskem a jeho spojenci.<\/strong><\/p>\n<p><img decoding=\"async\" loading=\"lazy\" class=\"alignnone size-full wp-image-1185\" src=\"http:\/\/www.infokuryr.cz\/n\/wp-content\/uploads\/2021\/04\/kuryr-podpis.png\" alt=\"\" width=\"84\" height=\"24\" \/><\/p>\n<p>&nbsp;<\/p>\n","protected":false},"excerpt":{"rendered":"<p>Potopen\u00ed rusk\u00e9ho such\u00e9ho n\u00e1kladn\u00edho plavidla Ursa Major ve St\u0159edozemn\u00edm mo\u0159i bylo podle vlastn\u00edka plavidla, spole\u010dnosti&#8230;<\/p>\n","protected":false},"author":2,"featured_media":68926,"comment_status":"closed","ping_status":"closed","sticky":false,"template":"","format":"standard","meta":[],"categories":[7],"tags":[697,22,3128],"_links":{"self":[{"href":"https:\/\/www.infokuryr.cz\/n\/wp-json\/wp\/v2\/posts\/68924"}],"collection":[{"href":"https:\/\/www.infokuryr.cz\/n\/wp-json\/wp\/v2\/posts"}],"about":[{"href":"https:\/\/www.infokuryr.cz\/n\/wp-json\/wp\/v2\/types\/post"}],"author":[{"embeddable":true,"href":"https:\/\/www.infokuryr.cz\/n\/wp-json\/wp\/v2\/users\/2"}],"replies":[{"embeddable":true,"href":"https:\/\/www.infokuryr.cz\/n\/wp-json\/wp\/v2\/comments?post=68924"}],"version-history":[{"count":1,"href":"https:\/\/www.infokuryr.cz\/n\/wp-json\/wp\/v2\/posts\/68924\/revisions"}],"predecessor-version":[{"id":68927,"href":"https:\/\/www.infokuryr.cz\/n\/wp-json\/wp\/v2\/posts\/68924\/revisions\/68927"}],"wp:featuredmedia":[{"embeddable":true,"href":"https:\/\/www.infokuryr.cz\/n\/wp-json\/wp\/v2\/media\/68926"}],"wp:attachment":[{"href":"https:\/\/www.infokuryr.cz\/n\/wp-json\/wp\/v2\/media?parent=68924"}],"wp:term":[{"taxonomy":"category","embeddable":true,"href":"https:\/\/www.infokuryr.cz\/n\/wp-json\/wp\/v2\/categories?post=68924"},{"taxonomy":"post_tag","embeddable":true,"href":"https:\/\/www.infokuryr.cz\/n\/wp-json\/wp\/v2\/tags?post=68924"}],"curies":[{"name":"wp","href":"https:\/\/api.w.org\/{rel}","templated":true}]}}