{"id":68902,"date":"2024-12-26T00:38:38","date_gmt":"2024-12-25T23:38:38","guid":{"rendered":"https:\/\/www.infokuryr.cz\/n\/?p=68902"},"modified":"2024-12-25T17:21:05","modified_gmt":"2024-12-25T16:21:05","slug":"zeptejte-se-tech-kteri-jsou-zavisli-na-systemu-proc-jeste-nedostali-10-injekci","status":"publish","type":"post","link":"https:\/\/www.infokuryr.cz\/n\/2024\/12\/26\/zeptejte-se-tech-kteri-jsou-zavisli-na-systemu-proc-jeste-nedostali-10-injekci\/","title":{"rendered":"Zeptejte se t\u011bch, kte\u0159\u00ed jsou z\u00e1visl\u00ed na syst\u00e9mu, pro\u010d je\u0161t\u011b nedostali 10. injekci?"},"content":{"rendered":"<div id=\"fb-root\"><\/div>\n<p><strong><span>P\u0159edpokl\u00e1dejme, \u017ee tisk jednoty a pravdy m\u00e1 pravdu. Kdo je tedy p\u0159\u00edsahaj\u00edc\u00ed? Proto\u017ee jen n\u011bkolik z t\u011bch, kte\u0159\u00ed nad\u00e1le hl\u00e1saj\u00ed strach z Covid-19, dodnes se testuj\u00ed a h\u00e1j\u00ed po\u017eadavky na masky a o\u010dkov\u00e1n\u00ed s vysokou m\u00edrou agrese, bylo tak\u00e9 o\u010dkov\u00e1no tak \u010dasto, jak doporu\u010duje \u201ev\u011bda\u201c. To by nyn\u00ed bylo nejm\u00e9n\u011b 12 injekc\u00ed. Je na \u010dase se v\u0161ech t\u011bchto lid\u00ed zeptat, pro\u010d si je je\u0161t\u011b nevyzvedli.<\/span><\/strong><\/p>\n<p><span>Je \u00fanavn\u00e9 se po tolika letech st\u00e1le dohadovat o stejn\u00fdch v\u011bcech. N\u011bkte\u0159\u00ed lid\u00e9 jsou d\u00edky sv\u00e9 poslu\u0161nosti v\u016f\u010di \u00fa\u0159ad\u016fm p\u0159esv\u011bd\u010deni, \u017ee jsou na spr\u00e1vn\u00e9 cest\u011b a \u017ee v\u017edy d\u011blali spr\u00e1vnou v\u011bc. Lid\u00e9 se ut\u00edkali nechat o\u010dkovat a nutili star\u0161\u00ed p\u0159\u00edbuzn\u00e9 a dokonce i d\u011bti, aby si dali injekci. V\u011bt\u0161ina lid\u00ed ale p\u0159estala po t\u0159et\u00ed injekci \u2013 i kdy\u017e \u00fa\u0159ady doporu\u010dovaly n\u011bco \u00fapln\u011b jin\u00e9ho. Tak\u017ee to je v\u00fdchoz\u00ed situace:\u00a0<\/span><strong><span>Mnoho lid\u00ed je p\u0159ipraveno p\u0159ijmout jak\u00fdkoli argument t\u00edm nejzlej\u0161\u00edm zp\u016fsobem, pokud jde o u\u017eite\u010dnost a \u00fa\u010dinnost koronov\u00fdch injekc\u00ed. Ale oni sami u\u017e nejdou do \u201eposilov\u00e1n\u00ed\u201c.<\/span><\/strong><\/p>\n<p><span>Shrnuli jsme n\u011bkter\u00e9 tiskov\u00e9 zpr\u00e1vy, kter\u00e9 mohou t\u011bmto lidem poslou\u017eit jako podklad pro argumentaci. Proto\u017ee podle tisku a politik\u016f tato o\u010dkov\u00e1n\u00ed dok\u00e1\u017eou ud\u011blat v\u0161echno spr\u00e1vn\u011b.\u00a0<\/span><em><span>(Pro jistotu, proto\u017ee ve dnech, jako jsou tyto, nikdy nev\u00edte: Mnoho formulac\u00ed v tomto \u010dl\u00e1nku m\u00e1 b\u00fdt satirick\u00e9 \u2013 ale odkazy vedou na skute\u010dn\u00e9 \u010dl\u00e1nky v tzv. kvalitn\u00edch m\u00e9di\u00edch s dobrou pov\u011bst\u00ed):<\/span><\/em><\/p>\n<h3 id=\"h-impfungen-vergrossern-den-penis\" class=\"wp-block-heading\"><span style=\"font-size: 18pt;\">O\u010dkov\u00e1n\u00ed zv\u011bt\u0161\u00ed penis<\/span><\/h3>\n<p><span>Zat\u00edmco koronavirus\u00a0<\/span><a href=\"https:\/\/www.colcorona.net\/de\/corona-penis\" target=\"_blank\" rel=\"noreferrer noopener\"><span>zmen\u0161uje mu\u017esk\u00e9 genit\u00e1lie<\/span><\/a><span>\u00a0(\u00a0<\/span><a href=\"https:\/\/www.heute.at\/s\/4-zentimeter-weg-corona-penis-ein-echtes-problem-100184167\" target=\"_blank\" rel=\"noreferrer noopener\"><span>a\u017e o \u010dty\u0159i centimetry!<\/span><\/a><span>\u00a0) a zp\u016fsobuje\u00a0<\/span><a href=\"https:\/\/www.noz.de\/deutschland-welt\/corona\/artikel\/erektionsprobleme-durch-corona-und-impfung-alle-infos-fuer-maenner-20605714\" target=\"_blank\" rel=\"noreferrer noopener\"><span>probl\u00e9my s erekc\u00ed<\/span><\/a><span>\u00a0a\u00a0<\/span><a href=\"https:\/\/kurier.at\/wissen\/gesundheit\/covid-impfung-gibt-es-auswirkungen-auf-die-maennliche-fruchtbarkeit\/401771820\" target=\"_blank\" rel=\"noreferrer noopener\"><span>impotenci<\/span><\/a><span>\u00a0, s l\u00e9\u010divou injekc\u00ed mRNA bude v\u0161e op\u011bt v po\u0159\u00e1dku: nechvaln\u011b zn\u00e1m\u00fd Thomas Laschyk napsal clickbaitov\u00fd \u010dl\u00e1nek na port\u00e1lu Volksverpetzer :\u00a0<\/span><a href=\"https:\/\/www.volksverpetzer.de\/aktuelles\/meta-studie-corona-impfung-penis\/\" target=\"_blank\" rel=\"noreferrer noopener\"><span>Nov\u00e1 metastudie ukazuje: O\u010dkov\u00e1n\u00ed proti koron\u011b m\u016f\u017ee v\u00e9st k prodlou\u017een\u00ed penisu<\/span><\/a><span>\u00a0. Nejsou zn\u00e1my \u017e\u00e1dn\u00e9 podrobnosti o Laschykov\u011b velikosti penisu, ale \u0159\u00edk\u00e1 se to. Pravdiv\u00e9 m\u00e9dium \u201eHeute\u201c, kter\u00e9 bylo podpo\u0159eno milionov\u00fdmi dan\u011bmi, tak\u00e9 informovalo \u2013 tentokr\u00e1t bez satiry:\u00a0<\/span><a href=\"https:\/\/www.heute.at\/s\/covid-19-impfung-rettet-leben-und-erektionen-100142808\"><span>O\u010dkov\u00e1n\u00ed proti Covid-19 zachra\u0148uje \u017eivoty \u2013 a erekci<\/span><\/a><span>\u00a0.<\/span><\/p>\n<h3 id=\"h-covid-impfung-schutzt-vor-thrombosen-und-herzinfarkten\" class=\"wp-block-heading\"><span style=\"font-size: 18pt;\">O\u010dkov\u00e1n\u00ed proti covidu chr\u00e1n\u00ed p\u0159ed tromb\u00f3zou a infarktem<\/span><\/h3>\n<p><span>Studie, kterou ned\u00e1vno sd\u00edlel rakousk\u00fd ministr zdravotnictv\u00ed Green Rudi Anschober, kter\u00fd \u0159ekl, \u017ee \u201ep\u0159\u00ed\u0161t\u00ed dva t\u00fddny jsou kl\u00ed\u010dov\u00e9\u201c, uv\u00e1d\u00ed, \u017ee o\u010dkov\u00e1n\u00ed proti Covid-19\u00a0<\/span><a href=\"https:\/\/www.ingenieur.de\/technik\/fachbereiche\/medizin\/weniger-herzinfarkte-und-schlaganfaelle-durch-covid-19-impfungen\/\" target=\"_blank\" rel=\"noreferrer noopener\"><span>sn\u00ed\u017e\u00ed po\u010det infarkt\u016f a mrtvic<\/span><\/a><span> . Nap\u0159\u00edklad n\u011bmeck\u00fd port\u00e1l Ingenieur.de 23. srpna 2024 (!) vysv\u011btlil, \u017ee o\u010dkov\u00e1n\u00ed nejen ochr\u00e1n\u00ed p\u0159ed nemocemi (!), ale sn\u00ed\u017e\u00ed i riziko kardiovaskul\u00e1rn\u00edch probl\u00e9m\u016f, jako je tromb\u00f3za a mrtvice. P\u0159i tak senza\u010dn\u00edch vlastnostech je divn\u00e9, \u017ee fanou\u0161ci o\u010dkov\u00e1n\u00ed mRNA nedostanou ka\u017ed\u00fd m\u011bs\u00edc ani injekci?<\/span><\/p>\n<h3 id=\"h-covid-impfung-schutzt-auch-krebspatienten\" class=\"wp-block-heading\"><span style=\"font-size: 18pt;\">O\u010dkov\u00e1n\u00ed proti covidu chr\u00e1n\u00ed i pacienty s rakovinou<\/span><\/h3>\n<p><span>Schwurblers tvrd\u00ed, \u017ee po o\u010dkov\u00e1n\u00ed proti Covid-19 celosv\u011btov\u011b p\u0159ibylo p\u0159\u00edpad\u016f rakoviny, recidivuj\u00edc\u00ed rakoviny a turbo rakoviny. Existuje v\u0161ak n\u00e1zor \u201ev\u011bdc\u016f\u201c, \u017ee o\u010dkov\u00e1n\u00ed proti Covidu by tak\u00e9 poskytlo vynikaj\u00edc\u00ed pomoc pacient\u016fm s rakovinou. Viz tento \u010dl\u00e1nek od Meduni Vienna \u2013\u00a0<\/span><a href=\"https:\/\/www.meduniwien.ac.at\/web\/ueber-uns\/news\/news-im-september-2022\/sars-cov-2-vierte-impfung-schuetzt-auch-krebspatientinnen\/\" target=\"_blank\" rel=\"noreferrer noopener\"><span>SARS-CoV-2: \u010ctvrt\u00e9 o\u010dkov\u00e1n\u00ed tak\u00e9 chr\u00e1n\u00ed pacienty s rakovinou<\/span><\/a><span>\u00a0. A N\u011bmeck\u00e1 spole\u010dnost pro hematologii a onkologii nevid\u00ed d\u016fvod, pro\u010d se \u201e\u00a0<\/span><a href=\"https:\/\/www.krebsinformationsdienst.de\/aktuelles\/detail\/corona-impfung-trotz-chemo\" target=\"_blank\" rel=\"noreferrer noopener\"><span>vzd\u00e1vat o\u010dkov\u00e1n\u00ed proti koronaviru<\/span><\/a><span>\u00a0\u201c navzdory t\u011b\u017ek\u00e9 rakovin\u011b a chemoterapii.<\/span><\/p>\n<h3 id=\"h-dauernd-krank-trotz-impfung-die-wissenschaft-empfiehlt-noch-mehr-booster\" class=\"wp-block-heading\"><span style=\"font-size: 18pt;\">Neust\u00e1le nemocn\u00fd \u201enavzdory o\u010dkov\u00e1n\u00ed\u201c? \u201eScience\u201c doporu\u010duje je\u0161t\u011b v\u00edce booster\u016f<\/span><\/h3>\n<p><span>Kupodivu se v\u017edy najdou lid\u00e9, kte\u0159\u00ed tvrd\u00ed, \u017ee navzdory \u201ez\u00e1kladn\u00ed imunizaci\u201c neust\u00e1le onemocn\u00ed a \u010dasto onemocn\u00ed Covid-19. \u201eScience\u201c doporu\u010duje dal\u0161\u00ed boostery, jak\u00a0si m\u016f\u017eete p\u0159e\u010d\u00edst zde v\u00a0<\/span><a href=\"https:\/\/www.sciencemediacenter.de\/angebote\/22057\" target=\"_blank\" rel=\"noreferrer noopener\"><span>Science Media Center Germany<\/span><\/a><span> . Po dvou d\u00e1vk\u00e1ch byste ji\u017e byli na \u201evysok\u00e9 \u00farovni\u201c, ale v\u00edce booster\u016f by fungovalo JE\u0160T\u011a L\u00c9PE (!). Ka\u017ed\u00e9mu, kdo si mysl\u00ed, \u017ee je ho\u0159ce ironick\u00e9, \u017ee p\u0159\u00edslu\u0161n\u00e1 studie hovo\u0159\u00ed o \u201ehumor\u00e1ln\u00ed imunitn\u00ed reakci\u201c \u2013 je samoz\u0159ejm\u011b my\u0161len zcela jin\u00fd smysl pro humor.<\/span><\/p>\n<h3 id=\"h-anstandige-menschen-im-sinne-des-systems-haben-mindestens-sechs-impfungen-besser-mehr\" class=\"wp-block-heading\"><span style=\"font-size: 18pt;\">Slu\u0161n\u00ed lid\u00e9 ve smyslu syst\u00e9mu maj\u00ed minim\u00e1ln\u011b \u0161est o\u010dkov\u00e1n\u00ed \u2013 rad\u011bji v\u00edce<\/span><\/h3>\n<p><span>Doporu\u010dujeme, aby se v diskuz\u00edch o \u201eo\u010dkov\u00e1n\u00ed\u201c proti Covid-19 p\u0159estalo mluvit o jeho proklamovan\u00e9 \u00fa\u010dinnosti. Sp\u00ed\u0161e by m\u011bli zast\u00e1nci t\u00e9to terapie vysv\u011btlit, pro\u010d se ne\u0159\u00edd\u00ed ofici\u00e1ln\u00edmi doporu\u010den\u00edmi. Nap\u0159\u00edklad rakousk\u00e1 vl\u00e1da (\u00a0<\/span><a href=\"https:\/\/www.gesundheit.gv.at\/leben\/gesundheitsvorsorge\/impfungen\/ueberblick\/covid-19.html?utm_source=chatgpt.com\" target=\"_blank\" rel=\"noreferrer noopener\"><span>gesundheit.gv.at<\/span><\/a><span>\u00a0) v sou\u010dasnosti doporu\u010duje\u00a0\u201eposilovac\u00ed o\u010dkov\u00e1n\u00ed\u201c alespo\u0148 jednou ro\u010dn\u011b. Pokud jste si tedy v roce 2021 poslu\u0161n\u011b vyzvedli sv\u00e9 prvn\u00ed t\u0159i injek\u010dn\u00ed st\u0159\u00edka\u010dky \u201ez\u00e1kladn\u00ed imunizace\u201c, v roce 2024 dostanete nejm\u00e9n\u011b \u0161est injek\u010dn\u00edch st\u0159\u00edka\u010dek. Ka\u017ed\u00fd, kdo je nemocn\u00fd nebo slab\u00fd, by m\u011bl podle rakousk\u00e9 vl\u00e1dy chodit \u010dast\u011bji. Zde se doporu\u010duj\u00ed \u010dty\u0159i injekce ro\u010dn\u011b. Tak\u017ee pokud budete postupovat podle \u201ev\u011bdy\u201c, m\u011bli byste ji\u017e 16 injek\u010dn\u00edch st\u0159\u00edka\u010dek.<\/span><\/p>\n<p><em><strong>Osoby se zv\u00fd\u0161en\u00fdm rizikem<\/strong>\u00a0: D\u0159\u00edv\u011bj\u0161\u00ed p\u0159eo\u010dkov\u00e1n\u00ed m\u016f\u017ee m\u00edt smysl pro imunokompromitovan\u00e9 osoby nebo osoby s ur\u010dit\u00fdmi p\u0159edchoz\u00edmi onemocn\u011bn\u00edmi. Doporu\u010duje se\u00a0minim\u00e1ln\u00ed interval\u00a0<strong>4 m\u011bs\u00edce<\/strong>\u00a0od posledn\u00ed expozice.<\/em><\/p>\n<p><span>Renomovan\u00e9 pravdiv\u00e9 m\u00e9dium \u201eBild\u201c zde vysv\u011btluje\u00a0<\/span><a href=\"https:\/\/www.bild.de\/leben-wissen\/corona-soll-ich-mich-wieder-gegen-covid-19-impfen-lassen-66e82993645d5c7737f4ccfa\" target=\"_blank\" rel=\"noreferrer noopener\"><span>sou\u010dasn\u00e1 doporu\u010den\u00ed ohledn\u011b o\u010dkov\u00e1n\u00ed v N\u011bmecku<\/span><\/a><span> . Zejm\u00e9na slab\u00ed a nemocn\u00ed lid\u00e9 mus\u00ed rozhodn\u011b dostat \u201eosv\u011b\u017eova\u010d\u201c, co\u017e se tak\u00e9 doporu\u010duje osob\u00e1m ve v\u011bku 60 a v\u00edce let. To samoz\u0159ejm\u011b nem\u00e1 nic spole\u010dn\u00e9ho s eutanazi\u00ed, to by byl \u0161patn\u00fd, pochybn\u00fd p\u0159edpoklad.<\/span><\/p>\n<p><span>Mimochodem, p\u016fvodn\u00ed doporu\u010den\u00ed bylo po \u201ez\u00e1kladn\u00ed imunizaci\u201c t\u0159emi injek\u010dn\u00edmi st\u0159\u00edka\u010dkami ka\u017ed\u00fdch \u0161est m\u011bs\u00edc\u016f po\u0159\u00eddit dal\u0161\u00ed injek\u010dn\u00ed st\u0159\u00edka\u010dku. To by tedy byly 3 v\u00fdst\u0159ely v roce 2021 a od t\u00e9 doby dal\u0161\u00ed dva ro\u010dn\u011b \u2013 celkem tedy 9 v\u00fdst\u0159el\u016f.<\/span><\/p>\n<h3 id=\"h-fursorglicher-schutzender-staat-hatte-immer-schon-zehn-impfungen-pro-burger-im-sinn\" class=\"wp-block-heading\"><span style=\"font-size: 18pt;\">Pe\u010duj\u00edc\u00ed, ochrann\u00fd st\u00e1t m\u011bl v\u017edy na mysli deset o\u010dkov\u00e1n\u00ed na ob\u010dana<\/span><\/h3>\n<p><span>P\u0159edsedkyn\u011b Evropsk\u00e9 komise Ursula von der Leyen, kter\u00e1 je samoz\u0159ejm\u011b p\u0159edev\u0161\u00edm podez\u0159el\u00e1 z korupce, se svou proz\u00edravou SMS dohodou se spole\u010dnost\u00ed Pfizer zajistila, \u017ee pro ka\u017ed\u00e9ho Evropana bude k dispozici \u201edostatek\u201c vakc\u00edny. 4,6 miliardy d\u00e1vek je dostupn\u00fdch pro 448,8 milion\u016f lid\u00ed.<\/span><\/p>\n<p><span>Je tedy nezodpov\u011bdn\u00e9 pl\u00fdtv\u00e1n\u00ed pen\u011bzi z dan\u00ed, pokud jste jako \u010dlov\u011bk loaj\u00e1ln\u00ed st\u00e1tu, kter\u00fd d\u016fv\u011b\u0159uje syst\u00e9mov\u00fdm m\u00e9di\u00edm a \u201ev\u011bdu\u201c jako m\u011b\u0159\u00edtko pro v\u0161echno, spot\u0159eboval m\u00e9n\u011b ne\u017e t\u011bchto 10 injek\u010dn\u00edch st\u0159\u00edka\u010dek. Pokud tedy je\u0161t\u011b mus\u00edte o v\u00e1no\u010dn\u00edch sv\u00e1tc\u00edch diskutovat o smyslu a nesmyslnosti injekc\u00ed, na\u0161e rada by byla\u00a0<\/span><strong><span>zeptat se, pro\u010d doty\u010dn\u00ed je\u0161t\u011b nedostali des\u00e1tou injekci do t\u011bla. A do kdy se hodl\u00e1te t\u00edmto d\u016fle\u017eit\u00fdm doporu\u010den\u00edm zdravotnick\u00fdch \u00fa\u0159ad\u016f \u0159\u00eddit.<\/span><\/strong><\/p>\n<p><img decoding=\"async\" loading=\"lazy\" class=\"alignnone size-full wp-image-1185\" src=\"http:\/\/www.infokuryr.cz\/n\/wp-content\/uploads\/2021\/04\/kuryr-podpis.png\" alt=\"\" width=\"84\" height=\"24\" \/><\/p>\n<p>&nbsp;<\/p>\n","protected":false},"excerpt":{"rendered":"<p>P\u0159edpokl\u00e1dejme, \u017ee tisk jednoty a pravdy m\u00e1 pravdu. Kdo je tedy p\u0159\u00edsahaj\u00edc\u00ed? Proto\u017ee jen n\u011bkolik&#8230;<\/p>\n","protected":false},"author":2,"featured_media":68903,"comment_status":"closed","ping_status":"closed","sticky":false,"template":"","format":"standard","meta":[],"categories":[7],"tags":[1503,213,651],"_links":{"self":[{"href":"https:\/\/www.infokuryr.cz\/n\/wp-json\/wp\/v2\/posts\/68902"}],"collection":[{"href":"https:\/\/www.infokuryr.cz\/n\/wp-json\/wp\/v2\/posts"}],"about":[{"href":"https:\/\/www.infokuryr.cz\/n\/wp-json\/wp\/v2\/types\/post"}],"author":[{"embeddable":true,"href":"https:\/\/www.infokuryr.cz\/n\/wp-json\/wp\/v2\/users\/2"}],"replies":[{"embeddable":true,"href":"https:\/\/www.infokuryr.cz\/n\/wp-json\/wp\/v2\/comments?post=68902"}],"version-history":[{"count":0,"href":"https:\/\/www.infokuryr.cz\/n\/wp-json\/wp\/v2\/posts\/68902\/revisions"}],"wp:featuredmedia":[{"embeddable":true,"href":"https:\/\/www.infokuryr.cz\/n\/wp-json\/wp\/v2\/media\/68903"}],"wp:attachment":[{"href":"https:\/\/www.infokuryr.cz\/n\/wp-json\/wp\/v2\/media?parent=68902"}],"wp:term":[{"taxonomy":"category","embeddable":true,"href":"https:\/\/www.infokuryr.cz\/n\/wp-json\/wp\/v2\/categories?post=68902"},{"taxonomy":"post_tag","embeddable":true,"href":"https:\/\/www.infokuryr.cz\/n\/wp-json\/wp\/v2\/tags?post=68902"}],"curies":[{"name":"wp","href":"https:\/\/api.w.org\/{rel}","templated":true}]}}