{"id":68901,"date":"2024-12-26T00:37:52","date_gmt":"2024-12-25T23:37:52","guid":{"rendered":"https:\/\/www.infokuryr.cz\/n\/?p=68901"},"modified":"2024-12-25T17:14:57","modified_gmt":"2024-12-25T16:14:57","slug":"utulny-trest-pro-dva-zadatele-o-azyl-v-nemecku-za-zabiti-22-a-9-mesicu-vezeni","status":"publish","type":"post","link":"https:\/\/www.infokuryr.cz\/n\/2024\/12\/26\/utulny-trest-pro-dva-zadatele-o-azyl-v-nemecku-za-zabiti-22-a-9-mesicu-vezeni\/","title":{"rendered":"\u00datuln\u00fd trest pro dva \u017eadatele o azyl v N\u011bmecku za zabit\u00ed: 22 a 9 m\u011bs\u00edc\u016f v\u011bzen\u00ed"},"content":{"rendered":"<div id=\"fb-root\"><\/div>\n<p><strong><span>Kolik stoj\u00ed \u017eivot N\u011bmce? 1 rok a 10 m\u011bs\u00edc\u016f v\u011bzen\u00ed \u2013 nebo dev\u011bt m\u011bs\u00edc\u016f podm\u00edne\u010dn\u011b pro pachatele. P\u0159i ka\u017ed\u00e9m z t\u011bchto nespravedliv\u00fdch trest\u016f si \u010dlov\u011bk vzpomene na p\u0159\u00edpad mu\u017ee, kter\u00fd odp\u00e1lil silvestrovskou bou\u0159i p\u0159ed me\u0161itou na dvorku a byl uv\u011bzn\u011bn na dev\u011bt let a osm m\u011bs\u00edc\u016f. Samoz\u0159ejm\u011b je t\u0159eba odsoudit i tento \u00fatok. Nerovnov\u00e1ha v n\u011bmeck\u00e9 judikatu\u0159e je v\u0161ak dobrodru\u017en\u00e1.<\/span><\/strong><\/p>\n<p><span>Platforma pro projevy nen\u00e1visti \u201eCorrectiv\u201c p\u0159ed \u010dasem zve\u0159ejnila faktickou kontrolu srovn\u00e1n\u00ed, kter\u00e9 se tak\u00e9 zab\u00fdvalo petardami\u00a0<\/span><a href=\"https:\/\/correctiv.org\/faktencheck\/justiz\/2019\/09\/18\/nein-ein-deutscher-bekam-nicht-zehn-jahre-haft-fuer-boeller-an-der-moscheetuer-er-wurde-wegen-versuchten-mordes-verurteilt\/\" target=\"_blank\" rel=\"noreferrer noopener\"><span>p\u0159ed dve\u0159mi me\u0161ity<\/span><\/a><span> . Dve\u0159e, kter\u00e9 vypadaly jako vchod do soukrom\u00e9ho domu, a fas\u00e1da naho\u0159e byly lehce za\u0161pin\u011bn\u00e9. Soud z toho ud\u011blal \u010dty\u0159n\u00e1sobn\u00fd pokus o vra\u017edu. N\u011bkdo mohl otev\u0159\u00edt dve\u0159e a petarda mohla vybuchnout mnohem v\u00edc. To je judikatura v nejlep\u0161\u00edm N\u011bmecku, jak\u00e9 kdy existovalo \u2013 t\u00e9m\u011b\u0159 deset let v\u011bzen\u00ed za zlo\u010din z nen\u00e1visti, kter\u00fd je jist\u011b odsouzen\u00edhodn\u00fd \u2013, p\u0159i kter\u00e9m nebylo nikomu ubl\u00ed\u017eeno.<\/span><\/p>\n<p><span>Naproti tomu m\u00e1me vra\u017edu v kv\u011btnu 2024, kterou sp\u00e1chali dva \u201e\u017eadatel\u00e9 o azyl\u201c \u2013 jak se v sou\u010dasnosti v N\u011bmecku \u0159\u00edk\u00e1 o chud\u00fdch migrantech, kte\u0159\u00ed vstoupili neleg\u00e1ln\u011b. N\u011bmce Martina K. n\u00e1siln\u00edci bez zjevn\u00e9ho d\u016fvodu srazili p\u011bst\u00ed. V hlav\u011b mu prasklo aneurysma a zem\u0159el. Ve srovn\u00e1n\u00ed s petardou p\u0159ed me\u0161itou zde nebylo \u017e\u00e1dn\u00e9 \u201ebych, m\u011bl, mohl\u201c, ale \u00fapln\u00e9 zabit\u00ed bez jak\u00fdchkoliv \u201ekdyby\u201c a \u201eale\u201c. Neexistuje tak\u00e9 \u017e\u00e1dn\u00e9 \u201enemohli jsme v\u011bd\u011bt, \u017ee n\u011bkdo zem\u0159e, kdy\u017e ho tvrd\u011b ude\u0159\u00edte do nechr\u00e1n\u011bn\u00e9 hlavy\u201c.<\/span><\/p>\n<h3 id=\"h-richterin-machte-sich-sorgen-um-die-armen-migranten\" class=\"wp-block-heading\"><span style=\"font-size: 18pt;\">Soudce m\u011bl o uboh\u00e9 migranty strach<\/span><\/h3>\n<p><span>B\u011bhem \u0159\u00edzen\u00ed si soudce st\u011b\u017eoval na p\u0159edsudky chud\u00fdch mlad\u00fdch mu\u017e\u016f s migrantsk\u00fdm p\u016fvodem. Martina K. ude\u0159ili jen t\u0159ikr\u00e1t do hlavy &#8211; a pak ho kopli do ky\u010dle, kdy\u017e u\u017e le\u017eel na zemi. To by neospravedl\u0148ovalo medi\u00e1ln\u00ed pokryt\u00ed (\u201ebrut\u00e1ln\u00ed n\u00e1siln\u00edci\u201c). A tak 19let\u00fd Ahmed A. z Tuniska a 17let\u00fd Ossama D. z Maroka byli podle trestn\u00edho z\u00e1kona pro mladistv\u00e9 odsouzeni k trest\u016fm mazlen\u00ed. Do\u0161lo tak\u00e9 k \u201enebezpe\u010dn\u00e9mu ubl\u00ed\u017een\u00ed na zdrav\u00ed\u201c.<\/span><\/p>\n<p><a href=\"https:\/\/weltwoche.de\/daily\/im-mai-wurde-martin-k-von-zwei-asylbewerbern-niedergeschlagen-er-starb-nun-fiel-das-urteil-gegen-die-taeter-das-milder-fast-nicht-sein-koennte\/\"><span>V t\u00e9to souvislosti se Weltwoche tak\u00e9 zeptal,<\/span><\/a><span>\u00a0pro\u010d\u00a0jsou migranti z pr\u00e1zdninov\u00fdch destinac\u00ed Tuniska a Maroka ozna\u010dov\u00e1ni jako \u201euprchl\u00edci\u201c. A opr\u00e1vn\u011bn\u00e1 se zd\u00e1 i z\u00e1v\u011bre\u010dn\u00e1 ot\u00e1zka: Co se z takov\u00e9ho trestu u\u010d\u00ed mlad\u00ed migranti z takov\u00fdch zem\u00ed pot\u00e9, co n\u011bkoho ubili k smrti? \u017de to nen\u00ed probl\u00e9m, proto\u017ee jako migrant v\u00e1m stejn\u011b v\u0161echno projde?<\/span><\/p>\n<h3 id=\"h-wie-kann-man-da-noch-auf-demokratie-und-rechtsstaat-vertrauen\" class=\"wp-block-heading\"><span style=\"font-size: 18pt;\">Jak lze je\u0161t\u011b v\u011b\u0159it v demokracii a pr\u00e1vn\u00ed st\u00e1t?<\/span><\/h3>\n<p><span>Obyvatel\u00e9 N\u011bmecka mus\u00ed d\u00e1t justici a politik\u016fm jasn\u011b najevo, \u017ee v takov\u00fdch p\u0159\u00edpadech je t\u0159eba nejen postupovat s maxim\u00e1ln\u00ed p\u0159\u00edsnost\u00ed z\u00e1kona a \u017ee deportace bez mo\u017enosti n\u00e1vratu je tak\u00e9 velmi nutn\u00e1. Proto\u017ee ka\u017ed\u00fd p\u0159\u00edjemn\u00fd rozsudek m\u00e1 za n\u00e1sledek dal\u0161\u00ed zlo\u010diny \u2013 zat\u00edmco odpov\u00eddaj\u00edc\u00ed \u201emlad\u00edci\u201c by si t\u0159ikr\u00e1t rozmysleli, zda v\u016fbec do N\u011bmecka p\u0159ijdou, pokud by takov\u00e9 zlo\u010diny byly trest\u00e1ny p\u0159\u00edsn\u011bji ne\u017e v zem\u00edch jejich p\u016fvodu.<\/span><\/p>\n<p><span>A mus\u00edme diskutovat o tom, jak je mo\u017en\u00e9, \u017ee takov\u00e9 rozsudky nemaj\u00ed pro soudce \u017e\u00e1dn\u00e9 d\u016fsledky, zat\u00edmco soudc\u016fm, kte\u0159\u00ed podle v\u0161ech pravidel sv\u00e9 funkce vynesli spr\u00e1vn\u00fd a v\u011bdecky podlo\u017een\u00fd rozsudek v oblasti \u200b, jsou ud\u011blov\u00e1ny vysok\u00e9 tresty. p\u0159edpisy o mask\u00e1ch. Vzhledem k tomuto vztahu mezi dobrem a zlem a trestu, kter\u00fd n\u00e1sleduje, by se nikdo nem\u011bl divit, \u017ee d\u016fv\u011bra v demokracii a pr\u00e1vn\u00ed st\u00e1t je na historick\u00e9m minimu.<\/span><\/p>\n<p><img decoding=\"async\" loading=\"lazy\" class=\"alignnone size-full wp-image-1185\" src=\"http:\/\/www.infokuryr.cz\/n\/wp-content\/uploads\/2021\/04\/kuryr-podpis.png\" alt=\"\" width=\"84\" height=\"24\" \/><\/p>\n<p>&nbsp;<\/p>\n","protected":false},"excerpt":{"rendered":"<p>Kolik stoj\u00ed \u017eivot N\u011bmce? 1 rok a 10 m\u011bs\u00edc\u016f v\u011bzen\u00ed \u2013 nebo dev\u011bt m\u011bs\u00edc\u016f podm\u00edne\u010dn\u011b&#8230;<\/p>\n","protected":false},"author":2,"featured_media":22411,"comment_status":"closed","ping_status":"closed","sticky":false,"template":"","format":"standard","meta":[],"categories":[7],"tags":[84,520,1009],"_links":{"self":[{"href":"https:\/\/www.infokuryr.cz\/n\/wp-json\/wp\/v2\/posts\/68901"}],"collection":[{"href":"https:\/\/www.infokuryr.cz\/n\/wp-json\/wp\/v2\/posts"}],"about":[{"href":"https:\/\/www.infokuryr.cz\/n\/wp-json\/wp\/v2\/types\/post"}],"author":[{"embeddable":true,"href":"https:\/\/www.infokuryr.cz\/n\/wp-json\/wp\/v2\/users\/2"}],"replies":[{"embeddable":true,"href":"https:\/\/www.infokuryr.cz\/n\/wp-json\/wp\/v2\/comments?post=68901"}],"version-history":[{"count":0,"href":"https:\/\/www.infokuryr.cz\/n\/wp-json\/wp\/v2\/posts\/68901\/revisions"}],"wp:featuredmedia":[{"embeddable":true,"href":"https:\/\/www.infokuryr.cz\/n\/wp-json\/wp\/v2\/media\/22411"}],"wp:attachment":[{"href":"https:\/\/www.infokuryr.cz\/n\/wp-json\/wp\/v2\/media?parent=68901"}],"wp:term":[{"taxonomy":"category","embeddable":true,"href":"https:\/\/www.infokuryr.cz\/n\/wp-json\/wp\/v2\/categories?post=68901"},{"taxonomy":"post_tag","embeddable":true,"href":"https:\/\/www.infokuryr.cz\/n\/wp-json\/wp\/v2\/tags?post=68901"}],"curies":[{"name":"wp","href":"https:\/\/api.w.org\/{rel}","templated":true}]}}