{"id":68850,"date":"2024-12-24T06:31:20","date_gmt":"2024-12-24T05:31:20","guid":{"rendered":"https:\/\/www.infokuryr.cz\/n\/?p=68850"},"modified":"2024-12-24T06:31:20","modified_gmt":"2024-12-24T05:31:20","slug":"michael-svatos-sokujici-prohlaseni-elitniho-ukrajinskeho-velitele-ktery-uz-v-roce-2014-bojoval-v-batalionu-azov","status":"publish","type":"post","link":"https:\/\/www.infokuryr.cz\/n\/2024\/12\/24\/michael-svatos-sokujici-prohlaseni-elitniho-ukrajinskeho-velitele-ktery-uz-v-roce-2014-bojoval-v-batalionu-azov\/","title":{"rendered":"Michael Svato\u0161: \u0160okuj\u00edc\u00ed prohl\u00e1\u0161en\u00ed elitn\u00edho ukrajinsk\u00e9ho velitele, kter\u00fd u\u017e v roce 2014 bojoval v batalionu Azov&#8230;"},"content":{"rendered":"<div id=\"fb-root\"><\/div>\n<p><span style=\"font-size: 14pt;\"><strong>\u0160okuj\u00edc\u00ed prohl\u00e1\u0161en\u00ed elitn\u00edho ukrajinsk\u00e9ho velitele, kter\u00fd u\u017e v roce 2014 bojoval v batalionu Azov, a nyn\u00ed vel\u00ed nejelitn\u011bj\u0161\u00ed ukrajinsk\u00e9 jednotce Vlci da Vinci. Kam se ztr\u00e1cej\u00ed ukrajinsk\u00e9 drony? A pro\u010d maj\u00ed Rusov\u00e9 najedenou tolik dron\u016f. A jakou roli v tom hraje Kyjev?<\/strong><\/span><\/p>\n<p>Nejelitn\u011bj\u0161\u00ed ukrajinsk\u00e1 jednotka sou\u010dasnosti tzv. Regiment Vlci da Vinci, kterou dokonce op\u011bvuje i \u010cesk\u00e9 ministerstvo kultury, (<a href=\"https:\/\/mk.gov.cz\/novinky-a-media-cs-4\/5851cs-podoby-ukrajinske-kultury-15-8-21-8-2024\">viz fotografie \u010d\u00edslo 4 a n\u00e1sleduj\u00edc\u00ed text<\/a>), a kter\u00e1 si v Kyjev\u011b i ve Lvov\u011b\u00a0<a href=\"https:\/\/www.novinky.cz\/clanek\/zahranicni-svet-ukrajinska-jednotka-da-vinciho-vlci-zalozila-naborovou-kancelar-branci-se-hrnou-40460971\">za z\u00e1jmu \u010desk\u00fdch mainstreamov\u00fdch m\u00e9di\u00ed otev\u0159ela vlastn\u00ed n\u00e1borov\u00e9 kancel\u00e1\u0159e<\/a>\u00a0\u201cnov\u00fdch vlk\u016f na ruskou frontu\u201d, vydala \u00fasty sv\u00e9ho velitele\u00a0<a href=\"https:\/\/uk.wikipedia.org\/wiki\/%D0%A4%D1%96%D0%BB%D1%96%D0%BC%D0%BE%D0%BD%D0%BE%D0%B2_%D0%A1%D0%B5%D1%80%D0%B3%D1%96%D0%B9_%D0%A4%D0%B5%D0%B4%D0%BE%D1%80%D0%BE%D0%B2%D0%B8%D1%87\">Serhiye Filionova<\/a>\u00a0v\u010dera \u0161okuj\u00edc\u00ed prohl\u00e1\u0161en\u00ed, a podle n\u011bj, nem\u00e1 nejelitn\u011bj\u0161\u00ed ukrajinsk\u00e1 jednotka pro \u00fatoky drony, vyslan\u00e1 Zelensk\u00fdm na nejd\u016fle\u017eit\u011bj\u0161\u00ed sou\u010dasn\u00e9 boji\u0161t\u011b u Kurachova, aby zastavila rusk\u00fd postup, skoro \u017e\u00e1dn\u00e9 drony, a Rusov\u00e9 ji drony nemilosrdn\u011b ni\u010d\u00ed, a brzy zv\u00edt\u011bz\u00ed!<\/p>\n<div id=\"attachment_14950\" class=\"wp-caption aligncenter\" style=\"width: 604px;\"><img decoding=\"async\" loading=\"lazy\" class=\" wp-image-14950\" src=\"https:\/\/www.michalapetr.com\/wp-content\/uploads\/2024\/12\/SerhiyFilimonov.jpg\" sizes=\"(max-width: 375px) 100vw, 375px\" srcset=\"https:\/\/www.michalapetr.com\/wp-content\/uploads\/2024\/12\/SerhiyFilimonov.jpg 375w, https:\/\/www.michalapetr.com\/wp-content\/uploads\/2024\/12\/SerhiyFilimonov-214x300.jpg 214w\" alt=\"\" width=\"604\" height=\"846\" aria-describedby=\"caption-attachment-14950\" \/><\/p>\n<p id=\"caption-attachment-14950\" class=\"wp-caption-text\">Velitel ukrajinsk\u00fdch Vlk\u016f da Vinci, kter\u00fd v\u010dera p\u0159iznal, \u017ee jeho nejelitn\u011bj\u0161\u00ed v\u00e1le\u010dn\u00e1 jednotka Ukrajiny, specialist\u00e9 na \u00fatoky drony, nedost\u00e1vaj\u00ed u\u017e skoro \u017e\u00e1dn\u00e9 drony, a Rusov\u00e9 je drony nemilosrdn\u011b ni\u010d\u00ed! Jednotka za 6 m\u011bs\u00edc\u016f dostala z Kyjeva jen 30 dron\u016f, m\u011bs\u00ed\u010dn\u011b jich p\u0159itom pot\u0159ebuje nejm\u00e9n\u011b 100!<\/p>\n<\/div>\n<p><a href=\"https:\/\/censor.net\/en\/resonance\/3526645\/afu-needs-a-lot-of-drones-to-hold-pokrovsk\">Kyjevsk\u00fd re\u017eim podle velitele Vlk\u016f da Vinci<\/a>\u00a0nejen jednotce nedod\u00e1v\u00e1 skoro 6 m\u011bs\u00edc\u016f \u017e\u00e1dn\u00e9 drony, a\u010dkoli Vlci bojuj\u00ed u\u017e p\u016fl roku mezi m\u011bsty Selidovo a Kurachove, kde ru\u0161t\u00ed gener\u00e1lov\u00e9 Mordvi\u010dev, Kuzovlev a San\u010dik vedou leto\u0161n\u00ed hlavn\u00ed ruskou ofenz\u00edvu, ale Kyjev i nut\u00ed jednotku, aby si za vlastn\u00ed pen\u00edze \u201ctrubkami\u201d panc\u00e9\u0159ovala bojov\u00e1 vozidla, a hlavn\u011b, aby 7% z \u010d\u00e1stky 900 000 H\u0159iven, kterou m\u011bs\u00ed\u010dn\u011b z Kyjeva dost\u00e1v\u00e1 na n\u00e1kup pouh\u00fdch 5-ti kus\u016f dron\u016f Mavic 3-T, utr\u00e1cela na ti\u0161t\u011bn\u00ed nesmysln\u00fdch faktur a v\u00edt\u011bzn\u00fdch hl\u00e1\u0161en\u00ed do Kyjeva. Podle v\u00e1le\u010dn\u00edka Filionova,\u00a0<a href=\"https:\/\/uk.wikipedia.org\/wiki\/%D0%A4%D1%96%D0%BB%D1%96%D0%BC%D0%BE%D0%BD%D0%BE%D0%B2_%D0%A1%D0%B5%D1%80%D0%B3%D1%96%D0%B9_%D0%A4%D0%B5%D0%B4%D0%BE%D1%80%D0%BE%D0%B2%D0%B8%D1%87\">kter\u00fd u\u017e bojoval v roce 2014 v batalionu Azov<\/a>, a od t\u00e9 doby v\u00e1l\u010d\u00ed proti Rus\u016fm nep\u0159etr\u017eit\u011b, pot\u0159ebuj\u00ed nyn\u00ed Vlci da Vinci nejm\u00e9n\u011b 45 dron\u016f typu Mavic 3-T m\u011bs\u00ed\u010dn\u011b, a nejm\u00e9n\u011b 2 kr\u00e1t tolik jin\u00fdch dron\u016f, dost\u00e1vaj\u00ed v\u0161ak jen 5! Podle v\u00e1le\u010dn\u00edka, maj\u00ed Rusov\u00e9 na boji\u0161ti naprostou p\u0159evahu v dronech, a Kurachove brzy padne, kdy\u017e Vlci nedostanou drony!<\/p>\n<div id=\"attachment_14959\" class=\"wp-caption aligncenter\" style=\"width: 972px;\"><img decoding=\"async\" loading=\"lazy\" class=\" wp-image-14959\" src=\"https:\/\/www.michalapetr.com\/wp-content\/uploads\/2024\/12\/photo_2024-12-20_19-29-57.png\" sizes=\"(max-width: 1280px) 100vw, 1280px\" srcset=\"https:\/\/www.michalapetr.com\/wp-content\/uploads\/2024\/12\/photo_2024-12-20_19-29-57.png 1280w, https:\/\/www.michalapetr.com\/wp-content\/uploads\/2024\/12\/photo_2024-12-20_19-29-57-300x213.png 300w, https:\/\/www.michalapetr.com\/wp-content\/uploads\/2024\/12\/photo_2024-12-20_19-29-57-1030x731.png 1030w, https:\/\/www.michalapetr.com\/wp-content\/uploads\/2024\/12\/photo_2024-12-20_19-29-57-768x545.png 768w, https:\/\/www.michalapetr.com\/wp-content\/uploads\/2024\/12\/photo_2024-12-20_19-29-57-260x185.png 260w, https:\/\/www.michalapetr.com\/wp-content\/uploads\/2024\/12\/photo_2024-12-20_19-29-57-705x501.png 705w, https:\/\/www.michalapetr.com\/wp-content\/uploads\/2024\/12\/photo_2024-12-20_19-29-57-450x320.png 450w\" alt=\"\" width=\"972\" height=\"690\" aria-describedby=\"caption-attachment-14959\" \/><\/p>\n<p id=\"caption-attachment-14959\" class=\"wp-caption-text\">Na map\u011b Zelen\u00e9 pentagony = m\u00edsta odkud u\u017e Rusov\u00e9 elitn\u00ed jednotku Ukrajinc\u016f Vlci da Vinci vyhnali. \u017dlut\u00fd ov\u00e1l = m\u00edsto, kde nyn\u00ed bojuje. Mordvi\u010dev postupuje severn\u011b od p\u0159ehrady na map\u011b, Kuzovlev ji\u017en\u011b od p\u0159ehrady.<\/p>\n<\/div>\n<p>Situace, kterou v\u010dera popsal ukrajinsk\u00fd v\u00e1le\u010dn\u00edk Filionov na boji\u0161ti u Kurachova, (ji\u017en\u011b od Pokrovsku), panuje evidentn\u011b na cel\u00e9 v\u00fdchodn\u00ed front\u011b.<\/p>\n<div id=\"attachment_14961\" class=\"wp-caption aligncenter\" style=\"width: 970px;\"><img decoding=\"async\" loading=\"lazy\" class=\" wp-image-14961\" src=\"https:\/\/www.michalapetr.com\/wp-content\/uploads\/2024\/12\/photo_2024-12-23_22-27-10.jpg\" sizes=\"(max-width: 1280px) 100vw, 1280px\" srcset=\"https:\/\/www.michalapetr.com\/wp-content\/uploads\/2024\/12\/photo_2024-12-23_22-27-10.jpg 1280w, https:\/\/www.michalapetr.com\/wp-content\/uploads\/2024\/12\/photo_2024-12-23_22-27-10-300x213.jpg 300w, https:\/\/www.michalapetr.com\/wp-content\/uploads\/2024\/12\/photo_2024-12-23_22-27-10-1030x732.jpg 1030w, https:\/\/www.michalapetr.com\/wp-content\/uploads\/2024\/12\/photo_2024-12-23_22-27-10-768x546.jpg 768w, https:\/\/www.michalapetr.com\/wp-content\/uploads\/2024\/12\/photo_2024-12-23_22-27-10-260x185.jpg 260w, https:\/\/www.michalapetr.com\/wp-content\/uploads\/2024\/12\/photo_2024-12-23_22-27-10-705x501.jpg 705w, https:\/\/www.michalapetr.com\/wp-content\/uploads\/2024\/12\/photo_2024-12-23_22-27-10-450x320.jpg 450w\" alt=\"\" width=\"970\" height=\"689\" aria-describedby=\"caption-attachment-14961\" \/><\/p>\n<p id=\"caption-attachment-14961\" class=\"wp-caption-text\">P\u00e1r kilometr\u016f severn\u011b od Kurachove, p\u0159ede\u0161l\u00e1 mapa se Rusov\u00e9, (Mordvi\u010dev), \u00fasp\u011b\u0161n\u011b prob\u00edjej\u00ed na Z\u00e1pad, aby z Jihu obe\u0161li dvojm\u011bst\u00ed Pokrovsk \u2013 Mirnograd. Ukrajinci se minul\u00fd t\u00fdden pokusili o proti\u00fatok, ale byl nemilosrdn\u011b odra\u017een, a jak vid\u00edte, Rusov\u00e9 nyn\u00ed op\u011bt postupuj\u00ed.<\/p>\n<\/div>\n<div id=\"attachment_14962\" class=\"wp-caption aligncenter\" style=\"width: 971px;\"><img decoding=\"async\" loading=\"lazy\" class=\" wp-image-14962\" src=\"https:\/\/www.michalapetr.com\/wp-content\/uploads\/2024\/12\/photo_2024-12-23_22-27-09.jpg\" sizes=\"(max-width: 1280px) 100vw, 1280px\" srcset=\"https:\/\/www.michalapetr.com\/wp-content\/uploads\/2024\/12\/photo_2024-12-23_22-27-09.jpg 1280w, https:\/\/www.michalapetr.com\/wp-content\/uploads\/2024\/12\/photo_2024-12-23_22-27-09-300x213.jpg 300w, https:\/\/www.michalapetr.com\/wp-content\/uploads\/2024\/12\/photo_2024-12-23_22-27-09-1030x731.jpg 1030w, https:\/\/www.michalapetr.com\/wp-content\/uploads\/2024\/12\/photo_2024-12-23_22-27-09-768x545.jpg 768w, https:\/\/www.michalapetr.com\/wp-content\/uploads\/2024\/12\/photo_2024-12-23_22-27-09-260x185.jpg 260w, https:\/\/www.michalapetr.com\/wp-content\/uploads\/2024\/12\/photo_2024-12-23_22-27-09-705x501.jpg 705w, https:\/\/www.michalapetr.com\/wp-content\/uploads\/2024\/12\/photo_2024-12-23_22-27-09-450x320.jpg 450w\" alt=\"\" width=\"971\" height=\"690\" aria-describedby=\"caption-attachment-14962\" \/><\/p>\n<p id=\"caption-attachment-14962\" class=\"wp-caption-text\">Zat\u00edmco Mordvi\u010dev postupuje, aby z jihu obe\u0161el Pokrovsk, a dal\u0161\u00edm postupem na sever tak naru\u0161il ve\u0161kerou ukrajinskou logistiku na \u010casyv Jar ze Z\u00e1poro\u017e\u00ed a z Dn\u011bpropetrovsku, (p\u0159ede\u0161l\u00e1 mapa), jeho soused zprava, gener\u00e1l Nikiforov, postupuje u Charkova. Prvn\u00ed \u00fatok vede p\u0159es \u0159eku Oskol u m\u011bste\u010dka\u00a0<a href=\"https:\/\/ru.wikipedia.org\/wiki\/%D0%94%D0%B2%D1%83%D1%80%D0%B5%D1%87%D0%BD%D0%B0%D1%8F\">\u0414\u0432\u0443\u0440\u0435\u0447\u043d\u0430\u044f<\/a>, na map\u011b \u00fapln\u011b naho\u0159e. Druh\u00fd \u00fatok u vesnice Lozovaja, na map\u011b dole. Oba postupy ve zv\u011bt\u0161en\u00fdch r\u00e1me\u010dc\u00edch mapy. C\u00edlem postupu Nikiforova k \u0159ece Oskol, a za ni, je obsadit Kupjansk, a vyrazit pod\u00e9l \u0159eky Oskol na jih k obkl\u00ed\u010den\u00ed Slavjansku, Z\u00e1rove\u0148 tak zaji\u0161\u0165uje bok sv\u00e9ho hlavn\u00edho postupu<\/p>\n<\/div>\n<div id=\"attachment_14964\" class=\"wp-caption aligncenter\" style=\"width: 444px;\"><img decoding=\"async\" loading=\"lazy\" class=\" wp-image-14964\" src=\"https:\/\/www.michalapetr.com\/wp-content\/uploads\/2024\/12\/photo_2024-12-23_18-15-47.jpg\" sizes=\"(max-width: 504px) 100vw, 504px\" srcset=\"https:\/\/www.michalapetr.com\/wp-content\/uploads\/2024\/12\/photo_2024-12-23_18-15-47.jpg 504w, https:\/\/www.michalapetr.com\/wp-content\/uploads\/2024\/12\/photo_2024-12-23_18-15-47-232x300.jpg 232w, https:\/\/www.michalapetr.com\/wp-content\/uploads\/2024\/12\/photo_2024-12-23_18-15-47-450x583.jpg 450w\" alt=\"\" width=\"444\" height=\"575\" aria-describedby=\"caption-attachment-14964\" \/><\/p>\n<p id=\"caption-attachment-14964\" class=\"wp-caption-text\">Snad nejd\u016fle\u017eit\u011bj\u0161\u00ed pr\u016flom ukrajinsk\u00e9 obrany provedl v\u010dera gener\u00e1l Nikiforov. Ten sice p\u0159ech\u00e1z\u00ed severn\u00ed \u010d\u00e1st\u00ed sv\u00e9 opera\u010dn\u00ed skupiny \u0159eku Oskol, viz p\u0159edchoz\u00ed mapa, ale v\u010dera ji\u017en\u00ed \u010d\u00e1st jeho opera\u010dn\u00ed skupiny ne\u010dekan\u011b prolomila ukrajinskou obranu na \u0159ece \u017drebec, jihov\u00fdchodn\u011b od \u0159eky Oskol, a obsadila polovinu m\u011bste\u010dka Terny. \u00datok ohro\u017euje ve\u0161ker\u00e9 z\u00e1sobov\u00e1n\u00ed ukrajinsk\u00e9 skupiny ve m\u011bst\u011b Seversk, proto\u017ee tu lze pouze z\u00e1sobovat p\u0159es m\u011bsta Liman a Torskoe.<\/p>\n<\/div>\n<p>Pro Kyjev se tak vytvo\u0159ila velmi nebezpe\u010dn\u00e1 situace. Jakmile Nikiforov p\u0159eru\u0161\u00ed komunikaci Slavjansk \u2013 Liman \u2013 Terny \u2013 Seversk, a Mordvi\u010dev p\u0159eru\u0161\u00ed komunikaci Z\u00e1poro\u017e\u00ed\/Dn\u011bpropetrosvk \u2013 Pokrovsk \u2013 \u010casyv Jar, nebude m\u00edt Ukrajina \u017e\u00e1dn\u00e9 logistick\u00e9 tepny, kter\u00e9 z\u00e1sobuj\u00ed asi 100 tis\u00edc jej\u00edch voj\u00e1k\u016f mezi m\u011bsty Seversk \u2013 \u010casyv Jar \u2013 Pokrovsk, a v\u0161echny voj\u00e1ky \u010dek\u00e1 stejn\u00fd osud jako Vlky da Vinci nyn\u00ed potkal v Kurachove = Kyjev je nebude m\u00edt jak z\u00e1sobovat. Ukrajinci tak budou muset brzy vyklidit cel\u00e9 \u00fazem\u00ed v\u00fdchodn\u011b od aglomerace<a href=\"https:\/\/www.google.com\/search?q=Slavjansk%2FKramatorsk&amp;sourceid=chrome&amp;ie=UTF-8#eim=CAEQChoSNDguNzM4MTMzMTMyNjg5NjU0IhIzNy42NDk4NTYxMjk0Mjg0MzY\">\u00a0Slavjansk\/Kramatorsk<\/a>, a aglomeraci Pokrovsk\/Mirnohrad. Jak dlouho potrv\u00e1 postup Nikiforova v\u00fdchodn\u011b za Liman, a Mordvi\u010deva z\u00e1padn\u011b za Pokrovsk? Asi 8 a\u017e 16 t\u00fddn\u016f, podle tempa dosavadn\u00edho postupu. Lze tedy o\u010dek\u00e1vat, \u017ee po\u010d\u00e1tkem b\u0159ezna 2025 budou Ukrajinci muset vyklidit rozs\u00e1hl\u00e9 \u00fazem\u00ed a Rusk\u00e1 arm\u00e1da bude st\u00e1t p\u0159ed Slavjnskem a Z\u00e1poro\u017e\u00edm na Dn\u011bpru.<\/p>\n<p>Zelenskyj v\u010dera, z\u0159ejm\u011b aby potla\u010dil medi\u00e1ln\u00ed smr\u0161\u0165 o ukrajinsk\u00fdch por\u00e1\u017ek\u00e1ch, vypou\u0161t\u011bl dal\u0161\u00ed fantasmagorie. Podle jedn\u00e9 z nich\u00a0<a href=\"https:\/\/www.pravda.com.ua\/eng\/news\/2024\/12\/23\/7490412\/\">u\u017e Ukrajinci pobili a zranili na front\u011b u Kursku 3000 Severokorejc\u016f<\/a>. Je to nesmysl.\u00a0<a href=\"https:\/\/www.michalapetr.com\/map-2030-nejnovejsi-tvrda-empiricka-data-ukrajinskych-valecnych-lekaru-prozrazuji-kolik-ukrajincu-uz-na-fronte-zlikvidovali-rusove\/\">Podle ukrajinsk\u00fdch \u00fadaj\u016f je a\u017e 75% v\u0161ech zran\u011bn\u00ed na front\u011b zp\u016fsobeno zran\u011bn\u00edm kon\u010detin \u2013 tedy minami, drony, d\u011bly, raketami a bombami<\/a>.\u00a03\/4 v\u0161ech z dal\u0161\u00edch boj\u016f vy\u0159azen\u00fdch voj\u00e1k\u016f na rusk\u00e9 front\u011b tak maj\u00ed na sv\u011bdom\u00ed v\u00fdbuchy. Proto\u017ee Ukrajina nem\u00e1 tak\u0159ka \u017e\u00e1dn\u00e9 letectvo, d\u011blost\u0159electvo, a ani nepou\u017e\u00edv\u00e1 velk\u00e9 mno\u017estv\u00ed raket, muselo by nejm\u00e9n\u011b 2000 severokorejsk\u00fdch voj\u00e1k\u016f b\u00fdt vy\u0159azeno drony. To p\u0159edstavuje t\u00fddenn\u00ed spot\u0159ebu 6 a\u017e 8 tis\u00edc dron\u016f, proto\u017ee podle plukovn\u00edka Reisnera i samotn\u00fdch Ukrajinc\u016f Rusov\u00e9 nejm\u00e9n\u011b 75% dron\u016f zni\u010d\u00ed, nebo elektronicky vy\u0159ad\u00ed. Ukrajina nedod\u00e1v\u00e1 drony pluku Vlci da Vinci na nejd\u016fle\u017eit\u011bj\u0161\u00edm \u00faseku fronty, a p\u0159edstava, \u017ee by za t\u00fdden dodala sv\u00fdm jednotk\u00e1m u Kursku 8 000 dron\u016f, jen aby vy\u0159adily 3000 Severokorejc\u016f za t\u00fdden, je \u010dir\u00e1 fantasmagorie.\u00a0<a href=\"https:\/\/censor.net\/en\/videonews\/3526702\/zelenskyy-s-address-on-december-23\">Zelenskyj se vypou\u0161t\u011bn\u00ed nesmysl\u016f o Severn\u00edch Korejc\u00edch sna\u017e\u00ed o zapojen\u00ed zem\u00ed NATO do v\u00e1lky na stran\u011b Ukrajiny<\/a>.<\/p>\n<p>Zde si m\u016f\u017eete prohl\u00e9dnout videa,\u00a0<a href=\"https:\/\/t.me\/ukr_sof\/1322\">jak Ukrajinci drony likviduj\u00ed Severokorejce<\/a>, a zde,\u00a0<a href=\"https:\/\/t.me\/swodki\/450605\">jak Rusov\u00e9 drony ni\u010d\u00ed Ukrajince<\/a>. Ob\u011b videa doporu\u010duji, je na nich kr\u00e1sn\u011b vid\u011bt, jak nel\u00edtostn\u00e9 je pron\u00e1sledov\u00e1n\u00ed voj\u00e1k\u016f drony na obou stran\u00e1ch fronty. Nato\u010dit video o zabit\u00ed rusk\u00e9ho Buriata dronem, je jedna v\u011bc, a tvrdit, \u017ee drony zabili tis\u00edce Severokorejc\u016f, je druh\u00e1 v\u011bc. V ka\u017ed\u00e9m p\u0159\u00edpad\u011b v\u00e1lka dron\u016f na Ukrajin\u011b z\u0159ejm\u011b u\u017e zp\u016fsobuje zna\u010dnou nechu\u0165 z\u00e1padn\u00edch \u017eoldn\u00e9\u0159\u016f nechat se naverbovat do arm\u00e1d NATO a potenci\u00e1ln\u011b ob\u011btovat na Ukrajin\u011b, respektive nechat sprovodit ze sv\u011bta dronem.\u00a0<a href=\"https:\/\/www.telegraph.co.uk\/politics\/2024\/12\/21\/soldiers-quit-in-thousands-despite-labours-pay-rise\/\">Podle \u00fadaj\u016f z toho t\u00fddne<\/a>,\u00a0britskou arm\u00e1du letos opustilo 15 119 \u017eoldn\u00e9\u0159\u016f, ale nechalo se zverbovat jen 12 000.\u00a0<a href=\"https:\/\/t.me\/swodki\/450605\">Na tomto rusk\u00e9m videu vid\u00edte pro\u010d?<\/a>\u00a0Nikdo nem\u00e1 z\u00e1jem nechat se za uboh\u00fd \u017eold v ovocn\u00e9m sadu za p\u00e1r minut nemilosrdn\u011b uhnat zabij\u00e1ck\u00fdm dronem. Drony tak zm\u011bn\u00ed pr\u016fb\u011bhy v\u0161ech v\u00e1lek. Mal\u00e9 profesion\u00e1ln\u00ed arm\u00e1dy NATO u\u017e nebude k\u00fdm dopl\u0148ovat na nejni\u017e\u0161\u00ed pozice v pozemn\u00edm vojsku, proto\u017ee nikdo u\u017e nebude takov\u00fd bl\u00e1zen, aby dobrovoln\u011b podepsal svou vlastn\u00ed sebevra\u017edu.<\/p>\n<p><a href=\"https:\/\/www.michalapetr.com\/map-2173-sokujici-prohlaseni-elitniho-ukrajinskeho-velitele-ktery-uz-v-roce-2014-bojoval-v-batalionu-azov-a-nyni-veli-nejelitnejsi-ukrajinske-jednotce-vlci-da-vinci-kam-se-ztraceji-ukrajinske-drony\/\">Michael Svato\u0161<\/a><\/p>\n<p><img decoding=\"async\" loading=\"lazy\" class=\"alignnone size-full wp-image-27204\" src=\"http:\/\/www.infokuryr.cz\/n\/wp-content\/uploads\/2023\/05\/Michael_Svatos.png\" alt=\"\" width=\"180\" height=\"180\" srcset=\"https:\/\/www.infokuryr.cz\/n\/wp-content\/uploads\/2023\/05\/Michael_Svatos.png 180w, https:\/\/www.infokuryr.cz\/n\/wp-content\/uploads\/2023\/05\/Michael_Svatos-150x150.png 150w\" sizes=\"(max-width: 180px) 100vw, 180px\" \/><\/p>\n<p>&nbsp;<\/p>\n","protected":false},"excerpt":{"rendered":"<p>\u0160okuj\u00edc\u00ed prohl\u00e1\u0161en\u00ed elitn\u00edho ukrajinsk\u00e9ho velitele, kter\u00fd u\u017e v roce 2014 bojoval v batalionu Azov, a&#8230;<\/p>\n","protected":false},"author":2,"featured_media":8911,"comment_status":"closed","ping_status":"closed","sticky":false,"template":"","format":"standard","meta":[],"categories":[6],"tags":[1042,473,811,26,3526],"_links":{"self":[{"href":"https:\/\/www.infokuryr.cz\/n\/wp-json\/wp\/v2\/posts\/68850"}],"collection":[{"href":"https:\/\/www.infokuryr.cz\/n\/wp-json\/wp\/v2\/posts"}],"about":[{"href":"https:\/\/www.infokuryr.cz\/n\/wp-json\/wp\/v2\/types\/post"}],"author":[{"embeddable":true,"href":"https:\/\/www.infokuryr.cz\/n\/wp-json\/wp\/v2\/users\/2"}],"replies":[{"embeddable":true,"href":"https:\/\/www.infokuryr.cz\/n\/wp-json\/wp\/v2\/comments?post=68850"}],"version-history":[{"count":0,"href":"https:\/\/www.infokuryr.cz\/n\/wp-json\/wp\/v2\/posts\/68850\/revisions"}],"wp:featuredmedia":[{"embeddable":true,"href":"https:\/\/www.infokuryr.cz\/n\/wp-json\/wp\/v2\/media\/8911"}],"wp:attachment":[{"href":"https:\/\/www.infokuryr.cz\/n\/wp-json\/wp\/v2\/media?parent=68850"}],"wp:term":[{"taxonomy":"category","embeddable":true,"href":"https:\/\/www.infokuryr.cz\/n\/wp-json\/wp\/v2\/categories?post=68850"},{"taxonomy":"post_tag","embeddable":true,"href":"https:\/\/www.infokuryr.cz\/n\/wp-json\/wp\/v2\/tags?post=68850"}],"curies":[{"name":"wp","href":"https:\/\/api.w.org\/{rel}","templated":true}]}}