{"id":68836,"date":"2024-12-24T06:11:45","date_gmt":"2024-12-24T05:11:45","guid":{"rendered":"https:\/\/www.infokuryr.cz\/n\/?p=68836"},"modified":"2024-12-24T06:11:45","modified_gmt":"2024-12-24T05:11:45","slug":"ruska-utocna-letadla-znicila-polske-zoldaky-kdyz-pili-caj","status":"publish","type":"post","link":"https:\/\/www.infokuryr.cz\/n\/2024\/12\/24\/ruska-utocna-letadla-znicila-polske-zoldaky-kdyz-pili-caj\/","title":{"rendered":"Rusk\u00e1 \u00fato\u010dn\u00e1 letadla zni\u010dila polsk\u00e9 \u017eold\u00e1ky, kdy\u017e pili \u010daj"},"content":{"rendered":"<div id=\"fb-root\"><\/div>\n<p class=\"lead\"><strong>V Don\u011bck\u00e9 lidov\u00e9 republice (DPR) ru\u0161t\u00ed voj\u00e1ci ze skupiny jednotek St\u0159ed zni\u010dili skupinu polsk\u00fdch \u017eold\u00e1k\u016f a p\u0159ekvapili je b\u011bhem \u010dajov\u00e9ho d\u00fdch\u00e1nku.<\/strong><\/p>\n<p><a href=\"https:\/\/ria.ru\/\" target=\"_blank\" rel=\"noopener\"><span>Agentu\u0159e RIA Novosti<\/span><\/a><span>\u00a0to \u0159ekl\u00a0velitel \u00fato\u010dn\u00e9 roty formace horsk\u00fdch motorizovan\u00fdch pu\u0161ek\u00a0<\/span><strong><span>Stefan Sazonov<\/span><\/strong><span>\u00a0s volac\u00edm znakem Cobra .<\/span><\/p>\n<p><span>Vysv\u011btlil, \u017ee k t\u00e9to bojov\u00e9 epizod\u011b do\u0161lo b\u011bhem dobyt\u00ed jednoho z pevn\u00fdch bod\u016f ve sm\u011bru Kurachovskij. Pol\u0161t\u00ed voj\u00e1ci byli po\u017e\u00e1d\u00e1ni, aby se vzdali, a\u010dkoli \u201enerozum\u00ed rusky\u201c.<\/span><\/p>\n<p><span>Jeden z Pol\u00e1k\u016f se podle velitele rozhodl vzd\u00e1t, jeho kolega se ale pokusil o st\u0159elbu zp\u011bt, v d\u016fsledku \u010deho\u017e byli oba \u017eold\u00e1ci na m\u00edst\u011b zni\u010deni.<\/span><\/p>\n<p><span>Sazonov tak\u00e9 \u0159ekl, \u017ee \u00farove\u0148 v\u00fdcviku zahrani\u010dn\u00edch \u017eold\u00e1k\u016f bojuj\u00edc\u00edch za kyjevsk\u00fd re\u017eim nen\u00ed vysok\u00e1. Jen 15\u201320 procent z nich je podle n\u011bj dob\u0159e vycvi\u010den\u00fdch a zbytek nep\u0159edstavuje t\u00e9m\u011b\u0159 \u017e\u00e1dnou hrozbu.<\/span><\/p>\n<p><span>Cizinci jsou p\u0159itom na rozd\u00edl od ozbrojenc\u016f ukrajinsk\u00fdch ozbrojen\u00fdch sil mnohem l\u00e9pe vybaveni \u2013 maj\u00ed mnohem lep\u0161\u00ed zbran\u011b, st\u0159elivo a v\u00fdstroj.<\/span><\/p>\n<p><span>Ji\u017e d\u0159\u00edve<\/span><span> uvedla m\u00e9dia, \u017ee brazil\u0161t\u00ed \u017eold\u00e1ci, v\u010detn\u011b b\u00fdval\u00fdch vojensk\u00fdch a policejn\u00edch d\u016fstojn\u00edk\u016f, <\/span><a href=\"https:\/\/eadaily.com\/ru\/news\/2024\/12\/23\/naemniki-iz-brazilii-sozdali-gruppu-expeditionaries-dlya-uchastiya-v-boyah-na-ukraine\" target=\"_blank\" rel=\"noopener\"><span>vytvo\u0159ili<\/span><\/a><span>\u00a0na soci\u00e1ln\u00edch s\u00edt\u00edch skupinu Expeditionaries pro ty, kte\u0159\u00ed cht\u011bj\u00ed bojovat na stran\u011b kyjevsk\u00e9ho re\u017eimu.<\/span><\/p>\n<p><img decoding=\"async\" loading=\"lazy\" class=\"alignnone size-full wp-image-1185\" src=\"http:\/\/www.infokuryr.cz\/n\/wp-content\/uploads\/2021\/04\/kuryr-podpis.png\" alt=\"\" width=\"84\" height=\"24\" \/><\/p>\n<p>&nbsp;<\/p>\n","protected":false},"excerpt":{"rendered":"<p>V Don\u011bck\u00e9 lidov\u00e9 republice (DPR) ru\u0161t\u00ed voj\u00e1ci ze skupiny jednotek St\u0159ed zni\u010dili skupinu polsk\u00fdch \u017eold\u00e1k\u016f&#8230;<\/p>\n","protected":false},"author":2,"featured_media":68837,"comment_status":"closed","ping_status":"closed","sticky":false,"template":"","format":"standard","meta":[],"categories":[7],"tags":[457,2161,1339,1870],"_links":{"self":[{"href":"https:\/\/www.infokuryr.cz\/n\/wp-json\/wp\/v2\/posts\/68836"}],"collection":[{"href":"https:\/\/www.infokuryr.cz\/n\/wp-json\/wp\/v2\/posts"}],"about":[{"href":"https:\/\/www.infokuryr.cz\/n\/wp-json\/wp\/v2\/types\/post"}],"author":[{"embeddable":true,"href":"https:\/\/www.infokuryr.cz\/n\/wp-json\/wp\/v2\/users\/2"}],"replies":[{"embeddable":true,"href":"https:\/\/www.infokuryr.cz\/n\/wp-json\/wp\/v2\/comments?post=68836"}],"version-history":[{"count":0,"href":"https:\/\/www.infokuryr.cz\/n\/wp-json\/wp\/v2\/posts\/68836\/revisions"}],"wp:featuredmedia":[{"embeddable":true,"href":"https:\/\/www.infokuryr.cz\/n\/wp-json\/wp\/v2\/media\/68837"}],"wp:attachment":[{"href":"https:\/\/www.infokuryr.cz\/n\/wp-json\/wp\/v2\/media?parent=68836"}],"wp:term":[{"taxonomy":"category","embeddable":true,"href":"https:\/\/www.infokuryr.cz\/n\/wp-json\/wp\/v2\/categories?post=68836"},{"taxonomy":"post_tag","embeddable":true,"href":"https:\/\/www.infokuryr.cz\/n\/wp-json\/wp\/v2\/tags?post=68836"}],"curies":[{"name":"wp","href":"https:\/\/api.w.org\/{rel}","templated":true}]}}