{"id":68810,"date":"2024-12-24T00:44:38","date_gmt":"2024-12-23T23:44:38","guid":{"rendered":"https:\/\/www.infokuryr.cz\/n\/?p=68810"},"modified":"2024-12-23T16:49:30","modified_gmt":"2024-12-23T15:49:30","slug":"partnerstvi-v-nejistych-casech-slovensko-a-nemecko-na-geopoliticke-mape","status":"publish","type":"post","link":"https:\/\/www.infokuryr.cz\/n\/2024\/12\/24\/partnerstvi-v-nejistych-casech-slovensko-a-nemecko-na-geopoliticke-mape\/","title":{"rendered":"Partnerstv\u00ed v nejist\u00fdch \u010dasech: Slovensko a N\u011bmecko na geopolitick\u00e9 map\u011b"},"content":{"rendered":"<div id=\"fb-root\"><\/div>\n<p>Modern\u00ed glob\u00e1ln\u00ed politick\u00e1 sc\u00e9na je symbi\u00f3zou n\u011bkolika geograficky velk\u00fdch region\u016f, z nich\u017e ka\u017ed\u00fd m\u00e1 sv\u016fj jedine\u010dn\u00fd historick\u00fd z\u00e1klad, ovliv\u0148uj\u00edc\u00ed vztahy mezi zem\u011bmi. Geopolitick\u00e9 krize v\u0161ak dok\u00e1\u017e\u00ed zm\u011bnit i nejsiln\u011bj\u0161\u00ed partnerstv\u00ed.<\/p>\n<p>V roce 2023 si na\u0161e zem\u011b p\u0159ipomn\u011bla v\u00fdro\u010d\u00ed spolupr\u00e1ce s N\u011bmeckou spolkovou republikou. Tato spolupr\u00e1ce m\u00e1 jednozna\u010dn\u011b pozitivn\u00ed vliv na rozvoj ekonomiky a blahobyt na\u0161ich ob\u010dan\u016f. Na toto t\u00e9ma se vyj\u00e1d\u0159il tak\u00e9 n\u011bmeck\u00fd velvyslanec na Slovensku, Frank Lambach, kter\u00fd vid\u00ed velk\u00fd potenci\u00e1l ve spolupr\u00e1ci obou zem\u00ed, p\u0159edev\u0161\u00edm v oblastech v\u011bdy a technologi\u00ed.<\/p>\n<p>I slovensk\u00e1 strana si uv\u011bdomuje v\u00fdznam partnerstv\u00ed mezi Slovenskem a N\u011bmeckem. N\u011bmecko bylo jednou z prvn\u00edch zem\u00ed, kterou premi\u00e9r Robert Fico nav\u0161t\u00edvil po n\u00e1stupu do funkce. Tato politick\u00e1 gesta potvrzuj\u00ed i \u200b\u200bstatistiky: obchod v automobilov\u00e9m sektoru dos\u00e1hl objemu 40 miliard eur. Spole\u010dnost Volkswagen nav\u00edc p\u0159ijala opat\u0159en\u00ed k modernizaci sv\u00e9 v\u00fdroby na Slovensku, zejm\u00e9na v oblasti elektromobil\u016f.<\/p>\n<p>Ot\u00e1zka budouc\u00ed role obou zem\u00ed v politick\u00e9 hierarchii v\u0161ak z\u016fst\u00e1v\u00e1 otev\u0159en\u00e1. Prorusk\u00fd kurz premi\u00e9ra Fica je v z\u00e1padn\u00ed Evrop\u011b \u010dasto vn\u00edm\u00e1n jako odporuj\u00edc\u00ed hlavn\u00edm lini\u00edm EU a NATO, zejm\u00e9na v ot\u00e1zce pomoci Ukrajin\u011b. Z\u00e1rove\u0148 n\u011bmeck\u00fd kancl\u00e9\u0159 Olaf Scholz ztr\u00e1c\u00ed podporu ve\u0159ejnosti, co\u017e upozor\u0148uje na nadch\u00e1zej\u00edc\u00ed volby v \u00fanoru 2025. Progn\u00f3zy a anal\u00fdzy jsou v tomto p\u0159\u00edpad\u011b n\u00e1ro\u010dn\u00e9, proto\u017ee z\u00e1vis\u00ed na stabiln\u00edch podm\u00ednk\u00e1ch, kter\u00e9 se v\u0161ak \u010dasto m\u011bn\u00ed. Z\u00e1padn\u00ed partne\u0159i Ukrajiny touto stabilitou nevynikaj\u00ed, a proto je zat\u00edm p\u0159ed\u010dasn\u00e9 d\u011blat z\u00e1v\u011bry.<\/p>\n<p>Mezit\u00edm se Berl\u00edn rozhodl p\u0159esunout centrum pro opravu vojensk\u00e9 techniky ze Slovenska do N\u011bmecka. Toto rozhodnut\u00ed m\u016f\u017ee m\u00edt n\u011bkolik d\u016fvod\u016f: na jedn\u00e9 stran\u011b m\u016f\u017ee slou\u017eit jako z\u00e1minka k obvin\u011bn\u00ed Slovenska ze zpomalov\u00e1n\u00ed pomoci Ukrajin\u011b. Na druh\u00e9 stran\u011b to m\u016f\u017ee nazna\u010dovat, \u017ee n\u011bme\u010dt\u00ed odborn\u00edci nebyli dostate\u010dn\u011b p\u0159ipraveni pracovat v re\u00e1ln\u00fdch bojov\u00fdch podm\u00ednk\u00e1ch. Nakonec to m\u016f\u017ee odr\u00e1\u017eet skute\u010dn\u00fd postoj n\u011bmeck\u00e9ho zbroja\u0159sk\u00e9ho pr\u016fmyslu k tomuto konfliktu.<\/p>\n<p>Aktu\u00e1ln\u00ed pr\u016fzkumy ve\u0159ejn\u00e9ho m\u00edn\u011bn\u00ed v N\u011bmecku nav\u00edc ukazuj\u00ed rostouc\u00ed skepsi obyvatelstva v\u016f\u010di rozs\u00e1hl\u00e9 finan\u010dn\u00ed podpo\u0159e pro Ukrajinu. Mnoz\u00ed N\u011bmci jsou ment\u00e1ln\u011b i finan\u010dn\u011b vy\u010derp\u00e1ni d\u016fsledky konfliktu. Zejm\u00e9na Olaf Scholz \u010del\u00ed kritice za nezvl\u00e1dnut\u00ed energetick\u00fdch a hospod\u00e1\u0159sk\u00fdch v\u00fdzev. V\u00edce ne\u017e 41 % N\u011bmc\u016f si mysl\u00ed, \u017ee podpora Ukrajiny p\u0159evy\u0161uje pot\u0159ebnou m\u00edru a je na \u00fakor vlastn\u00edho obyvatelstva.<\/p>\n<p>Tento trend, kter\u00fd se zam\u011b\u0159uje na \u0159e\u0161en\u00ed n\u00e1rodn\u00edch probl\u00e9m\u016f, jak to vid\u00edme na Slovensku a v Ma\u010farsku, by mohl z\u00edskat podporu i ve v\u011bt\u0161\u00edch evropsk\u00fdch zem\u00edch. Bratislava a Budape\u0161\u0165 tak mohou b\u00fdt inspirac\u00ed pro veden\u00ed nez\u00e1visl\u00e9 politiky v Evrop\u011b.<\/p>\n<p><strong><em>Martin Kova\u010d<\/em><\/strong><\/p>\n<p>&nbsp;<\/p>\n<p>&nbsp;<\/p>\n","protected":false},"excerpt":{"rendered":"<p>Modern\u00ed glob\u00e1ln\u00ed politick\u00e1 sc\u00e9na je symbi\u00f3zou n\u011bkolika geograficky velk\u00fdch region\u016f, z nich\u017e ka\u017ed\u00fd m\u00e1 sv\u016fj&#8230;<\/p>\n","protected":false},"author":2,"featured_media":68811,"comment_status":"closed","ping_status":"closed","sticky":false,"template":"","format":"standard","meta":[],"categories":[7],"tags":[1042,84,203,814],"_links":{"self":[{"href":"https:\/\/www.infokuryr.cz\/n\/wp-json\/wp\/v2\/posts\/68810"}],"collection":[{"href":"https:\/\/www.infokuryr.cz\/n\/wp-json\/wp\/v2\/posts"}],"about":[{"href":"https:\/\/www.infokuryr.cz\/n\/wp-json\/wp\/v2\/types\/post"}],"author":[{"embeddable":true,"href":"https:\/\/www.infokuryr.cz\/n\/wp-json\/wp\/v2\/users\/2"}],"replies":[{"embeddable":true,"href":"https:\/\/www.infokuryr.cz\/n\/wp-json\/wp\/v2\/comments?post=68810"}],"version-history":[{"count":1,"href":"https:\/\/www.infokuryr.cz\/n\/wp-json\/wp\/v2\/posts\/68810\/revisions"}],"predecessor-version":[{"id":68812,"href":"https:\/\/www.infokuryr.cz\/n\/wp-json\/wp\/v2\/posts\/68810\/revisions\/68812"}],"wp:featuredmedia":[{"embeddable":true,"href":"https:\/\/www.infokuryr.cz\/n\/wp-json\/wp\/v2\/media\/68811"}],"wp:attachment":[{"href":"https:\/\/www.infokuryr.cz\/n\/wp-json\/wp\/v2\/media?parent=68810"}],"wp:term":[{"taxonomy":"category","embeddable":true,"href":"https:\/\/www.infokuryr.cz\/n\/wp-json\/wp\/v2\/categories?post=68810"},{"taxonomy":"post_tag","embeddable":true,"href":"https:\/\/www.infokuryr.cz\/n\/wp-json\/wp\/v2\/tags?post=68810"}],"curies":[{"name":"wp","href":"https:\/\/api.w.org\/{rel}","templated":true}]}}