{"id":68808,"date":"2024-12-24T00:43:01","date_gmt":"2024-12-23T23:43:01","guid":{"rendered":"https:\/\/www.infokuryr.cz\/n\/?p=68808"},"modified":"2024-12-24T11:44:24","modified_gmt":"2024-12-24T10:44:24","slug":"lama-el-horr-medialni-utok-proti-ankare-je-navrzen-tak-aby-znicil-brics-hned-v-zarodku","status":"publish","type":"post","link":"https:\/\/www.infokuryr.cz\/n\/2024\/12\/24\/lama-el-horr-medialni-utok-proti-ankare-je-navrzen-tak-aby-znicil-brics-hned-v-zarodku\/","title":{"rendered":"Lama El Horr: Medi\u00e1ln\u00ed \u00fatok proti Anka\u0159e je navr\u017een tak, aby zni\u010dil BRICS hned v z\u00e1rodku"},"content":{"rendered":"<div id=\"fb-root\"><\/div>\n<div class=\"bigletter3\"><strong>Jinde si sv\u011bt klade ot\u00e1zky: BRICS, glob\u00e1ln\u00ed jih, multipol\u00e1rn\u00ed sv\u011bt \u2013 tento lexikon, kter\u00fd nakonec cel\u00e9 mezin\u00e1rodn\u00ed spole\u010denstv\u00ed p\u0159ijalo, dobrovoln\u011b nebo n\u00e1sil\u00edm, byl pouze uklid\u0148uj\u00edc\u00edm prost\u0159edkem, navr\u017een\u00fdm k uklidn\u011bn\u00ed sv\u011bta pobou\u0159en\u00e9ho brutalitou, nez\u00e1konnost\u00ed. a beztrestnost americk\u00e9ho st\u00e1tn\u00edho terorismu?<\/strong><\/div>\n<p>Jako v ka\u017ed\u00e9 situaci, kter\u00e1 se zd\u00e1 b\u00fdt mimo kontrolu, mus\u00edme p\u0159ehodnotit fakta z pta\u010d\u00ed perspektivy.<\/p>\n<div class=\"single-post-quote\">\n<div class=\"single-post-quote-text\">Ankara jasn\u011b pochopila, \u017ee c\u00edlem Washingtonu bylo roz\u0161\u00ed\u0159it teroristick\u00e9 aktivity PKK<\/div>\n<\/div>\n<p>P\u0159inejmen\u0161\u00edm m\u016f\u017eeme \u0159\u00edci, \u017ee pokra\u010duj\u00edc\u00ed rozpad S\u00fdrie p\u0159edstavuje v\u00fdzvu pro boj, kter\u00fd vede sv\u011btov\u00e1 v\u011bt\u0161ina proti americk\u00e9 hegemonii. Geopolitick\u00e9 zem\u011bt\u0159esen\u00ed, kter\u00e9 ot\u0159\u00e1slo Dama\u0161kem a v n\u011bm\u017e, jak se zd\u00e1, Ankara sehr\u00e1la kl\u00ed\u010dovou roli, bude m\u00edt nevyhnuteln\u011b d\u016fsledky pro BRICS a celou euroasijskou osu \u2013 bu\u010f je oslab\u00ed, nebo upevn\u00ed.<\/p>\n<p><span style=\"font-size: 18pt;\"><strong>Medi\u00e1ln\u00ed c\u00edl: pos\u00edlit roli Turecka<\/strong><\/span><\/p>\n<p>\u201eTurecko nep\u0159\u00e1telsk\u00fdm zp\u016fsobem p\u0159evzalo kontrolu nad S\u00fdri\u00ed\u201c,\u00a0<a href=\"https:\/\/www.youtube.com\/watch?v=C2q_r0XW1CY\">prohl\u00e1sil Donald Trump<\/a>\u00a0, \u010d\u00edm\u017e podpo\u0159il p\u0159evl\u00e1daj\u00edc\u00ed narativ, podle kter\u00e9ho Turecko st\u00e1lo za ofenz\u00edvou HTS*, ozbrojen\u00e9 frakce poch\u00e1zej\u00edc\u00ed z hnut\u00ed Daesh* a al-K\u00e1ida* , p\u016fsob\u00edc\u00ed v provincii Idlib soused\u00edc\u00ed s Tureckem.<\/p>\n<p>Za p\u0159edpokladu, \u017ee toto vypr\u00e1v\u011bn\u00ed \u2013 zpochyb\u0148ovan\u00e9 Ankarou \u2013 je p\u0159esn\u00fdm popisem fakt\u016f, jak\u00e9 d\u016fvody by Erdo\u011fana p\u0159im\u011bly v\u0161emi mo\u017en\u00fdmi zp\u016fsoby zradit Rusy, \u00cdr\u00e1nce a \u010c\u00ed\u0148any a prohloubit megalomanii Washingtonu a Tel Avivu t\u00edm, \u017ee jim p\u0159edal geostrategick\u00e1, mnohotis\u00edcilet\u00e1 S\u00fdrie, soused\u00edc\u00ed s Tureckem, na st\u0159\u00edbrn\u00e9m podnose? Pokud nerozpt\u00fdl\u00ed v\u0161echny \u0161ed\u00e9 z\u00f3ny, p\u0159evl\u00e1daj\u00edc\u00ed medi\u00e1ln\u00ed diskurs alespo\u0148 dovol\u00ed, aby se objevilo p\u00e1r nesrovnalost\u00ed.<\/p>\n<p>Jedn\u00edm z d\u016fvod\u016f, kter\u00e9 \u00fadajn\u011b donutily Ankaru ke svr\u017een\u00ed syrsk\u00e9ho re\u017eimu, byla Erdo\u011fanova nostalgie po Osmansk\u00e9 \u0159\u00ed\u0161i: jeho touha obnovit za\u0161lou sl\u00e1vu \u00fadajn\u011b vedla tureck\u00e9ho v\u016fdce k tomu, aby ob\u011btoval pov\u011bst sv\u00e9 zem\u011b a prezentoval ji jako kmotra terorismu takfiri, vycvi\u010den\u00e9ho k svrhnout vl\u00e1dy a vystavit ji glob\u00e1ln\u00edmu medi\u00e1ln\u00edmu lyn\u010di a zaru\u010den\u00e9 nen\u00e1visti sv\u00fdch arabsk\u00fdch soused\u016f. Je toho v\u00edc:\u00a0<a href=\"https:\/\/www.youtube.com\/watch?v=5WDb2tKhcEw\">podle Larryho Johnsona<\/a>\u00a0, b\u00fdval\u00e9ho analytika CIA, pokud Ankara souhlasila s t\u00edm, \u017ee bude d\u011blat \u0161pinavou pr\u00e1ci v podob\u011b pilotov\u00e1n\u00ed teroristick\u00fdch skupin, kter\u00e9 svrhly syrskou vl\u00e1du, bylo to v\u00fdm\u011bnou za atraktivn\u00ed ekonomick\u00e9 v\u00fdhody, kter\u00e9 j\u00ed Washington \u00fadajn\u011b sl\u00edbil, jako nap\u0159. o\u017eiven\u00ed projektu katarsko-tureck\u00e9ho plynovodu, kter\u00fd by p\u0159ekro\u010dil S\u00fdrii a roz\u0161\u00ed\u0159il se do Evropy.<\/p>\n<p>Sta\u010d\u00ed \u0159\u00edci, \u017ee tato vysv\u011btlen\u00ed postr\u00e1daj\u00ed koherenci.<\/p>\n<p>Jak mohl Erdo\u011fan, kter\u00fd u\u010dinil z energetick\u00e9ho pr\u016fzkumu n\u00e1rodn\u00ed prioritu s c\u00edlem\u00a0<em>co nejd\u0159\u00edve dos\u00e1hnout\u00a0<\/em><a href=\"https:\/\/www.aa.com.tr\/en\/energy\/natural-gas\/turkish-president-announces-more-gas-reserves-found-in-black-sea\/37200\">energetick\u00e9 nez\u00e1vislosti<\/a>\u00a0, um\u00edstit tento star\u00fd projekt turecko-katarsk\u00e9ho plynovodu v regionu su\u017eovan\u00e9m chaosem nad form\u00e1t Astany, kter\u00fd je m\u00e1 zaru\u010dit bezpe\u010dnost na sv\u00fdch hranic\u00edch? Jak mohl Erdo\u011fan, kter\u00fd pov\u011b\u0159il Rusko stavbou Akkuyu, prvn\u00ed tureck\u00e9\u00a0<a href=\"https:\/\/www.reuters.com\/business\/energy\/turkish-nuclear-plant-delayed-by-withheld-siemens-parts-china-supply-2024-09-11\/\">jadern\u00e9 elektr\u00e1rny<\/a>\u00a0, po\u0161kodit rusk\u00e9 z\u00e1jmy p\u0159ed uveden\u00edm prvn\u00edho reaktoru do provozu, pl\u00e1novan\u00e9ho na rok 2025? Jak mohl Erdo\u011fan, kter\u00fd po\u017eaduje, aby Washington zru\u0161il sankce v\u016f\u010di\u00a0<a href=\"https:\/\/www.aa.com.tr\/en\/energy\/general\/turkiye-seeks-us-exemption-for-gazprombank-sanctions\/44930\">Gazprombank<\/a>\u00a0za z\u00e1sobov\u00e1n\u00ed Turecka rusk\u00fdm plynem, ohrozit bezpe\u010dnost rusk\u00fdch vojensk\u00fdch z\u00e1kladen v S\u00fdrii? A jak mohl Erdo\u011fan, kter\u00fd pr\u00e1v\u011b podepsal memorandum o porozum\u011bn\u00ed s \u010c\u00ednou pro\u00a0<a href=\"https:\/\/www.aa.com.tr\/en\/energy\/general\/turkiye-china-sign-mou-on-natural-resources-and-mining\/43972\">t\u011b\u017ebu v Turecku<\/a>\u00a0, tak dramaticky ohrozit strategick\u00e1 partnerstv\u00ed Pekingu s Dama\u0161kem, Teher\u00e1nem a Bagd\u00e1dem a tak\u00e9 \u010d\u00ednsk\u00e9 n\u00e1rodn\u00ed z\u00e1jmy t\u00edm, \u017ee nechal tis\u00edce ujgursk\u00fdch islamist\u016f propustit bez soudu? ?<\/p>\n<p>Na druhou stranu, pokud by skupina HTS* byla v\u00fdhradn\u011b pilotov\u00e1na Tureckem, znamenalo by to, \u017ee by Erdo\u011fan pou\u017eil lsti, aby zakryl sv\u00e9 machinace p\u0159ed sv\u00fdmi partnery z BRICS, zejm\u00e9na b\u011bhem summitu v Kazani, kde by zt\u011blesnil trojsk\u00e9ho kon\u011b NATO.\u00a0<a href=\"https:\/\/www.youtube.com\/watch?v=5WDb2tKhcEw\">Scott Ritter je kategorick\u00fd<\/a>\u00a0: Ankara \u00fazce spolupracovala se Spojen\u00fdmi st\u00e1ty, Izraelem, Ukrajinou a HTS*, a proto zradila t\u0159i \u010dleny BRICS \u2013 \u00cdr\u00e1n, Rusko a \u010c\u00ednu, co\u017e vylu\u010duje jakoukoli budouc\u00ed vyhl\u00eddku Turecka na p\u0159ipojen\u00ed k t\u00e9to skupin\u011b. Ve skute\u010dnosti se zd\u00e1, \u017ee nal\u00e9h\u00e1n\u00ed tohoto b\u00fdval\u00e9ho americk\u00e9ho zpravodajsk\u00e9ho d\u016fstojn\u00edka na vykreslov\u00e1n\u00ed Erdo\u011fana jako zr\u00e1dce rozv\u00edjej\u00edc\u00edch se ekonomik p\u0159edev\u0161\u00edm prozrazuje touhu Washingtonu rozb\u00edt porozum\u011bn\u00ed mezi Tureckem, \u010dlenem NATO a BRICS. To ukazuje, jak k\u0159ehk\u00e1 se soudr\u017enost v r\u00e1mci NATO jev\u00ed.<\/p>\n<p>Ve stejn\u00e9m duchu by prohl\u00e1\u0161en\u00ed HTS* ve prosp\u011bch normalizace vztah\u016f mezi Dama\u0161kem a Tel Avivem mohla nazna\u010dovat, \u017ee Erdo\u011fanova prohl\u00e1\u0161en\u00ed odsuzuj\u00edc\u00ed genocidu Palestinc\u016f nebyla ni\u010d\u00edm jin\u00fdm ne\u017e kou\u0159ovou clonou, kter\u00e1 m\u011bla vyu\u017e\u00edt rozho\u0159\u010den\u00ed region\u00e1ln\u00edho ve\u0159ejn\u00e9ho m\u00edn\u011bn\u00ed. Ale ve skute\u010dnosti nezdoln\u00e1 dravost Izraele, kter\u00fd je ji\u017e zanepr\u00e1zdn\u011bn kraden\u00edm dal\u0161\u00edch palestinsk\u00fdch, libanonsk\u00fdch a syrsk\u00fdch \u00fazem\u00ed a vybombardoval ve\u0161kerou syrskou obrannou infrastrukturu pod shov\u00edvav\u00fdm pohledem jeho z\u00e1padn\u00edch sponzor\u016f, odr\u00e1\u017e\u00ed obavy, kter\u00e9 mnohokr\u00e1t vyj\u00e1d\u0159il Erdo\u011fan a jeho okol\u00ed o tomto inherentn\u011b agresivn\u00edm, nez\u00e1konn\u00e9m a nekontrolovan\u00e9m st\u00e1t\u011b. \u201eIzrael by mohl\u00a0<a href=\"https:\/\/www.turkiyetoday.com\/turkiye\/turkish-defense-chief-warns-of-possible-israeli-attack-on-turkiye-78183\/\">za\u00fato\u010dit na Turecko<\/a>\u00a0,\u201c a dokonce rozpoutat t\u0159et\u00ed sv\u011btovou v\u00e1lku, tvrdil tureck\u00fd ministr obrany m\u011bs\u00edc p\u0159ed p\u00e1dem Dama\u0161ku. Jak by se s n\u00edm mohl n\u011bkdo h\u00e1dat, kdy\u017e think-tanky se s\u00eddlem ve Washingtonu\u00a0<a href=\"https:\/\/www.aei.org\/op-eds\/should-israel-attack-turkeys-nuclear-plant\/\">vyz\u00fdvaj\u00ed k<\/a>\u00a0izraelsk\u00e9mu \u00faderu na tureckou jadernou elektr\u00e1rnu?<\/p>\n<p><span style=\"font-size: 18pt;\"><strong>Turecko mezi dv\u011bma po\u017e\u00e1ry<\/strong><\/span><\/p>\n<p>V sou\u010dasn\u00e9 glob\u00e1ln\u00ed geopolitick\u00e9 konfiguraci, kdy se euroatlantick\u00e1 osa a euroasijsk\u00e1 osa st\u0159et\u00e1vaj\u00ed ve v\u0161ech oblastech a na v\u0161ech \u00farovn\u00edch, je Turecko, le\u017e\u00edc\u00ed na soutoku Evropy, St\u0159edn\u00edho v\u00fdchodu, St\u0159edn\u00ed Asie a Afriky, obda\u0159eno tak zna\u010dn\u00fdm geostrategick\u00e1 aktiva, kter\u00e1 cht\u011bj\u00ed Washington, Lond\u00fdn a Tel Aviv udr\u017eet Ankaru ve sv\u00fdch sp\u00e1rech. Krom\u011b zadr\u017eov\u00e1n\u00ed \u010c\u00edny, Ruska a \u00cdr\u00e1nu lze m\u00edt za to, \u017ee za\u010dala i agresivn\u00ed \u00e9ra zadr\u017eov\u00e1n\u00ed Turecka.<\/p>\n<p>Od vytvo\u0159en\u00ed autonomn\u00edho Kurdist\u00e1nu v severn\u00edm Ir\u00e1ku a\u017e po faktickou autonomii Kurd\u016f v severn\u00ed S\u00fdrii, Washington a Tel Aviv p\u0159ipravovaly pl\u00e1n postupn\u00e9ho roz\u0161i\u0159ov\u00e1n\u00ed kurdsk\u00e9ho \u00fazem\u00ed s c\u00edlem sjednotit kurdsk\u00e9 obyvatelstvo Ir\u00e1ku, S\u00fdrie, Turecko a \u00cdr\u00e1n. Takov\u00e9 \u00fazem\u00ed by se t\u011b\u0161ilo geografick\u00e9 kontinuit\u011b a p\u0159edstavovalo by neust\u00e1lou hrozbu pro Turecko, stejn\u011b jako pro v\u0161echny sousedn\u00ed zem\u011b, proto\u017ee by ho \u0159\u00eddil a vyzbrojoval Washington.<\/p>\n<p>Ankara jasn\u011b pochopila, \u017ee c\u00edlem Washingtonu bylo roz\u0161\u00ed\u0159it teroristick\u00e9 aktivity PKK (YPG v S\u00fdrii), jejich\u017e d\u016fsledky ji\u017e sahaj\u00ed do Ir\u00e1ku, S\u00fdrie a a\u017e na ji\u017en\u00ed Kavkaz v Arm\u00e9nii. Pro duo Washington-Tel Aviv je to tak\u00e9 ot\u00e1zka nahrazen\u00ed kurdsk\u00e9 v\u011bci za palestinskou v\u011bc \u2013 ne z l\u00e1sky ke Kurd\u016fm, ale proto, \u017ee z\u0159\u00edzen\u00ed jejich st\u00e1tu uprost\u0159ed jejich region\u00e1ln\u00edch protivn\u00edk\u016f by Washingtonu umo\u017enilo roz\u0161\u00ed\u0159it sv\u016fj vliv v z\u00e1padn\u00ed Asii a z\u00e1rove\u0148 omezit \u00cdr\u00e1n a Turecko a udr\u017eet si kontrolu nad hlavn\u00edmi nalezi\u0161ti ropy, zemn\u00edho plynu a zem\u011bd\u011blsk\u00fdch pol\u00ed \u2013 ani\u017e bychom zapomn\u011bli na p\u0159\u00edstup k vod\u011b.<\/p>\n<p>K tomu je t\u0159eba dodat, \u017ee Washington a jeho satelitn\u00ed zem\u011b z\u0159ejm\u011b s\u00e1zej\u00ed na vazalizaci Turecka, aby zablokovaly odchod Ruska z \u010cern\u00e9ho mo\u0159e, a tedy i jeho p\u0159\u00edstup do St\u0159edozemn\u00edho mo\u0159e. Geopolitick\u00e9 k\u0159e\u010de, kter\u00e9 ot\u0159\u00e1saj\u00ed Moldavskem, Rumunskem, ale i Gruzi\u00ed na severn\u00ed hranici Turecka, nazna\u010duj\u00ed, \u017ee klan atlanticist\u016f se sna\u017e\u00ed usm\u011brnit Ankaru i Moskvu.<\/p>\n<p>Pr\u00e1v\u011b v t\u00e9to souvislosti byl svr\u017een syrsk\u00fd re\u017eim. D\u00e1 se p\u0159edpokl\u00e1dat, \u017ee Washington a Tel Aviv se rozhodly vyu\u017e\u00edt pacifikaci, kterou Idlibu nab\u00eddl form\u00e1t Astana, k p\u0159\u00edprav\u011b na \u00fatok HTS*. Nen\u00ed pochyb o tom, \u017ee tureck\u00e9 zpravodajsk\u00e9 slu\u017eby, ale tak\u00e9 rusk\u00e9 a \u00edr\u00e1nsk\u00e9, infiltrovaly ozbrojen\u00e9 skupiny p\u0159\u00edtomn\u00e9 v S\u00fdrii, a byly proto informov\u00e1ny o p\u0159ipravovan\u00e9m \u00fatoku. D\u00e1 se tak\u00e9 p\u0159edpokl\u00e1dat, \u017ee Turecko vyu\u017eilo situace k zah\u00e1jen\u00ed rozs\u00e1hl\u00e9 operace na severu S\u00fdrie, kde jsou soust\u0159ed\u011bny kurdsk\u00e9 frakce vyzbrojen\u00e9 Washingtonem. Kone\u010dn\u011b lze p\u0159edpokl\u00e1dat, \u017ee s v\u011bdom\u00edm neobl\u00edbenosti Ba\u0161\u00e1ra al-Asada se astansk\u00e9 trio rad\u011bji ujalo veden\u00ed a zapojilo se do diskus\u00ed s povstalci, zejm\u00e9na za \u00fa\u010delem zaji\u0161t\u011bn\u00ed rusk\u00fdch vojensk\u00fdch z\u00e1kladen, evakuaci vojensk\u00e9ho person\u00e1lu z p\u0159\u00edtomn\u00e9 Osy odporu na syrsk\u00e9 p\u016fd\u011b a iniciovat n\u00e1vrat syrsk\u00fdch uprchl\u00edk\u016f \u2013 v\u010detn\u011b v\u00edce ne\u017e t\u0159\u00ed milion\u016f v Turecku \u2013 do jejich zem\u011b.<\/p>\n<p>Stoj\u00ed za to p\u0159ipomenout slova \u00edr\u00e1nsk\u00e9ho nejvy\u0161\u0161\u00edho v\u016fdce ajatoll\u00e1ha Al\u00edho Chamene\u00edho kr\u00e1tce po p\u00e1du S\u00fdrie:<\/p>\n<p>\u201c\u00a0<em>Ano, jeden ze sousedn\u00edch st\u00e1t\u016f S\u00fdrie [= Turecko] hr\u00e1l a nad\u00e1le hraje d\u016fle\u017eitou roli v tomto procesu, a to je ka\u017ed\u00e9mu z\u0159ejm\u00e9. Ale hlavn\u00edmi spiklenci, pl\u00e1nova\u010di a organiz\u00e1tory akce jsou Spojen\u00e9 st\u00e1ty a sionistick\u00fd re\u017eim. M\u00e1me d\u016fkazy, kter\u00e9 nenechaj\u00ed nikoho na pochyb\u00e1ch.<\/em>\u00a0\u201c<\/p>\n<p>Ve sv\u011btle t\u011bchto skute\u010dnost\u00ed, pokud se z\u00e1padn\u00ed blok veden\u00fd Washingtonem sna\u017e\u00ed p\u0159im\u011bt Erdo\u011fana, aby nesl ve\u0161kerou odpov\u011bdnost za ud\u00e1losti v S\u00fdrii, pak je to vazalizace Turecka, co\u017e znamen\u00e1 distancov\u00e1n\u00ed se od BRICS \u2013 t\u00edm, \u017ee \u010dlenov\u00e9 t\u00e9to skupiny budou vypadat jako nov\u00e1\u010dci, kte\u0159\u00ed se naivn\u011b nechaj\u00ed zradit \u010dlenem NATO. C\u00edlem je zdiskreditovat tuto skupinu, symbol vznikaj\u00edc\u00edch mocnost\u00ed a zm\u011bn geopolitick\u00e9ho, technologick\u00e9ho a finan\u010dn\u00edho paradigmatu v glob\u00e1ln\u00edm m\u011b\u0159\u00edtku. Stru\u010dn\u011b \u0159e\u010deno, prioritn\u00edm c\u00edlem Spojen\u00fdch st\u00e1t\u016f je udr\u017eet Turecko v linii NATO, pod neust\u00e1l\u00fdm izraelsk\u00fdm dohledem, a vyu\u017e\u00edt ve sv\u016fj prosp\u011bch geopolitick\u00e9 v\u00fdhody, kter\u00e9 Ankara nab\u00edz\u00ed v konfrontaci V\u00fdchod-Z\u00e1pad.<\/p>\n<p>V kombinaci s etnick\u00fdmi \u010distkami palestinsk\u00e9 zem\u011b je rozpad S\u00fdrie nepochybn\u011b hlubokou ranou pro Bl\u00edzk\u00fd v\u00fdchod a glob\u00e1ln\u00ed jih. Bylo by v\u0161ak myln\u00e9 v\u011b\u0159it, \u017ee kostka je vr\u017eena.<\/p>\n<p><em>*\u00a0<\/em><em>\u2012\u00a0<\/em><em>organizace zak\u00e1zan\u00e9 v Rusku<\/em><\/p>\n<p><strong><em>Lama El Horr, PhD, je zakl\u00e1daj\u00edc\u00edm redaktorem\u00a0\u00a0<\/em><\/strong><a href=\"https:\/\/chinabeyondthewall.org\/\"><strong><em>China Beyond the Wall<\/em><\/strong><\/a>\u00a0.<strong><em>\u00a0Je geopolitickou konzultantkou a analyti\u010dkou specializuj\u00edc\u00ed se na \u010d\u00ednskou zahrani\u010dn\u00ed politiku a geopolitiku<\/em><\/strong><\/p>\n<p><em>Zdroj: New Eastern Outlook<\/em><\/p>\n<p>&nbsp;<\/p>\n","protected":false},"excerpt":{"rendered":"<p>Jinde si sv\u011bt klade ot\u00e1zky: BRICS, glob\u00e1ln\u00ed jih, multipol\u00e1rn\u00ed sv\u011bt \u2013 tento lexikon, kter\u00fd nakonec&#8230;<\/p>\n","protected":false},"author":2,"featured_media":68809,"comment_status":"closed","ping_status":"closed","sticky":false,"template":"","format":"standard","meta":[],"categories":[7],"tags":[1042,1161,55],"_links":{"self":[{"href":"https:\/\/www.infokuryr.cz\/n\/wp-json\/wp\/v2\/posts\/68808"}],"collection":[{"href":"https:\/\/www.infokuryr.cz\/n\/wp-json\/wp\/v2\/posts"}],"about":[{"href":"https:\/\/www.infokuryr.cz\/n\/wp-json\/wp\/v2\/types\/post"}],"author":[{"embeddable":true,"href":"https:\/\/www.infokuryr.cz\/n\/wp-json\/wp\/v2\/users\/2"}],"replies":[{"embeddable":true,"href":"https:\/\/www.infokuryr.cz\/n\/wp-json\/wp\/v2\/comments?post=68808"}],"version-history":[{"count":0,"href":"https:\/\/www.infokuryr.cz\/n\/wp-json\/wp\/v2\/posts\/68808\/revisions"}],"wp:featuredmedia":[{"embeddable":true,"href":"https:\/\/www.infokuryr.cz\/n\/wp-json\/wp\/v2\/media\/68809"}],"wp:attachment":[{"href":"https:\/\/www.infokuryr.cz\/n\/wp-json\/wp\/v2\/media?parent=68808"}],"wp:term":[{"taxonomy":"category","embeddable":true,"href":"https:\/\/www.infokuryr.cz\/n\/wp-json\/wp\/v2\/categories?post=68808"},{"taxonomy":"post_tag","embeddable":true,"href":"https:\/\/www.infokuryr.cz\/n\/wp-json\/wp\/v2\/tags?post=68808"}],"curies":[{"name":"wp","href":"https:\/\/api.w.org\/{rel}","templated":true}]}}