{"id":68730,"date":"2024-12-23T00:38:55","date_gmt":"2024-12-22T23:38:55","guid":{"rendered":"https:\/\/www.infokuryr.cz\/n\/?p=68730"},"modified":"2024-12-22T16:27:25","modified_gmt":"2024-12-22T15:27:25","slug":"putin-a-vira-nevericich","status":"publish","type":"post","link":"https:\/\/www.infokuryr.cz\/n\/2024\/12\/23\/putin-a-vira-nevericich\/","title":{"rendered":"Putin a v\u00edra nev\u011b\u0159\u00edc\u00edch"},"content":{"rendered":"<div id=\"fb-root\"><\/div>\n<p><strong>Pokud \u010dten\u00e1\u0159i tohoto \u010dl\u00e1nku nebudou posledn\u00edch n\u011bkolik dn\u00ed v purdahu, budou si v\u011bdomi, \u017ee prezident Putin uspo\u0159\u00e1dal v\u00fdro\u010dn\u00ed ot\u00e1zky a odpov\u011bdi ve \u010dtvrtek 19.\u00a0<sup>prosince<\/sup>\u00a0. Za v\u00edce ne\u017e 4 a p\u016fl hodiny Putin odpov\u011bd\u011bl na 76 ot\u00e1zek, kter\u00e9 se skl\u00e1daly z obvykl\u00e9 sm\u011bsi geopolitick\u00fdch koment\u00e1\u0159\u016f, dom\u00e1c\u00edch detail\u016f a zvl\u00e1\u0161tn\u00edho softballov\u00e9ho zah\u0159\u00edva\u010de. \u00a0<\/strong><\/p>\n<p>Je zcela p\u0159irozen\u00e9, \u017ee velk\u00e1 pozornost byla v\u011bnov\u00e1na prob\u00edhaj\u00edc\u00ed SMO, ale m\u00fdm z\u00e1jmem je upozornit na Putinovo prohl\u00e1\u0161en\u00ed o t\u00ed\u017eiv\u00e9 situaci Ukrajinsk\u00e9 pravoslavn\u00e9 c\u00edrkve (UOC). UOC je pobo\u010dkou historick\u00e9 c\u00edrkve, kter\u00e1 se rozkl\u00e1d\u00e1 na \u00fazem\u00ed, kter\u00e9 bylo kdysi sjednoceno v jedin\u00e9 imp\u00e9rium, ale nyn\u00ed je rozd\u011bleno do samostatn\u00fdch politick\u00fdch celk\u016f Ruska, Ukrajiny a B\u011bloruska. Proto\u017ee z\u016fst\u00e1v\u00e1 v\u011brn\u00e1 Moskevsk\u00e9mu patriarch\u00e1tu, je UOC systematicky pron\u00e1sledov\u00e1na od doby, kdy p\u0159evrat na Majdanu v roce 2014 p\u0159ivedl v Kyjev\u011b k moci zjevn\u011b protirusk\u00fd re\u017eim, kostely a kl\u00e1\u0161tery byly zav\u00edr\u00e1ny, p\u0159epad\u00e1v\u00e1ny a dokonce bombardov\u00e1ny a duchovn\u00ed obt\u011b\u017eov\u00e1ni a st\u00edh\u00e1ni a n\u011bkdy zavra\u017ed\u011bni, zejm\u00e9na na Donbasu.<\/p>\n<p>Tato hr\u016fzovl\u00e1da se jen urychlila v roce 2019, kdy konstantinopolsk\u00fd patriarcha oslavil schizmatickou ukrajinskou c\u00edrkev jako \u201epravou\u201c UOC, a pot\u00e9 se od za\u010d\u00e1tku SMO d\u00e1le zintenzivnila. UOC byla obvin\u011bna z toho, \u017ee je trojsk\u00fdm kon\u011bm za h\u0159\u00edch ruskosti v ukrajinsk\u00e9 spole\u010dnosti \u2013 stejn\u00e9 spole\u010dnosti, kter\u00e1 je z velk\u00e9 \u010d\u00e1sti rusky mluv\u00edc\u00ed a nejm\u00e9n\u011b z 50 % etnicky Rusov\u00e9 \u2013 a nyn\u00ed se pou\u017e\u00edv\u00e1 jako h\u016fl k pora\u017een\u00ed v\u011bt\u0161iny Ukrajinc\u016f. kte\u0159\u00ed nedok\u00e1zali nen\u00e1vid\u011bt Rusko natolik, aby se vzdali v\u00edry sv\u00fdch p\u0159edk\u016f. A to navzdory skute\u010dnosti, \u017ee Moskevsk\u00fd patriarch\u00e1t nikdy nekladl na ukrajinsk\u00e9 v\u011b\u0159\u00edc\u00ed \u017e\u00e1dn\u00e9 politick\u00e9 po\u017eadavky, kter\u00e9 by mohly p\u0159edstavovat v\u00fdzvu pro ukrajinskou vl\u00e1du.<\/p>\n<p>Putin, obvykle obez\u0159etn\u00fd ve sv\u00e9 kritice, byl netypicky hlu\u010dn\u00fd.<\/p>\n<p><em>\u201eV\u00edte, to, co se d\u011bje s ruskou pravoslavnou c\u00edrkv\u00ed na Ukrajin\u011b, je jedine\u010dn\u00e9. Jednodu\u0161e jedine\u010dn\u00e9. Je to hrub\u00e9, jen do o\u010d\u00ed bij\u00edc\u00ed poru\u0161en\u00ed lidsk\u00fdch pr\u00e1v a pr\u00e1v v\u011b\u0159\u00edc\u00edch. C\u00edrkev je roztrh\u00e1na p\u0159ed zraky cel\u00e9ho sv\u011bta. Je to jako poprav\u010d\u00ed \u010deta. A ka\u017ed\u00fd na sv\u011bt\u011b si toho rad\u011bji nev\u0161imne.&#8220;<\/em><\/p>\n<p><em>\u201eMysl\u00edm, \u017ee t\u011bm, kte\u0159\u00ed to d\u011blaj\u00ed, se to vr\u00e1t\u00ed. \u0158ekl jsi, \u017ee to roztrhaj\u00ed. Ano, to se d\u011bje. Vid\u00ed\u0161, jde o to? Nejsou to ani ateist\u00e9, tito lid\u00e9. Ateist\u00e9 jsou lid\u00e9, kte\u0159\u00ed v n\u011bco v\u011b\u0159\u00ed. V\u011b\u0159\u00ed, \u017ee \u017e\u00e1dn\u00fd B\u016fh nen\u00ed. Ale to je jejich p\u0159esv\u011bd\u010den\u00ed, to je jejich p\u0159esv\u011bd\u010den\u00ed.\u00a0<strong>A nejsou to ateist\u00e9. Jsou to jen lid\u00e9 bez v\u00edry, bezbo\u017en\u00ed lid\u00e9<\/strong>\u00a0\u2026\u00a0<strong>Jsou to lid\u00e9 bez rodiny, bez kmene, nestaraj\u00ed se o nic, co je drah\u00e9 n\u00e1m i drtiv\u00e9 v\u011bt\u0161in\u011b Ukrajinc\u016f. P\u016fjdou na pl\u00e1\u017e, ne do kostela.<\/strong>\u00a0Ale je to jejich volba\u2026\u201c<\/em><\/p>\n<div id=\"attachment_215058\" class=\"wp-caption aligncenter\" style=\"width: 609px;\">\n<p><a href=\"https:\/\/s5.cdnstatic.space\/wp-content\/uploads\/2024\/12\/i-1.webp\" target=\"_blank\" rel=\"noopener\"><img decoding=\"async\" loading=\"lazy\" class=\"wp-image-215058\" title=\"Putin a v\u00edra nev\u011b\u0159\u00edc\u00edch\" src=\"https:\/\/s5.cdnstatic.space\/wp-content\/uploads\/2024\/12\/i-1-490x221.webp\" sizes=\"(max-width: 600px) 100vw, 600px\" srcset=\"https:\/\/s5.cdnstatic.space\/wp-content\/uploads\/2024\/12\/i-1-490x221.webp 490w, https:\/\/s5.cdnstatic.space\/wp-content\/uploads\/2024\/12\/i-1-1024x462.webp 1024w, https:\/\/s5.cdnstatic.space\/wp-content\/uploads\/2024\/12\/i-1-768x347.webp 768w, https:\/\/s5.cdnstatic.space\/wp-content\/uploads\/2024\/12\/i-1-1536x694.webp 1536w, https:\/\/s5.cdnstatic.space\/wp-content\/uploads\/2024\/12\/i-1.webp 1559w\" alt=\"Putin a v\u00edra nev\u011b\u0159\u00edc\u00edch\" width=\"609\" height=\"275\" aria-describedby=\"caption-attachment-215058\" \/><\/a><\/p>\n<p id=\"caption-attachment-215058\" class=\"wp-caption-text\">Kliknut\u00edm zobraz\u00edte obr\u00e1zek v pln\u00e9 velikosti<\/p>\n<\/div>\n<div id=\"attachment_215062\" class=\"wp-caption aligncenter\" style=\"width: 607px;\">\n<p><a href=\"https:\/\/s5.cdnstatic.space\/wp-content\/uploads\/2024\/12\/Putin-And-The-Faith-Of-The-Faithless.jpeg\" target=\"_blank\" rel=\"noopener\"><img decoding=\"async\" loading=\"lazy\" class=\"wp-image-215062\" title=\"Putin a v\u00edra nev\u011b\u0159\u00edc\u00edch\" src=\"https:\/\/s5.cdnstatic.space\/wp-content\/uploads\/2024\/12\/Putin-And-The-Faith-Of-The-Faithless-490x276.jpeg\" sizes=\"(max-width: 600px) 100vw, 600px\" srcset=\"https:\/\/s5.cdnstatic.space\/wp-content\/uploads\/2024\/12\/Putin-And-The-Faith-Of-The-Faithless-490x276.jpeg 490w, https:\/\/s5.cdnstatic.space\/wp-content\/uploads\/2024\/12\/Putin-And-The-Faith-Of-The-Faithless-1024x576.jpeg 1024w, https:\/\/s5.cdnstatic.space\/wp-content\/uploads\/2024\/12\/Putin-And-The-Faith-Of-The-Faithless-768x432.jpeg 768w, https:\/\/s5.cdnstatic.space\/wp-content\/uploads\/2024\/12\/Putin-And-The-Faith-Of-The-Faithless.jpeg 1440w\" alt=\"Putin a v\u00edra nev\u011b\u0159\u00edc\u00edch\" width=\"607\" height=\"342\" aria-describedby=\"caption-attachment-215062\" \/><\/a><\/p>\n<p id=\"caption-attachment-215062\" class=\"wp-caption-text\">Kliknut\u00edm zobraz\u00edte obr\u00e1zek v pln\u00e9 velikosti<\/p>\n<\/div>\n<div id=\"attachment_215060\" class=\"wp-caption aligncenter\" style=\"width: 604px;\">\n<p><a href=\"https:\/\/s5.cdnstatic.space\/wp-content\/uploads\/2024\/12\/photo_2022-12-14_11-53-29.jpg\" target=\"_blank\" rel=\"noopener\"><img decoding=\"async\" loading=\"lazy\" class=\"wp-image-215060\" title=\"Putin a v\u00edra nev\u011b\u0159\u00edc\u00edch\" src=\"https:\/\/s5.cdnstatic.space\/wp-content\/uploads\/2024\/12\/photo_2022-12-14_11-53-29-490x275.jpg\" sizes=\"(max-width: 600px) 100vw, 600px\" srcset=\"https:\/\/s5.cdnstatic.space\/wp-content\/uploads\/2024\/12\/photo_2022-12-14_11-53-29-490x275.jpg 490w, https:\/\/s5.cdnstatic.space\/wp-content\/uploads\/2024\/12\/photo_2022-12-14_11-53-29-768x432.jpg 768w, https:\/\/s5.cdnstatic.space\/wp-content\/uploads\/2024\/12\/photo_2022-12-14_11-53-29.jpg 900w\" alt=\"Putin a v\u00edra nev\u011b\u0159\u00edc\u00edch\" width=\"604\" height=\"340\" aria-describedby=\"caption-attachment-215060\" \/><\/a><\/p>\n<p id=\"caption-attachment-215060\" class=\"wp-caption-text\">Kliknut\u00edm zobraz\u00edte obr\u00e1zek v pln\u00e9 velikosti<\/p>\n<\/div>\n<div id=\"attachment_215064\" class=\"wp-caption aligncenter\" style=\"width: 604px;\">\n<p><a href=\"https:\/\/s5.cdnstatic.space\/wp-content\/uploads\/2024\/12\/Putin-And-The-Faith-Of-The-Faithless-4.jpg\" target=\"_blank\" rel=\"noopener\"><img decoding=\"async\" loading=\"lazy\" class=\"wp-image-215064\" title=\"Putin a v\u00edra nev\u011b\u0159\u00edc\u00edch\" src=\"https:\/\/s5.cdnstatic.space\/wp-content\/uploads\/2024\/12\/Putin-And-The-Faith-Of-The-Faithless-4-490x276.jpg\" sizes=\"(max-width: 600px) 100vw, 600px\" srcset=\"https:\/\/s5.cdnstatic.space\/wp-content\/uploads\/2024\/12\/Putin-And-The-Faith-Of-The-Faithless-4-490x276.jpg 490w, https:\/\/s5.cdnstatic.space\/wp-content\/uploads\/2024\/12\/Putin-And-The-Faith-Of-The-Faithless-4-768x432.jpg 768w, https:\/\/s5.cdnstatic.space\/wp-content\/uploads\/2024\/12\/Putin-And-The-Faith-Of-The-Faithless-4.jpg 960w\" alt=\"Putin a v\u00edra nev\u011b\u0159\u00edc\u00edch\" width=\"604\" height=\"340\" aria-describedby=\"caption-attachment-215064\" \/><\/a><\/p>\n<p id=\"caption-attachment-215064\" class=\"wp-caption-text\">Kliknut\u00edm zobraz\u00edte obr\u00e1zek v pln\u00e9 velikosti<\/p>\n<\/div>\n<div id=\"attachment_215063\" class=\"wp-caption aligncenter\" style=\"width: 602px;\">\n<p><a href=\"https:\/\/s5.cdnstatic.space\/wp-content\/uploads\/2024\/12\/Putin-And-The-Faith-Of-The-Faithless-5.jpg\" target=\"_blank\" rel=\"noopener\"><img decoding=\"async\" loading=\"lazy\" class=\"wp-image-215063\" title=\"Putin a v\u00edra nev\u011b\u0159\u00edc\u00edch\" src=\"https:\/\/s5.cdnstatic.space\/wp-content\/uploads\/2024\/12\/Putin-And-The-Faith-Of-The-Faithless-5-450x300.jpg\" sizes=\"(max-width: 600px) 100vw, 600px\" srcset=\"https:\/\/s5.cdnstatic.space\/wp-content\/uploads\/2024\/12\/Putin-And-The-Faith-Of-The-Faithless-5-450x300.jpg 450w, https:\/\/s5.cdnstatic.space\/wp-content\/uploads\/2024\/12\/Putin-And-The-Faith-Of-The-Faithless-5-1024x682.jpg 1024w, https:\/\/s5.cdnstatic.space\/wp-content\/uploads\/2024\/12\/Putin-And-The-Faith-Of-The-Faithless-5-768x512.jpg 768w, https:\/\/s5.cdnstatic.space\/wp-content\/uploads\/2024\/12\/Putin-And-The-Faith-Of-The-Faithless-5.jpg 1280w\" alt=\"Putin a v\u00edra nev\u011b\u0159\u00edc\u00edch\" width=\"602\" height=\"401\" aria-describedby=\"caption-attachment-215063\" \/><\/a><\/p>\n<p id=\"caption-attachment-215063\" class=\"wp-caption-text\">Kliknut\u00edm zobraz\u00edte obr\u00e1zek v pln\u00e9 velikosti<\/p>\n<\/div>\n<div id=\"attachment_215061\" class=\"wp-caption aligncenter\" style=\"width: 605px;\">\n<p><a href=\"https:\/\/s5.cdnstatic.space\/wp-content\/uploads\/2024\/12\/Putin-And-The-Faith-Of-The-Faithless.webp\" target=\"_blank\" rel=\"noopener\"><img decoding=\"async\" loading=\"lazy\" class=\"wp-image-215061\" title=\"Putin a v\u00edra nev\u011b\u0159\u00edc\u00edch\" src=\"https:\/\/s5.cdnstatic.space\/wp-content\/uploads\/2024\/12\/Putin-And-The-Faith-Of-The-Faithless-490x276.webp\" sizes=\"(max-width: 600px) 100vw, 600px\" srcset=\"https:\/\/s5.cdnstatic.space\/wp-content\/uploads\/2024\/12\/Putin-And-The-Faith-Of-The-Faithless-490x276.webp 490w, https:\/\/s5.cdnstatic.space\/wp-content\/uploads\/2024\/12\/Putin-And-The-Faith-Of-The-Faithless-1024x576.webp 1024w, https:\/\/s5.cdnstatic.space\/wp-content\/uploads\/2024\/12\/Putin-And-The-Faith-Of-The-Faithless-768x432.webp 768w, https:\/\/s5.cdnstatic.space\/wp-content\/uploads\/2024\/12\/Putin-And-The-Faith-Of-The-Faithless.webp 1280w\" alt=\"Putin a v\u00edra nev\u011b\u0159\u00edc\u00edch\" width=\"605\" height=\"341\" aria-describedby=\"caption-attachment-215061\" \/><\/a><\/p>\n<p id=\"caption-attachment-215061\" class=\"wp-caption-text\">Kliknut\u00edm zobraz\u00edte obr\u00e1zek v pln\u00e9 velikosti<\/p>\n<\/div>\n<div id=\"attachment_215059\" class=\"wp-caption aligncenter\" style=\"width: 600px;\">\n<p><a href=\"https:\/\/s5.cdnstatic.space\/wp-content\/uploads\/2024\/12\/1861314970_0_0_1200_900_1920x0_80_0_0_a84f4c875e538407dce7f0a46d7f33b7.jpg\" target=\"_blank\" rel=\"noopener\"><img decoding=\"async\" loading=\"lazy\" class=\"wp-image-215059\" title=\"Putin a v\u00edra nev\u011b\u0159\u00edc\u00edch\" src=\"https:\/\/s5.cdnstatic.space\/wp-content\/uploads\/2024\/12\/1861314970_0_0_1200_900_1920x0_80_0_0_a84f4c875e538407dce7f0a46d7f33b7-400x300.jpg\" sizes=\"(max-width: 600px) 100vw, 600px\" srcset=\"https:\/\/s5.cdnstatic.space\/wp-content\/uploads\/2024\/12\/1861314970_0_0_1200_900_1920x0_80_0_0_a84f4c875e538407dce7f0a46d7f33b7-400x300.jpg 400w, https:\/\/s5.cdnstatic.space\/wp-content\/uploads\/2024\/12\/1861314970_0_0_1200_900_1920x0_80_0_0_a84f4c875e538407dce7f0a46d7f33b7-1024x768.jpg 1024w, https:\/\/s5.cdnstatic.space\/wp-content\/uploads\/2024\/12\/1861314970_0_0_1200_900_1920x0_80_0_0_a84f4c875e538407dce7f0a46d7f33b7-768x576.jpg 768w, https:\/\/s5.cdnstatic.space\/wp-content\/uploads\/2024\/12\/1861314970_0_0_1200_900_1920x0_80_0_0_a84f4c875e538407dce7f0a46d7f33b7-1536x1152.jpg 1536w, https:\/\/s5.cdnstatic.space\/wp-content\/uploads\/2024\/12\/1861314970_0_0_1200_900_1920x0_80_0_0_a84f4c875e538407dce7f0a46d7f33b7.jpg 1920w\" alt=\"Putin a v\u00edra nev\u011b\u0159\u00edc\u00edch\" width=\"600\" height=\"450\" aria-describedby=\"caption-attachment-215059\" \/><\/a><\/p>\n<p id=\"caption-attachment-215059\" class=\"wp-caption-text\">Kliknut\u00edm zobraz\u00edte obr\u00e1zek v pln\u00e9 velikosti<\/p>\n<\/div>\n<p>Ka\u017ed\u00fd, kdo sledoval n\u011bkter\u00fd z mnoha z\u00e1b\u011br\u016f pron\u00e1sledov\u00e1n\u00ed ukrajinsk\u00fdch pravoslavn\u00fdch k\u0159es\u0165an\u016f, Putin\u016fv citov\u00fd v\u00fdbuch pochop\u00ed. Viditeln\u00e9 utrpen\u00ed sboru, kdy\u017e voj\u00e1ci vnikaj\u00ed do kostel\u016f, p\u00e1l\u00ed ikony a ml\u00e1t\u00ed kn\u011bze, je t\u011b\u017ek\u00e9 sn\u00e9st, zvl\u00e1\u0161t\u011b kdy\u017e je tolik lid\u00ed bu\u010f velmi mlad\u00fdch, nebo velmi star\u00fdch. Na prvn\u00ed pohled je p\u0159irozen\u00e9 pova\u017eovat ty, kte\u0159\u00ed \u00fato\u010d\u00ed na star\u00e9 lidi, d\u011bti a m\u00edrumilovn\u00e9 kn\u011bze, za cynick\u00e9, nev\u011b\u0159\u00edc\u00ed a bezduch\u00e9. A\u010dkoli je v\u0161ak Putinova touha znev\u00e1\u017eit pachatele p\u0159irozen\u00e1, je t\u011b\u017ek\u00e9 jeho slova vn\u00edmat jinak ne\u017e r\u00e9toricky.<\/p>\n<p>Putin, jako historicky nejv\u00edce sm\u00fd\u0161lej\u00edc\u00ed ze v\u0161ech sv\u011btov\u00fdch v\u016fdc\u016f, si bude dob\u0159e v\u011bdom toho, jak ukrajinsk\u00fd nacionalismus ve sv\u00e9 nejzraniteln\u011bj\u0161\u00ed protirusk\u00e9 podob\u011b m\u00e1 ko\u0159eny v emocionalismu, kter\u00fd je ve sv\u00e9 fascinuj\u00edc\u00ed s\u00edle jist\u011b n\u00e1bo\u017eensk\u00fd. Jak ka\u017ed\u00fd student v\u00fdchodoevropsk\u00fdch d\u011bjin v\u00ed, oblast nyn\u00ed zn\u00e1m\u00e1 jako Z\u00e1padn\u00ed Ukrajina, ko\u0159en ukrajinsk\u00e9ho nacionalismu, byla sou\u010d\u00e1st\u00ed toho, co u\u010denci Omer Bartov a Eric D. Weitz naz\u00fdvali \u201erozb\u00edjej\u00edc\u00ed se z\u00f3nou imp\u00e9ri\u00ed\u201c; oblast os\u00eddlen\u00e1 neslu\u010diteln\u00fdmi n\u00e1rody, kter\u00e1 opakovan\u011b m\u011bnila majitele a vytvo\u0159ila kaleidoskop neust\u00e1le se m\u011bn\u00edc\u00edch mocensk\u00fdch nerovnov\u00e1h a vz\u00e1jemn\u00fdch antagonism\u016f. Rusko, v podob\u011b star\u00e9 carsk\u00e9 \u0159\u00ed\u0161e, Sov\u011btsk\u00e9ho svazu a pot\u00e9 nov\u011bj\u0161\u00ed Federace, je pouze posledn\u00edm z \u0159ady region\u00e1ln\u00edch hegemon\u016f, kte\u0159\u00ed vyvol\u00e1vaj\u00ed pocity strachu, z\u00e1visti a nen\u00e1visti mezi soupe\u0159\u00edc\u00edmi etniky, zejm\u00e9na mezi t\u011bmi Ukrajinci, kte\u0159\u00ed vyvinuli propracovanou mytologii genetick\u00e9 a kulturn\u00ed nad\u0159azenosti v\u016f\u010di sv\u00fdm soused\u016fm, aby bojovali s jejich pocity impotence a vzteku.<\/p>\n<p>Nazna\u010dit, \u017ee ti, kte\u0159\u00ed nyn\u00ed jednaj\u00ed proti c\u00edrkvi, postr\u00e1daj\u00ed jak\u00fdkoli systematick\u00fd r\u00e1mec motivuj\u00edc\u00ed v\u00edry, znamen\u00e1 ignorovat v\u00fdsledky t\u00e9to mytologie odli\u0161nosti, kter\u00e1 vyvinula propracovanou nadstavbu p\u0159\u00edb\u011bhu o stvo\u0159en\u00ed, exegeze, katechismu a ritu\u00e1lu podobnou konven\u010dn\u00ed v\u00ed\u0159e. To neznamen\u00e1, \u017ee jsou v\u016fbec origin\u00e1ln\u00ed; Slavnostn\u00ed pochody s pochodn\u011bmi, vz\u00fdv\u00e1n\u00ed psychopata Bandery jako postavy podobn\u00e9 Kristu a neust\u00e1l\u00e9 nab\u00e1d\u00e1n\u00ed \u201eSlava Ukraini\u201c jsou t\u00e9m\u011b\u0159 tot\u00e1ln\u00ed odvozeniny z jist\u00e9ho notoricky zn\u00e1m\u00e9ho obdob\u00ed historie. T\u011bm, kdo maj\u00ed emocion\u00e1ln\u011b zdravou povahu, p\u0159ipadaj\u00ed nanejv\u00fd\u0161 sm\u011b\u0161n\u00e9 a rozhodn\u011b p\u0159ipom\u00ednaj\u00ed sp\u00ed\u0161e sebeklam a selh\u00e1n\u00ed ne\u017e sl\u00e1vu. Ale pro specifick\u00fd druh Ukrajinc\u016f, vychovan\u00fdch na kapi\u010dk\u00e1ch protirusk\u00e9ho rozho\u0159\u010den\u00ed, jsou to kvazin\u00e1bo\u017eensk\u00e9 praktiky, kter\u00e9 jsou stejn\u011b posv\u00e1tn\u00e9 jako pravoslavn\u00e9 sv\u00e1tosti.<\/p>\n<p><strong>Zde je d\u016fle\u017eit\u00e9 z\u0159eknut\u00ed se odpov\u011bdnosti; zjevn\u011b nen\u00ed mo\u017en\u00e9 rozeznat p\u0159esn\u00e9 motivace v\u0161ech, kte\u0159\u00ed se na pron\u00e1sledov\u00e1n\u00ed pod\u00edlej\u00ed. N\u011bkte\u0159\u00ed policist\u00e9 a voj\u00e1ci mohou b\u00fdt p\u0159\u00edli\u0161 apati\u010dt\u00ed na to, aby d\u011blali n\u011bco jin\u00e9ho, \u200b\u200bne\u017e aby spolu vych\u00e1zeli. N\u011bkte\u0159\u00ed se mohou dokonce c\u00edtit p\u0159\u00edli\u0161 vystra\u0161en\u00ed, aby odolali jejich rozkaz\u016fm. A naopak, jin\u00ed mohou b\u00fdt skute\u010dn\u00fdmi satanisty, kte\u0159\u00ed vyu\u017eij\u00ed jak\u00e9koli p\u0159\u00edle\u017eitosti k \u00fatoku na jakoukoli c\u00edrkev! Abychom p\u0159ipom\u00ednali slavnou britskou kr\u00e1lovnu, nem\u016f\u017eeme d\u011blat okna do mu\u017esk\u00fdch du\u0161\u00ed, ale m\u016f\u017eeme vzd\u011blan\u011b odhadovat dominantn\u00ed motivaci, vzhledem k mno\u017estv\u00ed dostupn\u00fdch d\u016fkaz\u016f. Putin m\u00e1 pln\u00e9 pr\u00e1vo zneva\u017eovat \u201ebezbo\u017enost\u201c t\u011bch, kte\u0159\u00ed \u00fato\u010d\u00ed na pravoslavn\u00e9 v\u011b\u0159\u00edc\u00ed, ale nen\u00ed zcela spr\u00e1vn\u00e9 je naz\u00fdvat nev\u011b\u0159\u00edc\u00edmi.<\/strong><\/p>\n<p><img decoding=\"async\" loading=\"lazy\" class=\"alignnone size-full wp-image-1185\" src=\"http:\/\/www.infokuryr.cz\/n\/wp-content\/uploads\/2021\/04\/kuryr-podpis.png\" alt=\"\" width=\"84\" height=\"24\" \/><\/p>\n<p>&nbsp;<\/p>\n","protected":false},"excerpt":{"rendered":"<p>Pokud \u010dten\u00e1\u0159i tohoto \u010dl\u00e1nku nebudou posledn\u00edch n\u011bkolik dn\u00ed v purdahu, budou si v\u011bdomi, \u017ee prezident&#8230;<\/p>\n","protected":false},"author":2,"featured_media":68731,"comment_status":"closed","ping_status":"closed","sticky":false,"template":"","format":"standard","meta":[],"categories":[7],"tags":[250,102,26,4282],"_links":{"self":[{"href":"https:\/\/www.infokuryr.cz\/n\/wp-json\/wp\/v2\/posts\/68730"}],"collection":[{"href":"https:\/\/www.infokuryr.cz\/n\/wp-json\/wp\/v2\/posts"}],"about":[{"href":"https:\/\/www.infokuryr.cz\/n\/wp-json\/wp\/v2\/types\/post"}],"author":[{"embeddable":true,"href":"https:\/\/www.infokuryr.cz\/n\/wp-json\/wp\/v2\/users\/2"}],"replies":[{"embeddable":true,"href":"https:\/\/www.infokuryr.cz\/n\/wp-json\/wp\/v2\/comments?post=68730"}],"version-history":[{"count":0,"href":"https:\/\/www.infokuryr.cz\/n\/wp-json\/wp\/v2\/posts\/68730\/revisions"}],"wp:featuredmedia":[{"embeddable":true,"href":"https:\/\/www.infokuryr.cz\/n\/wp-json\/wp\/v2\/media\/68731"}],"wp:attachment":[{"href":"https:\/\/www.infokuryr.cz\/n\/wp-json\/wp\/v2\/media?parent=68730"}],"wp:term":[{"taxonomy":"category","embeddable":true,"href":"https:\/\/www.infokuryr.cz\/n\/wp-json\/wp\/v2\/categories?post=68730"},{"taxonomy":"post_tag","embeddable":true,"href":"https:\/\/www.infokuryr.cz\/n\/wp-json\/wp\/v2\/tags?post=68730"}],"curies":[{"name":"wp","href":"https:\/\/api.w.org\/{rel}","templated":true}]}}