{"id":68728,"date":"2024-12-23T00:38:07","date_gmt":"2024-12-22T23:38:07","guid":{"rendered":"https:\/\/www.infokuryr.cz\/n\/?p=68728"},"modified":"2024-12-22T15:33:56","modified_gmt":"2024-12-22T14:33:56","slug":"desitky-mrtvych-po-prevrzeni-trajektu-v-dr-kongo","status":"publish","type":"post","link":"https:\/\/www.infokuryr.cz\/n\/2024\/12\/23\/desitky-mrtvych-po-prevrzeni-trajektu-v-dr-kongo\/","title":{"rendered":"Des\u00edtky mrtv\u00fdch po p\u0159evr\u017een\u00ed trajektu v DR Kongo"},"content":{"rendered":"<div id=\"fb-root\"><\/div>\n<p><span style=\"font-size: 18pt;\"><strong>Nejm\u00e9n\u011b 38 mrtv\u00fdch a v\u00edce ne\u017e 100 poh\u0159e\u0161ovan\u00fdch pot\u00e9, co se v \u0159ece Busira potopil trajekt s lidmi cestuj\u00edc\u00edmi na V\u00e1noce<\/strong><\/span><\/p>\n<p>Nejm\u00e9n\u011b 38 lid\u00ed zem\u0159elo a v\u00edce ne\u017e 100 dal\u0161\u00edch se poh\u0159e\u0161uje pot\u00e9, co se na \u0159ece v severov\u00fdchodn\u00ed Demokratick\u00e9 republice Kongo p\u0159evrhl trajekt s cestuj\u00edc\u00edmi pasa\u017e\u00e9ry na V\u00e1noce, podle \u00fa\u0159edn\u00edk\u016f a sv\u011bdk\u016f.<\/p>\n<p>Po potopen\u00ed trajektu v p\u00e1tek pozd\u011b v \u0159ece Busira se zat\u00edm poda\u0159ilo zachr\u00e1nit dvacet lid\u00ed. Cestovalo jako sou\u010d\u00e1st konvoje jin\u00fdch plavidel a cestuj\u00edc\u00edmi byli p\u0159edev\u0161\u00edm obchodn\u00edci vracej\u00edc\u00ed se dom\u016f na V\u00e1noce, \u0159ekl Joseph Joseph Kangolingoli, starosta Ingende, posledn\u00edho m\u011bsta na \u0159ece p\u0159ed m\u00edstem ne\u0161t\u011bst\u00ed.<\/p>\n<div class=\"more-on\"><\/div>\n<p>Podle obyvatele Ingende Ndolo Kaddyho trajekt p\u0159epravil \u201ev\u00edce ne\u017e 400 lid\u00ed, proto\u017ee na cest\u011b do Boende vytvo\u0159il dva p\u0159\u00edstavy, Ingende a Loolo, tak\u017ee existuje d\u016fvod se domn\u00edvat, \u017ee bylo v\u00edce mrtv\u00fdch,\u201c uvedla agentura Associated Press.<\/p>\n<p>\u00da\u0159ady \u00fast\u0159edn\u00ed vl\u00e1dy se k incidentu zat\u00edm nevyj\u00e1d\u0159ily a nab\u00eddly dal\u0161\u00ed podrobnosti o z\u00e1chrann\u00fdch operac\u00edch. Al-D\u017eaz\u00edra nemohla nez\u00e1visle ov\u011b\u0159it po\u010dty ob\u011bt\u00ed hl\u00e1\u0161en\u00e9 agenturou AP.<\/p>\n<p>Kon\u017e\u0161t\u00ed p\u0159edstavitel\u00e9 \u010dasto varovali p\u0159ed p\u0159et\u00ed\u017een\u00edm lod\u00ed a zav\u00e1zali se potrestat ty, kte\u0159\u00ed poru\u0161uj\u00ed bezpe\u010dnostn\u00ed opat\u0159en\u00ed na \u0159ek\u00e1ch. V odlehl\u00fdch oblastech si v\u0161ak mnoho lid\u00ed nem\u016f\u017ee dovolit ve\u0159ejnou dopravu na n\u011bkolika dostupn\u00fdch silnic\u00edch.<\/p>\n<p><img decoding=\"async\" loading=\"lazy\" class=\"alignnone size-full wp-image-1185\" src=\"http:\/\/www.infokuryr.cz\/n\/wp-content\/uploads\/2021\/04\/kuryr-podpis.png\" alt=\"\" width=\"84\" height=\"24\" \/><\/p>\n<p>&nbsp;<\/p>\n","protected":false},"excerpt":{"rendered":"<p>Nejm\u00e9n\u011b 38 mrtv\u00fdch a v\u00edce ne\u017e 100 poh\u0159e\u0161ovan\u00fdch pot\u00e9, co se v \u0159ece Busira potopil&#8230;<\/p>\n","protected":false},"author":2,"featured_media":68729,"comment_status":"closed","ping_status":"closed","sticky":false,"template":"","format":"standard","meta":[],"categories":[7],"tags":[5211,697,871,438],"_links":{"self":[{"href":"https:\/\/www.infokuryr.cz\/n\/wp-json\/wp\/v2\/posts\/68728"}],"collection":[{"href":"https:\/\/www.infokuryr.cz\/n\/wp-json\/wp\/v2\/posts"}],"about":[{"href":"https:\/\/www.infokuryr.cz\/n\/wp-json\/wp\/v2\/types\/post"}],"author":[{"embeddable":true,"href":"https:\/\/www.infokuryr.cz\/n\/wp-json\/wp\/v2\/users\/2"}],"replies":[{"embeddable":true,"href":"https:\/\/www.infokuryr.cz\/n\/wp-json\/wp\/v2\/comments?post=68728"}],"version-history":[{"count":0,"href":"https:\/\/www.infokuryr.cz\/n\/wp-json\/wp\/v2\/posts\/68728\/revisions"}],"wp:featuredmedia":[{"embeddable":true,"href":"https:\/\/www.infokuryr.cz\/n\/wp-json\/wp\/v2\/media\/68729"}],"wp:attachment":[{"href":"https:\/\/www.infokuryr.cz\/n\/wp-json\/wp\/v2\/media?parent=68728"}],"wp:term":[{"taxonomy":"category","embeddable":true,"href":"https:\/\/www.infokuryr.cz\/n\/wp-json\/wp\/v2\/categories?post=68728"},{"taxonomy":"post_tag","embeddable":true,"href":"https:\/\/www.infokuryr.cz\/n\/wp-json\/wp\/v2\/tags?post=68728"}],"curies":[{"name":"wp","href":"https:\/\/api.w.org\/{rel}","templated":true}]}}