{"id":68704,"date":"2024-12-22T06:06:50","date_gmt":"2024-12-22T05:06:50","guid":{"rendered":"https:\/\/www.infokuryr.cz\/n\/?p=68704"},"modified":"2024-12-22T06:06:50","modified_gmt":"2024-12-22T05:06:50","slug":"marek-adam-venovano-martine-bednarove","status":"publish","type":"post","link":"https:\/\/www.infokuryr.cz\/n\/2024\/12\/22\/marek-adam-venovano-martine-bednarove\/","title":{"rendered":"Marek Adam: V\u011bnov\u00e1no Martin\u011b Bedn\u00e1\u0159ov\u00e9"},"content":{"rendered":"<div id=\"fb-root\"><\/div>\n<p><span style=\"font-size: 18pt;\"><strong>(a dal\u0161\u00edm pravdomluvn\u00fdm lidem)<\/strong><\/span><\/p>\n<p>Kdy\u017e jsem p\u0159em\u00fd\u0161lel, jak\u00e9mu t\u00e9matu bych se v\u011bnoval ve sv\u00e9m posledn\u00edm p\u0159\u00edsp\u011bvku tohoto kalend\u00e1\u0159n\u00edho roku, p\u0159i\u0161el mi velice mil\u00fd mail od pan\u00ed u\u010ditelky (a vlastn\u011b kolegyn\u011b) Martiny Bedn\u00e1\u0159ov\u00e9.<\/p>\n<p>S\u00a0Martinou n\u00e1s poj\u00ed podobn\u00e9 peripetie, do nich\u017e jsme se dostali na ja\u0159e roku 2022 v\u00a0souvislosti se speci\u00e1ln\u00ed vojenskou operac\u00ed Rusk\u00e9 federace na v\u00fdchodn\u00ed Ukrajin\u011b. Tehdy jsme se oba ocitli v\u00a0nemilosti mainstreamov\u00fdch m\u00e9di\u00ed a v\u00a0hled\u00e1\u010dku politick\u00fdch mocip\u00e1n\u016f \u2013 ona v\u00a0Praze a j\u00e1 v\u00a0ji\u017en\u00edch \u010cech\u00e1ch.<\/p>\n<p>Kauza pan\u00ed u\u010ditelky Martiny Bedn\u00e1\u0159ov\u00e9 se vlastn\u011b stala signifikantn\u00edm rysem t\u00e9to doby. Sou\u010dasn\u00fd re\u017eim v\u00a0n\u00ed ztratil sv\u00e9 posledn\u00ed alibi a definitivn\u011b strhl svou posledn\u00ed masku.<\/p>\n<p>U\u017e jsme si zvykli na to, \u017ee \u201ekr\u00e1st se sm\u00ed\u201c (tedy mnohem l\u00e9pe ve velk\u00e9m ne\u017e v\u00a0mal\u00e9m), ale doposud n\u00e1m polistopadov\u00fd establishment p\u0159edkl\u00e1dal svou mantru o tom, \u017ee v\u00a0rozkraden\u00e9 a ciz\u00edmu kapit\u00e1lu rozprodan\u00e9 zemi si \u201ealespo\u0148 m\u016f\u017eeme svobodn\u011b \u0159\u00edkat, co chceme, a nic n\u00e1m za to nehroz\u00ed\u201c.<\/p>\n<p>I tato posledn\u00ed maska te\u010f spadla. A tak u\u010ditel\u00e9 mluv\u00edc\u00ed objektivn\u00ed pravdu (je\u017e i v\u00a0\u010desk\u00e9m mainstreamu je\u0161t\u011b b\u011b\u017en\u011b zazn\u00edvala p\u0159ed deseti lety) se n\u00e1hle ocitli na odd\u011blen\u00ed extremismu a terorismu coby novodob\u00ed \u201ezlo\u010dinci proti m\u00edru\u201c.<\/p>\n<p>Mnoz\u00ed polistopadov\u00ed politici (a dokonce i prezidenti) se soustavn\u011b zakl\u00ednaj\u00ed t\u00edm, jak u nich \u0161kolstv\u00ed a u\u010ditel\u00e9 p\u0159edstavuj\u00ed prioritu \u010d\u00edslo 1), ale svou politikou konaj\u00ed prav\u00fd opak. A tak je ve\u0159ejnost neust\u00e1le po\u0161tv\u00e1v\u00e1na proti stavu kantorsk\u00e9mu soustavn\u00fdmi b\u00e1chorkami o (nad)pr\u016fm\u011brn\u00e9m platu pedagog\u016f.<\/p>\n<p>(S t\u00edm pr\u016fm\u011brn\u00fdm platem je to asi trochu jako s\u00a0Je\u017e\u00ed\u0161kem \u2013 v\u0161ichni v\u00a0n\u011bj v\u011b\u0159\u00edme a t\u011b\u0161\u00edme se na n\u011bj, ale nikdo jsme ho je\u0161t\u011b nespat\u0159ili na vlastn\u00ed o\u010di.)<\/p>\n<p>Ale \u0161kolstv\u00ed opravdu nen\u00ed hlavn\u011b o pen\u011bz\u00edch. Trouf\u00e1m si konstatovat, \u017ee daleko v\u011bt\u0161\u00ed bol\u00edstkou pro soudob\u00e9 pedagogy jsou neuspokojiv\u00e1 \u201espole\u010densk\u00e1 atmosf\u00e9ra\u201c, indoktrina\u010dn\u00ed tlaky r\u016fzn\u00fdch neziskovek, nedostate\u010dn\u00e1 spolupr\u00e1ce a jen velmi vratk\u00e9 uzn\u00e1n\u00ed ze strany rodi\u010d\u016f a vzd\u011bl\u00e1vac\u00edch instituc\u00ed \u2013 prost\u011b ztr\u00e1ta celospole\u010densk\u00e9 presti\u017ee a v\u00a0neposledn\u00ed \u0159ad\u011b i nejednota, rozum\u011bjme nesoudr\u017enost a nesvornost ve sborovn\u00e1ch samotn\u00fdch.<\/p>\n<p>Zkr\u00e1tka pocit, \u017ee v\u00e1s \u201eti druz\u00ed\u201c nepodr\u017e\u00ed. A tak se ob\u010das stane, \u017ee ta vlastn\u00ed pr\u00e1ce v\u00e1m nakonec vlivem v\u0161ech v\u00fd\u0161e zm\u00edn\u011bn\u00fdch faktor\u016f (a je\u0161t\u011b vlivem mnoha okolnost\u00ed jin\u00fdch) nakonec vezme i tu l\u00e1sku k\u00a0t\u00e9 pr\u00e1ci samotn\u00e9. Nejen ve \u0161kolstv\u00ed se pro tento stav dnes v\u017eilo m\u00f3dn\u00ed ozna\u010den\u00ed \u201esyndrom vyho\u0159en\u00ed\u201c.<\/p>\n<p>A tak m\u00edsto v\u00fdchovn\u00e9ho\u00a0<em>\u201eco T\u011b nezabije, to T\u011b pos\u00edl\u00ed\u201c<\/em>\u00a0se \u010dast\u011bji setk\u00e1v\u00e1me s napln\u011bn\u00edm po\u0159ekadla, \u017ee\u00a0<em>\u201estokr\u00e1t nic umo\u0159ilo i osla\u201c<\/em>. Ale o reform\u00e1ch a deformac\u00edch ve \u0161kolstv\u00ed si pov\u00edme podrobn\u011bji a\u017e n\u011bkdy jindy.<\/p>\n<p>Dne\u0161n\u00ed p\u0159\u00edsp\u011bvek bych r\u00e1d na sam\u00fd\u00a0z\u00e1v\u011br sm\u011b\u0159oval k\u00a0ot\u00e1zce pravdy a pravdiv\u00e9ho p\u0159esv\u011bd\u010den\u00ed. Profesn\u00ed stav u\u010ditelsk\u00fd by m\u011bl b\u00fdt p\u0159edev\u0161\u00edm obrazem a odrazem autority mor\u00e1ln\u00ed a m\u011bl by b\u00fdt garanc\u00ed soci\u00e1ln\u00ed spravedlnosti.<\/p>\n<p>V\u017edy\u0165 instituce \u0161koly by m\u011bla b\u00fdt instituc\u00ed s\u00a0nejvy\u0161\u0161\u00ed v\u00edrou ve spravedlnost a pravdu. V\u00a0\u017eivot\u011b u\u017e to tak mnohdy neb\u00fdv\u00e1 \u2013 \u017eivot \u010dasto p\u0159in\u00e1\u0161\u00ed i krut\u00e9 l\u017ei a nespravedlnosti. Ale vzd\u011bl\u00e1n\u00ed by n\u00e1s m\u011blo v\u00e9st ke schopnosti porozum\u011bt druh\u00fdm.<\/p>\n<p>Proto m\u011b v\u017edycky tr\u00e1p\u00ed, kdy\u017e jsou ze \u0161kolstv\u00ed vylu\u010dov\u00e1ni lid\u00e9 za to, \u017ee z\u016fstali (jako Mistr Jan Hus \u010di U\u010ditel n\u00e1rod\u016f Jan Amos Komensk\u00fd) v\u011brn\u00ed a nezlomn\u00ed ve sv\u00e9 v\u00ed\u0159e v\u00a0pravdu a spravedlnost.<\/p>\n<p>V\u00a0p\u0159\u00ed\u0161t\u00edm roce budeme st\u00e1t p\u0159ed \u010detn\u00fdmi zlomov\u00fdmi ud\u00e1lostmi, a rovn\u011b\u017e p\u0159ed podstatn\u00fdmi rozhodnut\u00edmi vlastn\u00edmi. Mimo jin\u00e9 se budeme tak\u00e9 rozhodovat o tom, v\u00a0jak\u00e9m syst\u00e9mu chceme nad\u00e1le \u017e\u00edt\u2026<\/p>\n<p><strong>P\u0159\u00ed\u0161t\u00ed rok si zvol\u00edme, v\u00a0jak\u00e9m sv\u011bt\u011b budeme \u017e\u00edt\u2026<\/strong><\/p>\n<p>A\u0165 se da\u0159\u00ed na\u0161e spole\u010dn\u00e1 pr\u00e1ce p\u0159i budov\u00e1n\u00ed jin\u00e9 a lep\u0161\u00ed spole\u010dnosti, proto\u017ee kapitalismus v\u00a0dne\u0161n\u00ed podob\u011b tu opravdu nez\u016fstane nav\u011bky!<\/p>\n<p>A a\u0165 je n\u00e1s v\u00edc a v\u00edc \u2013 t\u011bch, kte\u0159\u00ed to v\u00edme a kte\u0159\u00ed si to uv\u011bdomujeme! P\u016fjde toti\u017e o p\u0159e\u017eit\u00ed lidstva. P\u0159\u00ed\u0161t\u00edm v\u00fdchodiskem tak bude bu\u010f m\u00edr a socialismus, anebo (sebe)zni\u010duj\u00edc\u00ed v\u00e1lka. Jak budeme volit, tak budeme \u017e\u00edt!<\/p>\n<p><strong>Ale hlavn\u011b \u2013 a\u0165 se nikdy nezpronev\u011b\u0159\u00edme sv\u00e9 osobn\u00ed v\u00ed\u0159e v\u00a0pravdu a ve spravedlnost. Nebo\u0165 tam, kde se ve\u0159ejn\u011b \u0159\u00edk\u00e1 pravda, tam se je\u0161t\u011b bojuje za spravedliv\u00fd sv\u011bt! Nen\u00ed chybou hl\u00e1sat pravdu \u2013 naopak chybou je ml\u010det tam, kde se akceptuje le\u017e!<\/strong><\/p>\n<p>\u010cest v\u0161em lidem, kte\u0159\u00ed pro pravdu a vy\u0161\u0161\u00ed spravedlnost p\u0159inesli i svou vlastn\u00ed, osobn\u00ed ob\u011b\u0165!<\/p>\n<p>(V\u011bnov\u00e1no Martin\u011b Bedn\u00e1\u0159ov\u00e9 a dal\u0161\u00edm pravdomluvn\u00fdm lidem.)b<\/p>\n<p><a href=\"https:\/\/www.pokec24.cz\/blog\/venovano-martine-bednarove\/\"><strong><em>Marek ADAM<\/em><\/strong><\/a><\/p>\n<p>&nbsp;<\/p>\n","protected":false},"excerpt":{"rendered":"<p>(a dal\u0161\u00edm pravdomluvn\u00fdm lidem) Kdy\u017e jsem p\u0159em\u00fd\u0161lel, jak\u00e9mu t\u00e9matu bych se v\u011bnoval ve sv\u00e9m posledn\u00edm&#8230;<\/p>\n","protected":false},"author":2,"featured_media":68705,"comment_status":"closed","ping_status":"closed","sticky":false,"template":"","format":"standard","meta":[],"categories":[6],"tags":[5160,1503,144,553],"_links":{"self":[{"href":"https:\/\/www.infokuryr.cz\/n\/wp-json\/wp\/v2\/posts\/68704"}],"collection":[{"href":"https:\/\/www.infokuryr.cz\/n\/wp-json\/wp\/v2\/posts"}],"about":[{"href":"https:\/\/www.infokuryr.cz\/n\/wp-json\/wp\/v2\/types\/post"}],"author":[{"embeddable":true,"href":"https:\/\/www.infokuryr.cz\/n\/wp-json\/wp\/v2\/users\/2"}],"replies":[{"embeddable":true,"href":"https:\/\/www.infokuryr.cz\/n\/wp-json\/wp\/v2\/comments?post=68704"}],"version-history":[{"count":0,"href":"https:\/\/www.infokuryr.cz\/n\/wp-json\/wp\/v2\/posts\/68704\/revisions"}],"wp:featuredmedia":[{"embeddable":true,"href":"https:\/\/www.infokuryr.cz\/n\/wp-json\/wp\/v2\/media\/68705"}],"wp:attachment":[{"href":"https:\/\/www.infokuryr.cz\/n\/wp-json\/wp\/v2\/media?parent=68704"}],"wp:term":[{"taxonomy":"category","embeddable":true,"href":"https:\/\/www.infokuryr.cz\/n\/wp-json\/wp\/v2\/categories?post=68704"},{"taxonomy":"post_tag","embeddable":true,"href":"https:\/\/www.infokuryr.cz\/n\/wp-json\/wp\/v2\/tags?post=68704"}],"curies":[{"name":"wp","href":"https:\/\/api.w.org\/{rel}","templated":true}]}}