{"id":68645,"date":"2024-12-21T04:57:06","date_gmt":"2024-12-21T03:57:06","guid":{"rendered":"https:\/\/www.infokuryr.cz\/n\/?p=68645"},"modified":"2024-12-21T04:57:27","modified_gmt":"2024-12-21T03:57:27","slug":"jakub-moravcik-plochozemci-z-ustavniho-soudu","status":"publish","type":"post","link":"https:\/\/www.infokuryr.cz\/n\/2024\/12\/21\/jakub-moravcik-plochozemci-z-ustavniho-soudu\/","title":{"rendered":"Jakub Morav\u010d\u00edk: Plochozemci z \u00fastavn\u00edho soudu"},"content":{"rendered":"<div id=\"fb-root\"><\/div>\n<p><span style=\"font-size: 14pt;\"><strong>Kr\u00e1tk\u00e1 glosa ohledn\u011b ned\u00e1vn\u00e9ho zam\u00edtnut\u00ed st\u00ed\u017enosti b\u00fdval\u00e9ho m\u00edstop\u0159edsedy KS\u010cM Josefa Sk\u00e1ly \u00fastavn\u00edm soudem.<\/strong><\/span><\/p>\n<p>\u00dastavn\u00ed soud p\u00e1r dn\u00ed dozadu\u00a0<a href=\"https:\/\/www.novinky.cz\/clanek\/domaci-pravda-se-nezpochybnuje-zamitl-us-stiznost-komunisty-skaly-kvuli-masakru-v-katyni-40501272\" target=\"_blank\" rel=\"external noopener\">zam\u00edtl<\/a>\u00a0st\u00ed\u017enost b\u00fdval\u00e9ho m\u00edstop\u0159edsedy KS\u010cM Josefa Sk\u00e1ly ohledn\u011b rozsudku, t\u00fdkaj\u00edc\u00edho se \u201epop\u00edr\u00e1n\u00ed\u201c resp. zpochyb\u0148ov\u00e1n\u00ed pachatel\u016f masakru v Katy\u0148sk\u00e9m lese na vln\u00e1ch Svobodn\u00e9ho r\u00e1dia. S t\u00edmto rozsudkem m\u016f\u017eeme souhlasit \u010di nesouhlasit \u2013 j\u00e1 s n\u00edm z\u00e1sadn\u011b nesouhlas\u00edm (viz\u00a0<a href=\"https:\/\/blog.idnes.cz\/jakubmoravcik\/josef-skala-a-marian-magat-podpori-se-navzajem.Bg24100287\" target=\"_blank\" rel=\"external noopener\">souvisej\u00edc\u00ed blog<\/a>) \u2013 ov\u0161em toho se m\u00e1 glosa net\u00fdk\u00e1 prim\u00e1rn\u011b. Ta se t\u00fdk\u00e1 tvrzen\u00ed \u00daS, \u017ee Sk\u00e1la t\u00edmto sv\u00fdm zpochyb\u0148ov\u00e1n\u00edm podporoval teorii pat\u0159\u00edc\u00ed do \u0161katulky teori\u00ed placat\u00e9 zem\u011b.<\/p>\n<p>Toto tvrzen\u00ed \u00fastavn\u00edho soudu pova\u017euji za naprostou sprostost a nehor\u00e1znost. Nepochybuji, \u017ee \u00fastavn\u00ed soudcov\u00e9 znaj\u00ed rozd\u00edl mezi p\u0159\u00edrodn\u00edmi a humanitn\u00edmi v\u011bdami, mezi jejich metodikami, typy d\u016fkaz\u016f a stupni jistoty pozn\u00e1n\u00ed, kter\u00e9 mohou poskytnout. A nepochybuji, \u017ee v\u011bd\u00ed, \u017ee jen m\u00e1lokter\u00fd (humanitn\u011b) v\u011bdn\u00ed obor je tak politicky relevantn\u00ed a t\u0159eskut\u00fd, jako historie resp. historiografie \u2013 ostatn\u011b, viz zn\u00e1m\u00fd v\u00fdrok \u201ed\u011bjiny p\u00ed\u0161\u00ed v\u00edt\u011bzov\u00e9\u201c, \u010di mnohem m\u00e9n\u011b zn\u00e1m\u00e9 tvrzen\u00ed \u201ehistorie nen\u00ed v\u011bda, ale v davov\u011b-elit\u00e1rn\u00edch spole\u010dnostech je historie n\u00e1strojem \u0159\u00edzen\u00ed\u201c. Tvrzen\u00edm o \u201eplochozemskosti\u201c \u00daS ob\u011b tvrzen\u00ed fakticky jen potvrdil. Kdyby Sk\u00e1la pop\u00edral, \u017ee prob\u011bhla druh\u00e1 sv\u011btov\u00e1 v\u00e1lka, tak bych sice p\u0159irovn\u00e1n\u00ed k teori\u00edm o ploch\u00e9 zemi asi taky neschvaloval, ale dalo by se v\u00edce pochopit. Takhle je jen sprostost\u00ed a samoznev\u00e1\u017een\u00edm d\u016fstojnosti \u00daS.<\/p>\n<p>Ale v\u00edte co, \u00fastavn\u00ed soudcov\u00e9? Vy sami jste ti nejv\u011bt\u0161\u00ed plochozemci, a te\u010f v\u016fbec nemysl\u00edm jen ty na\u0161e z \u00dastavn\u00edho soudu \u010cR. Va\u0161e\u00a0<a href=\"https:\/\/www.iurium.cz\/denik\/denik-odborne-clanky\/materialni-jadro#:~:text=Materi%C3%A1ln%C3%AD%20j%C3%A1dro%20lze%20vymezit%20jako,jejich%20p%C5%99%C3%ADpad%C4%9B%20hovo%C5%99it%20o%20v%C4%9B%C4%8Dnosti.\" target=\"_blank\" rel=\"external noopener\">\u201eteorie\u201c o\u00a0materi\u00e1ln\u00edm j\u00e1dru \u00fastavy<\/a>, kter\u00e9 m\u00e1te ezotericky mo\u017enost vid\u011bt jako\u017ee pouze vy, \u010d\u00edm\u017e jste si usurpovali pr\u00e1vo z\u00e1vazn\u011b rozhodovat o nejz\u00e1sadn\u011bj\u0161\u00edch z\u00e1le\u017eitostech demokratick\u00fdch st\u00e1t\u016f, si s teori\u00ed ploch\u00e9 zem\u011b s ni\u010d\u00edm nezad\u00e1.<\/p>\n<p>Mysl\u00edm, \u017ee \u00fastavn\u00ed soudnictv\u00ed jako takov\u00e9 je t\u0159eba podrobit z\u00e1sadn\u00ed revizi. Jinak \u0159e\u010deno jej \u2013 zcela neplochozemsky \u2013 zpochybnit.<\/p>\n<p><em><strong>Jakub Morav\u010d\u00edk<\/strong><\/em><\/p>\n<div class=\"podcarou\">\n<p><span style=\"font-size: 10pt;\"><a href=\"https:\/\/blog.idnes.cz\/jakubmoravcik\/plochozemci-z-ustavniho-soudu.Bg24120496\" target=\"_blank\" rel=\"external noopener\">ZDROJ<\/a><\/span><\/p>\n<p>&nbsp;<\/p>\n<\/div>\n","protected":false},"excerpt":{"rendered":"<p>Kr\u00e1tk\u00e1 glosa ohledn\u011b ned\u00e1vn\u00e9ho zam\u00edtnut\u00ed st\u00ed\u017enosti b\u00fdval\u00e9ho m\u00edstop\u0159edsedy KS\u010cM Josefa Sk\u00e1ly \u00fastavn\u00edm soudem. \u00dastavn\u00ed soud&#8230;<\/p>\n","protected":false},"author":2,"featured_media":60013,"comment_status":"closed","ping_status":"closed","sticky":false,"template":"","format":"standard","meta":[],"categories":[6],"tags":[1503,520,335],"_links":{"self":[{"href":"https:\/\/www.infokuryr.cz\/n\/wp-json\/wp\/v2\/posts\/68645"}],"collection":[{"href":"https:\/\/www.infokuryr.cz\/n\/wp-json\/wp\/v2\/posts"}],"about":[{"href":"https:\/\/www.infokuryr.cz\/n\/wp-json\/wp\/v2\/types\/post"}],"author":[{"embeddable":true,"href":"https:\/\/www.infokuryr.cz\/n\/wp-json\/wp\/v2\/users\/2"}],"replies":[{"embeddable":true,"href":"https:\/\/www.infokuryr.cz\/n\/wp-json\/wp\/v2\/comments?post=68645"}],"version-history":[{"count":0,"href":"https:\/\/www.infokuryr.cz\/n\/wp-json\/wp\/v2\/posts\/68645\/revisions"}],"wp:featuredmedia":[{"embeddable":true,"href":"https:\/\/www.infokuryr.cz\/n\/wp-json\/wp\/v2\/media\/60013"}],"wp:attachment":[{"href":"https:\/\/www.infokuryr.cz\/n\/wp-json\/wp\/v2\/media?parent=68645"}],"wp:term":[{"taxonomy":"category","embeddable":true,"href":"https:\/\/www.infokuryr.cz\/n\/wp-json\/wp\/v2\/categories?post=68645"},{"taxonomy":"post_tag","embeddable":true,"href":"https:\/\/www.infokuryr.cz\/n\/wp-json\/wp\/v2\/tags?post=68645"}],"curies":[{"name":"wp","href":"https:\/\/api.w.org\/{rel}","templated":true}]}}