{"id":68624,"date":"2024-12-21T00:49:41","date_gmt":"2024-12-20T23:49:41","guid":{"rendered":"https:\/\/www.infokuryr.cz\/n\/?p=68624"},"modified":"2024-12-20T17:18:52","modified_gmt":"2024-12-20T16:18:52","slug":"orban-zapad-napumpoval-na-ukrajinu-pres-300-miliard-dolaru","status":"publish","type":"post","link":"https:\/\/www.infokuryr.cz\/n\/2024\/12\/21\/orban-zapad-napumpoval-na-ukrajinu-pres-300-miliard-dolaru\/","title":{"rendered":"Orb\u00e1n: Z\u00e1pad napumpoval na Ukrajinu p\u0159es 300 miliard dolar\u016f"},"content":{"rendered":"<div id=\"fb-root\"><\/div>\n<p><span style=\"font-size: 18pt;\"><strong>Pen\u00edze vynalo\u017een\u00e9 na financov\u00e1n\u00ed v\u00e1lky mohly v EU \u201eud\u011blat divy\u201c, tvrdil ma\u010farsk\u00fd premi\u00e9r<\/strong><\/span><\/p>\n<p><span>Od eskalace ukrajinsk\u00e9ho konfliktu v roce 2022 poskytly USA a EU Kyjevu finan\u010dn\u00ed pomoc a vojenskou pomoc p\u0159es 300 miliard dolar\u016f, uvedl ma\u010farsk\u00fd premi\u00e9r Viktor Orb\u00e1n.<\/span><\/p>\n<p><span>Tak obrovsk\u00e9 mno\u017estv\u00ed pen\u011bz\u00a0<\/span><em><span>\u201emohlo ud\u011blat z\u00e1zraky\u201c,<\/span><\/em><span>\u00a0kdyby byly vynalo\u017eeny na zlep\u0161en\u00ed \u017eivota lid\u00ed v EU, \u0159ekl v p\u00e1tek v rozhovoru pro rozhlas Kossuth.<\/span><\/p>\n<p><span>Orb\u00e1n zd\u016fraznil vyv\u00edjej\u00edc\u00ed se vojenskou situaci a poznamenal, \u017ee\u00a0<\/span><em><span>\u201erovnov\u00e1ha sil v p\u0159edn\u00edch lini\u00edch se den ode dne m\u011bn\u00ed\u201c<\/span><\/em><span>\u00a0ve prosp\u011bch Ruska. Pouk\u00e1zal tak\u00e9 na politick\u00e9 zm\u011bny o\u010dek\u00e1van\u00e9 v USA po n\u00e1vratu Donalda Trumpa do B\u00edl\u00e9ho domu p\u0159\u00ed\u0161t\u00ed m\u011bs\u00edc.<\/span><\/p>\n<p><span>Tento v\u00fdvoj vy\u017eaduje, aby vedouc\u00ed p\u0159edstavitel\u00e9 v hlavn\u00edch m\u011bstech EU p\u0159ijali pragmati\u010dt\u011bj\u0161\u00ed p\u0159\u00edstup k zaji\u0161t\u011bn\u00ed stability a ekonomick\u00e9 odolnosti v r\u00e1mci bloku, domn\u00edv\u00e1 se Orban. Premi\u00e9r v\u0161ak tvrdil, \u017ee Brusel z\u016fst\u00e1v\u00e1 mimo kontakt s glob\u00e1ln\u00ed realitou, a pouk\u00e1zal na ned\u00e1vn\u00e9 rozhodnut\u00ed Evropsk\u00e9ho parlamentu nad\u00e1le pos\u00edlat zna\u010dn\u00e9 finan\u010dn\u00ed prost\u0159edky do Kyjeva \u2013 tento krok ozna\u010dil za jasn\u00fd p\u0159\u00edklad nespr\u00e1vn\u011b um\u00edst\u011bn\u00fdch priorit.<\/span><\/p>\n<p><em><span>\u201eB\u011bhem vyjedn\u00e1v\u00e1n\u00ed s Ameri\u010dany jsem dostal \u00fadaj, \u017ee Evropa a Amerika dosud dohromady utratily 310 miliard eur. To jsou obrovsk\u00e1 \u010d\u00edsla!&#8220;<\/span><\/em><span>\u00a0zd\u016fraznil ma\u010farsk\u00fd premi\u00e9r.<\/span><\/p>\n<p><span>Tvrdil, \u017ee stovky miliard eur, kter\u00e9 ji\u017e byly vynalo\u017eeny na financov\u00e1n\u00ed konfliktu, mohly b\u00fdt pou\u017eity na pos\u00edlen\u00ed evropsk\u00e9 infrastruktury, na rozvoj zem\u00ed z\u00e1padn\u00edho Balk\u00e1nu na \u00farove\u0148 EU nebo na pos\u00edlen\u00ed vojensk\u00fdch kapacit. Tato\u00a0<\/span><em><span>\u201eobrovsk\u00e1\u201c<\/span><\/em><span>\u00a0\u010d\u00e1stka pen\u011bz mohla b\u00fdt poskytnuta Evropan\u016fm, aby se lidem mnohem l\u00e9pe \u017eilo, uzav\u0159el ma\u010farsk\u00fd l\u00eddr.<\/span><\/p>\n<p><span>Rusko opakovan\u011b varovalo, \u017ee \u017e\u00e1dn\u00e9 mno\u017estv\u00ed z\u00e1padn\u00ed pomoci nezabr\u00e1n\u00ed jeho voj\u00e1k\u016fm v dosa\u017een\u00ed c\u00edl\u016f vojensk\u00e9 operace ani nezm\u011bn\u00ed kone\u010dn\u00fd v\u00fdsledek konfliktu. T\u00edm, \u017ee podporuj\u00ed Kyjev, jen prodlu\u017euj\u00ed konflikt, argumentovala Moskva.<\/span><\/p>\n<p><span>Za\u010d\u00e1tkem tohoto m\u011bs\u00edce Orb\u00e1n navrhl v\u00e1no\u010dn\u00ed p\u0159\u00edm\u011b\u0159\u00ed mezi Ukrajinou a Ruskem a ozna\u010dil to za posledn\u00ed pokus zprost\u0159edkovat diplomatick\u00e9 \u0159e\u0161en\u00ed konfliktu. N\u00e1pad vznesl do Kyjeva a Moskvy a tak\u00e9 Trumpovi, se kter\u00fdm se osobn\u011b setkal ve sv\u00e9m s\u00eddle na Florid\u011b.<\/span><\/p>\n<p><span>Mluv\u010d\u00ed Kremlu Dmitrij Peskov \u0159ekl, \u017ee Moskva\u00a0<\/span><em><span>\u201epln\u011b podporuje Orb\u00e1novo \u00fasil\u00ed zam\u011b\u0159en\u00e9 na nalezen\u00ed m\u00edrov\u00e9ho urovn\u00e1n\u00ed a vy\u0159e\u0161en\u00ed humanit\u00e1rn\u00edch ot\u00e1zek souvisej\u00edc\u00edch s v\u00fdm\u011bnou v\u011bz\u0148\u016f\u201c.<\/span><\/em><\/p>\n<p><span>Ukrajinsk\u00fd v\u016fdce Vladimir Zelenskyj v\u0161ak nab\u00eddku Budape\u0161ti odm\u00edtl.<\/span><\/p>\n<p><img decoding=\"async\" loading=\"lazy\" class=\"alignnone size-full wp-image-1185\" src=\"http:\/\/www.infokuryr.cz\/n\/wp-content\/uploads\/2021\/04\/kuryr-podpis.png\" alt=\"\" width=\"84\" height=\"24\" \/><\/p>\n<p>&nbsp;<\/p>\n","protected":false},"excerpt":{"rendered":"<p>Pen\u00edze vynalo\u017een\u00e9 na financov\u00e1n\u00ed v\u00e1lky mohly v EU \u201eud\u011blat divy\u201c, tvrdil ma\u010farsk\u00fd premi\u00e9r Od eskalace&#8230;<\/p>\n","protected":false},"author":2,"featured_media":68625,"comment_status":"closed","ping_status":"closed","sticky":false,"template":"","format":"standard","meta":[],"categories":[7],"tags":[604,439,26,365],"_links":{"self":[{"href":"https:\/\/www.infokuryr.cz\/n\/wp-json\/wp\/v2\/posts\/68624"}],"collection":[{"href":"https:\/\/www.infokuryr.cz\/n\/wp-json\/wp\/v2\/posts"}],"about":[{"href":"https:\/\/www.infokuryr.cz\/n\/wp-json\/wp\/v2\/types\/post"}],"author":[{"embeddable":true,"href":"https:\/\/www.infokuryr.cz\/n\/wp-json\/wp\/v2\/users\/2"}],"replies":[{"embeddable":true,"href":"https:\/\/www.infokuryr.cz\/n\/wp-json\/wp\/v2\/comments?post=68624"}],"version-history":[{"count":0,"href":"https:\/\/www.infokuryr.cz\/n\/wp-json\/wp\/v2\/posts\/68624\/revisions"}],"wp:featuredmedia":[{"embeddable":true,"href":"https:\/\/www.infokuryr.cz\/n\/wp-json\/wp\/v2\/media\/68625"}],"wp:attachment":[{"href":"https:\/\/www.infokuryr.cz\/n\/wp-json\/wp\/v2\/media?parent=68624"}],"wp:term":[{"taxonomy":"category","embeddable":true,"href":"https:\/\/www.infokuryr.cz\/n\/wp-json\/wp\/v2\/categories?post=68624"},{"taxonomy":"post_tag","embeddable":true,"href":"https:\/\/www.infokuryr.cz\/n\/wp-json\/wp\/v2\/tags?post=68624"}],"curies":[{"name":"wp","href":"https:\/\/api.w.org\/{rel}","templated":true}]}}