{"id":68619,"date":"2024-12-21T00:40:48","date_gmt":"2024-12-20T23:40:48","guid":{"rendered":"https:\/\/www.infokuryr.cz\/n\/?p=68619"},"modified":"2024-12-20T15:25:14","modified_gmt":"2024-12-20T14:25:14","slug":"jiri-vyvadil-vladimir-putin-nema-konkurenci","status":"publish","type":"post","link":"https:\/\/www.infokuryr.cz\/n\/2024\/12\/21\/jiri-vyvadil-vladimir-putin-nema-konkurenci\/","title":{"rendered":"Ji\u0159\u00ed Vyvadil: Vladim\u00edr Putin nem\u00e1 konkurenci"},"content":{"rendered":"<div id=\"fb-root\"><\/div>\n<p><strong>V\u010dera jsem si na chv\u00edli pustil \u010d\u00e1st Putinova vystoupen\u00ed z jeho d\u0159\u00edve ka\u017edoro\u010dn\u00edho p\u0159edv\u00e1no\u010dn\u00edho vystoupen\u00ed (minul\u00fd rok jej vypustil). A p\u0159i uv\u011bdom\u011bn\u00ed se, jakou kreaturu m\u00e1 nyn\u00ed \u010cesk\u00e1 republika za prezidenta a jak \u017ealostn\u011b popadali Putinovi nejv\u011bt\u0161\u00ed z\u00e1padn\u00ed konkurenti Biden, Macron, Scholz se mi potvrdil m\u016fj mnohalet\u00fd n\u00e1zor: \u201eTo je m\u016fj prezident\u201c<\/strong><\/p>\n<p style=\"font-weight: 400;\">Putin byl v\u010dera jako v\u017edy dokonale orientovan\u00fd a m\u011bl neskute\u010dnou v\u00fddr\u017e. Vydr\u017eet p\u0159es \u010dty\u0159i hodiny ve vynikaj\u00edc\u00ed kondici s\u00a0\u00fasm\u011bvem a p\u0159ehledem odpov\u00eddat na v\u0161echny ot\u00e1zky s\u00a0pouhou propiskou a pap\u00edrem v\u00a0ruce, v\u010detn\u011b uv\u00e1d\u011bn\u00ed\u00a0\u00a0p\u0159esn\u00fdch \u00fadaj\u016f, bylo obdivuhodn\u00e9. Jist\u011b, p\u0159\u00edprava takov\u00e9 akce mus\u00ed b\u00fdt dokonal\u00e1, tak aby se dostalo s\u00a0ot\u00e1zkami, pokud mo\u017eno na v\u0161echny region\u00e1ln\u00ed oblasti, ale i na z\u00e1padn\u00ed m\u00e9dia, co\u017e z\u00e1padn\u00ed \u201edemokrati\u010dt\u00ed\u201c politici sami \u201edemokraticky\u201c nep\u0159ipou\u0161t\u00ed. Proto\u017ee ji\u017e p\u0159edt\u00edm byly dotazy shroma\u017e\u010fov\u00e1ny i percentu\u00e1ln\u011b z\u00a0hlediska oblasti z\u00e1jmu, bylo i jasn\u00e9, kam budou m\u00ed\u0159it.<\/p>\n<p style=\"font-weight: 400;\">Sv\u00e9ho \u010dasu americk\u00fd \u010dty\u0159hv\u011bzdi\u010dkov\u00fd gener\u00e1l Westley Clark, a mimochodem t\u00e9\u017e v\u00a0jedn\u00e9 chv\u00edli kandid\u00e1t na prezidenta za americk\u00e9 demokraty, dokud ho nenahradila\u00a0\u00a0Clintonov\u00e1, kter\u00e1 tehdy n\u00e1sledn\u011b prohr\u00e1la\u00a0\u00a0pr\u00e1v\u011b s\u00a0Trumpem, uvedl na po\u010d\u00e1tku rusk\u00e9 speci\u00e1ln\u00ed operace, \u017ee Vladim\u00edr Putin je nejzku\u0161en\u011bj\u0161\u00edm sv\u011btov\u00fdm politikem a \u017ee s\u00a0nejv\u011bt\u0161\u00ed pravd\u011bpodobnost\u00ed zv\u00edt\u011bz\u00ed. M\u016fj n\u00e1zor je s\u00a0panem gener\u00e1lem naprosto shodn\u00fd.<\/p>\n<p style=\"font-weight: 400;\">Vladim\u00edr Putin je pokerov\u00fd hr\u00e1\u010d a um\u00ed si v\u011bci pro sebe, pro Rusko, ale i rozumn\u011bj\u0161\u00ed sv\u011bt vypo\u010d\u00edtat a podle toho jednat.<\/p>\n<p style=\"font-weight: 400;\">V\u00a0naprost\u00e9m klidu je schopen vyrovnat s\u00a0por\u00e1\u017ekami,\u00a0\u00a0i kdy\u017e vypadaj\u00ed fat\u00e1ln\u011b.<\/p>\n<p style=\"font-weight: 400;\">V\u00a0z\u00e1sad\u011b v\u00ed, \u017ee sv\u011bt v\u00a0sou\u010dasn\u00e9 dob\u011b je zcela ovl\u00e1d\u00e1n v\u00e1lkou Z\u00e1padu proti Rusku a Z\u00e1pad pokl\u00e1d\u00e1 za ot\u00e1zku sv\u00e9 strategick\u00e9 budoucnosti Rusko porazit. Po\u010d\u00edt\u00e1 s\u00a0t\u00edm.<\/p>\n<p style=\"font-weight: 400;\">Z\u00e1kladn\u00edm boji\u0161t\u011bm se st\u00e1v\u00e1 Ukrajina, kde cel\u00e9 NATO a cel\u00e1 EU unie se postavily na zadn\u00ed, odm\u00edtaj\u00ed m\u00edr s\u00a0Ruskem, proto\u017ee by to znamenalo, \u017ee t\u0159i roky boje o udr\u017een\u00ed z\u00e1padn\u00ed dominance by p\u0159i\u0161lo vnive\u010d.<\/p>\n<p style=\"font-weight: 400;\">Donald Trump nem\u00e1 tak rozs\u00e1hl\u00e9 analytick\u00e9 my\u0161len\u00ed jako Putin, ale vzdor tomu, jak nap\u0159\u00edklad ka\u017ed\u00e9mu vyhro\u017euje cly \u010di p\u0159\u00edpadn\u011b ekonomick\u00fdmi sankcemi, je zap\u0159is\u00e1hl\u00fdm nep\u0159\u00edtelem re\u00e1ln\u00fdch krvav\u00fdch v\u00e1lek. M\u00e1 stoprocentn\u011b pravdu, \u017ee kdyby byl prezidentem v roce 2022, rozhodn\u011b by Putin nespustil ukrajinskou invazi. Ale ne proto, \u017ee by se Trumpa b\u00e1l, jak Donald r\u00e1d s oblibou a velik\u00e1\u0161sky tvrd\u00ed, ale proto, \u017ee Trump, kter\u00fd NATO rozhodn\u011b nemus\u00ed, by r\u00e1d souhlasil s po\u017eadavkem Putina, \u017ee se Ukrajina\u00a0\u00a0nikdy \u010dlenem NATO nestane.<\/p>\n<p style=\"font-weight: 400;\">\u010clov\u011bk by si myslel, \u017ee Bidenovo v\u00e1le\u010dn\u00e9 \u0161tvan\u00ed skon\u010d\u00ed s\u00a0p\u00e1dem t\u00e9to zoufal\u00e9 postavy americk\u00fdch d\u011bjin.<\/p>\n<p style=\"font-weight: 400;\">Opak je bohu\u017eel pravdou.<\/p>\n<p style=\"font-weight: 400;\">V\u010dera summit evropsk\u00fdch l\u00eddr\u016f EU p\u0159evzalo Bidenovu t\u00e9zi o neochv\u011bjn\u00e9\u00a0\u00a0pomoci Ukrajin\u011b, dokud to bude pot\u0159eba, \u010dili p\u0159elo\u017eeno do nekone\u010dna, a p\u0159ikleplo dal\u0161\u00edch\u00a0\u00a030 mld. eur.<\/p>\n<p style=\"font-weight: 400;\">V\u017edy jsem tvrdil, \u017ee p\u0159ijde \u010das, kdy Trump a Putin budou spole\u010dn\u011b sv\u011btu vl\u00e1dnout a maj\u00ed k\u00a0tomu skv\u011bl\u00e9 p\u0159edpoklady.<\/p>\n<p style=\"font-weight: 400;\">Oba dva jsou nejorigin\u00e1ln\u011bj\u0161\u00edmi st\u00e1tn\u00edky doby a sv\u00e9ho odli\u0161n\u00e9ho geopolitick\u00e9ho prostoru.<\/p>\n<p style=\"font-weight: 400;\">Putinovo Rusko za t\u0159i roky invaze neskute\u010dn\u011b vojensky i ekonomicky pos\u00edlilo. Prakticky ka\u017ed\u00fd den postupuje o n\u011bkolik kilometr\u016f \u010dtvere\u010dn\u00fdch na Don\u011bcku a \u010dist\u00ed i s\u00a0pomoc\u00ed severokorejsk\u00fdch \u201e\u010f\u00e1bl\u016f\u201c Kursko. Podle MMF se posunulo za t\u0159i roky ekonomicky v\u00a0HDP na \u010dtvrt\u00e9\u00a0\u00a0m\u00edsto za USA, \u010c\u00ednu a Indii. Na Z\u00e1pad\u011b je zavr\u017eeno. No a co? Zb\u00fdvaj\u00edc\u00ed \u010d\u00e1st sv\u011bta, zejm\u00e9na ta protibidenovsk\u00e1 ho pln\u011b respektuje a bere za sv\u00e9ho mstitele.<\/p>\n<p style=\"font-weight: 400;\">Evrop\u0161t\u00ed politici a analytici rozhodli, \u017ee k\u00a0vyjedn\u00e1v\u00e1n\u00ed mezi Ukrajinou a Ruskem m\u00e1 doj\u00edt a\u017e bude Ukrajina natolik siln\u00e1, \u017ee bude moci vyjedn\u00e1vat z\u00a0pozice s\u00edly, co\u017e \u010dili fakticky z amen\u00e1 nikdy. T\u00edm se kategoricky postavili proti Trumpovu pl\u00e1nu na ukon\u010den\u00ed konfliktu v\u00a0nejkrat\u0161\u00ed dob\u011b. Cel\u00e9 NATO a cel\u00e1 EU se stav\u00ed proti nastupuj\u00edc\u00ed hlav\u011b USA.<\/p>\n<p style=\"font-weight: 400;\">V\u00fdborn\u011b, tak\u00e9 \u0159e\u0161en\u00ed. Trump se bude muset za\u0159\u00eddit a on se za\u0159\u00edd\u00ed.<\/p>\n<p style=\"font-weight: 400;\">Ale za\u0159\u00edd\u00ed se samoz\u0159ejm\u011b i Putin. Zcela jist\u011b, tak jako doposud,\u00a0\u00a0bude pokra\u010dovat ve sv\u00e9 trajektologii por\u00e1\u017eky Ukrajiny.<\/p>\n<p style=\"font-weight: 400;\">Net\u0159eba vyjedn\u00e1vat, kdy\u017e bude Ukrajina a t\u00edm i tento Z\u00e1pad pora\u017eena.<\/p>\n<p style=\"font-weight: 400;\">Vy\u0159e\u0161eno.<\/p>\n<p style=\"font-weight: 400;\">A to je mimochodem st\u00e1le nejpravd\u011bpodobn\u011bj\u0161\u00ed v\u00fdsledek konfliktu, kter\u00fd si st\u00e1le slep\u011b bindenovsk\u00fd\u00a0\u00a0Z\u00e1pad, pln\u011b zaslou\u017e\u00ed.<\/p>\n<p style=\"font-weight: 400;\">A potom se n\u011bkdy se mohou p\u00e1nov\u00e9 Putin i Trump setkat. Ka\u017ed\u00fd za svou osobu v\u00edt\u011bzem.<\/p>\n<p><a href=\"https:\/\/vasevec.info\/komentare\/jiri-vyvadil-vladimir-putin-nema-konkurenci\">Ji\u0159\u00ed Vyvadil<\/a><\/p>\n<p><img decoding=\"async\" loading=\"lazy\" class=\"alignnone size-medium wp-image-16474\" src=\"http:\/\/www.infokuryr.cz\/n\/wp-content\/uploads\/2022\/10\/jiri-vyvadil-300x200.jpg\" alt=\"\" width=\"300\" height=\"200\" srcset=\"https:\/\/www.infokuryr.cz\/n\/wp-content\/uploads\/2022\/10\/jiri-vyvadil-300x200.jpg 300w, https:\/\/www.infokuryr.cz\/n\/wp-content\/uploads\/2022\/10\/jiri-vyvadil-768x512.jpg 768w, https:\/\/www.infokuryr.cz\/n\/wp-content\/uploads\/2022\/10\/jiri-vyvadil.jpg 800w\" sizes=\"(max-width: 300px) 100vw, 300px\" \/><\/p>\n<p>&nbsp;<\/p>\n","protected":false},"excerpt":{"rendered":"<p>V\u010dera jsem si na chv\u00edli pustil \u010d\u00e1st Putinova vystoupen\u00ed z jeho d\u0159\u00edve ka\u017edoro\u010dn\u00edho p\u0159edv\u00e1no\u010dn\u00edho vystoupen\u00ed&#8230;<\/p>\n","protected":false},"author":2,"featured_media":66729,"comment_status":"closed","ping_status":"closed","sticky":false,"template":"","format":"standard","meta":[],"categories":[6],"tags":[7873,273,102,1370],"_links":{"self":[{"href":"https:\/\/www.infokuryr.cz\/n\/wp-json\/wp\/v2\/posts\/68619"}],"collection":[{"href":"https:\/\/www.infokuryr.cz\/n\/wp-json\/wp\/v2\/posts"}],"about":[{"href":"https:\/\/www.infokuryr.cz\/n\/wp-json\/wp\/v2\/types\/post"}],"author":[{"embeddable":true,"href":"https:\/\/www.infokuryr.cz\/n\/wp-json\/wp\/v2\/users\/2"}],"replies":[{"embeddable":true,"href":"https:\/\/www.infokuryr.cz\/n\/wp-json\/wp\/v2\/comments?post=68619"}],"version-history":[{"count":0,"href":"https:\/\/www.infokuryr.cz\/n\/wp-json\/wp\/v2\/posts\/68619\/revisions"}],"wp:featuredmedia":[{"embeddable":true,"href":"https:\/\/www.infokuryr.cz\/n\/wp-json\/wp\/v2\/media\/66729"}],"wp:attachment":[{"href":"https:\/\/www.infokuryr.cz\/n\/wp-json\/wp\/v2\/media?parent=68619"}],"wp:term":[{"taxonomy":"category","embeddable":true,"href":"https:\/\/www.infokuryr.cz\/n\/wp-json\/wp\/v2\/categories?post=68619"},{"taxonomy":"post_tag","embeddable":true,"href":"https:\/\/www.infokuryr.cz\/n\/wp-json\/wp\/v2\/tags?post=68619"}],"curies":[{"name":"wp","href":"https:\/\/api.w.org\/{rel}","templated":true}]}}