{"id":68500,"date":"2024-12-19T05:24:06","date_gmt":"2024-12-19T04:24:06","guid":{"rendered":"https:\/\/www.infokuryr.cz\/n\/?p=68500"},"modified":"2024-12-19T05:24:06","modified_gmt":"2024-12-19T04:24:06","slug":"pri-srazce-lodi-indickeho-namornictva-s-trajektem-zahynulo-13-lidi","status":"publish","type":"post","link":"https:\/\/www.infokuryr.cz\/n\/2024\/12\/19\/pri-srazce-lodi-indickeho-namornictva-s-trajektem-zahynulo-13-lidi\/","title":{"rendered":"P\u0159i sr\u00e1\u017ece lodi indick\u00e9ho n\u00e1mo\u0159nictva s trajektem zahynulo 13 lid\u00ed"},"content":{"rendered":"<div id=\"fb-root\"><\/div>\n<p><span style=\"font-size: 18pt;\"><strong>Vojensk\u00fd motorov\u00fd \u010dlun podle n\u00e1mo\u0159nictva narazil do osobn\u00ed lodi plnou rychlost\u00ed kv\u016fli poru\u0161e motoru<\/strong><\/span><\/p>\n<p><span>V\u00edce ne\u017e tucet lid\u00ed, v\u010detn\u011b t\u0159\u00ed n\u00e1mo\u0159n\u00edk\u016f, zem\u0159elo po sr\u00e1\u017ece mezi indick\u00fdm n\u00e1mo\u0159n\u00edm motorov\u00fdm \u010dlunem a osobn\u00edm trajektem, kter\u00fd ve st\u0159edu m\u00ed\u0159il do obl\u00edben\u00e9 turistick\u00e9 destinace u pob\u0159e\u017e\u00ed Bombaje.<\/span><\/p>\n<p><span>K incidentu do\u0161lo kolem 16:00 pot\u00e9, co motorov\u00fd \u010dlun s p\u011bti osobami ztratil kontrolu b\u011bhem zkou\u0161ek motoru a srazil se se soukrom\u00fdm trajektem, kter\u00fd p\u0159ev\u00e1\u017eel v\u00edce ne\u017e 110 cestuj\u00edc\u00edch. V d\u016fsledku toho bylo podle \u00fa\u0159ad\u016f zabito nejm\u00e9n\u011b 13 lid\u00ed.<\/span><\/p>\n<p><span>Z\u00e1b\u011bry incidentu zve\u0159ejn\u011bn\u00e9 online ukazuj\u00ed, jak motorov\u00fd \u010dlun krou\u017e\u00ed, ne\u017e naraz\u00ed do trajektu.<\/span><\/p>\n<p><span>Z\u00e1chrann\u00e9 operace byly rychl\u00e9 a rozs\u00e1hl\u00e9, podle m\u00edstn\u00edch m\u00e9di\u00ed se jich z\u00fa\u010dastnilo 11 \u010dlun\u016f n\u00e1mo\u0159nictva, t\u0159i \u010dluny n\u00e1mo\u0159n\u00ed policie, plavidlo pob\u0159e\u017en\u00ed str\u00e1\u017ee a \u010dty\u0159i vrtuln\u00edky. Person\u00e1l z r\u016fzn\u00fdch agentur, v\u010detn\u011b policie, p\u0159\u00edstavn\u00ed spr\u00e1vy Jawaharlal Nehru a m\u00edstn\u00edch ryb\u00e1\u0159\u016f, se tak\u00e9 \u00fa\u010dastnil p\u00e1tr\u00e1n\u00ed a z\u00e1chrany.<\/span><\/p>\n<div class=\"rtcode\">\n<div class=\"twitter-tweet twitter-tweet-rendered\"><iframe id=\"twitter-widget-0\" class=\"\" title=\"P\u0159\u00edsp\u011bvek X\" src=\"https:\/\/platform.twitter.com\/embed\/Tweet.html?creatorScreenName=RT_com&amp;dnt=false&amp;embedId=twitter-widget-0&amp;features=eyJ0ZndfdGltZWxpbmVfbGlzdCI6eyJidWNrZXQiOltdLCJ2ZXJzaW9uIjpudWxsfSwidGZ3X2ZvbGxvd2VyX2NvdW50X3N1bnNldCI6eyJidWNrZXQiOnRydWUsInZlcnNpb24iOm51bGx9LCJ0ZndfdHdlZXRfZWRpdF9iYWNrZW5kIjp7ImJ1Y2tldCI6Im9uIiwidmVyc2lvbiI6bnVsbH0sInRmd19yZWZzcmNfc2Vzc2lvbiI6eyJidWNrZXQiOiJvbiIsInZlcnNpb24iOm51bGx9LCJ0ZndfZm9zbnJfc29mdF9pbnRlcnZlbnRpb25zX2VuYWJsZWQiOnsiYnVja2V0Ijoib24iLCJ2ZXJzaW9uIjpudWxsfSwidGZ3X21peGVkX21lZGlhXzE1ODk3Ijp7ImJ1Y2tldCI6InRyZWF0bWVudCIsInZlcnNpb24iOm51bGx9LCJ0ZndfZXhwZXJpbWVudHNfY29va2llX2V4cGlyYXRpb24iOnsiYnVja2V0IjoxMjA5NjAwLCJ2ZXJzaW9uIjpudWxsfSwidGZ3X3Nob3dfYmlyZHdhdGNoX3Bpdm90c19lbmFibGVkIjp7ImJ1Y2tldCI6Im9uIiwidmVyc2lvbiI6bnVsbH0sInRmd19kdXBsaWNhdGVfc2NyaWJlc190b19zZXR0aW5ncyI6eyJidWNrZXQiOiJvbiIsInZlcnNpb24iOm51bGx9LCJ0ZndfdXNlX3Byb2ZpbGVfaW1hZ2Vfc2hhcGVfZW5hYmxlZCI6eyJidWNrZXQiOiJvbiIsInZlcnNpb24iOm51bGx9LCJ0ZndfdmlkZW9faGxzX2R5bmFtaWNfbWFuaWZlc3RzXzE1MDgyIjp7ImJ1Y2tldCI6InRydWVfYml0cmF0ZSIsInZlcnNpb24iOm51bGx9LCJ0ZndfbGVnYWN5X3RpbWVsaW5lX3N1bnNldCI6eyJidWNrZXQiOnRydWUsInZlcnNpb24iOm51bGx9LCJ0ZndfdHdlZXRfZWRpdF9mcm9udGVuZCI6eyJidWNrZXQiOiJvbiIsInZlcnNpb24iOm51bGx9fQ%3D%3D&amp;frame=false&amp;hideCard=false&amp;hideThread=false&amp;id=1869432274523173312&amp;lang=cs&amp;maxWidth=560px&amp;origin=https%3A%2F%2Fswentr.site%2Findia%2F609568-mumbai-navy-boat-ferry%2F&amp;sessionId=4d987493c377ca7904d2e6f1b5d9f168a4b77473&amp;siteScreenName=RT_com&amp;theme=light&amp;widgetsVersion=2615f7e52b7e0%3A1702314776716&amp;width=550px\" frameborder=\"0\" scrolling=\"no\" allowfullscreen=\"allowfullscreen\" data-tweet-id=\"1869432274523173312\" data-mce-fragment=\"1\"><\/iframe><\/div>\n<\/div>\n<p><span>Podle hlavn\u00edho ministra st\u00e1tu Mah\u00e1r\u00e1\u0161tra Devendry Fadnavise se do st\u0159edy poda\u0159ilo z vody zachr\u00e1nit 101 lid\u00ed, p\u0159i\u010dem\u017e \u010dty\u0159i jedinci byli hospitalizov\u00e1ni v kritick\u00e9m stavu.<\/span><\/p>\n<div class=\"rtcode\">\n<div class=\"twitter-tweet twitter-tweet-rendered\"><iframe id=\"twitter-widget-1\" class=\"\" title=\"P\u0159\u00edsp\u011bvek X\" src=\"https:\/\/platform.twitter.com\/embed\/Tweet.html?creatorScreenName=RT_com&amp;dnt=false&amp;embedId=twitter-widget-1&amp;features=eyJ0ZndfdGltZWxpbmVfbGlzdCI6eyJidWNrZXQiOltdLCJ2ZXJzaW9uIjpudWxsfSwidGZ3X2ZvbGxvd2VyX2NvdW50X3N1bnNldCI6eyJidWNrZXQiOnRydWUsInZlcnNpb24iOm51bGx9LCJ0ZndfdHdlZXRfZWRpdF9iYWNrZW5kIjp7ImJ1Y2tldCI6Im9uIiwidmVyc2lvbiI6bnVsbH0sInRmd19yZWZzcmNfc2Vzc2lvbiI6eyJidWNrZXQiOiJvbiIsInZlcnNpb24iOm51bGx9LCJ0ZndfZm9zbnJfc29mdF9pbnRlcnZlbnRpb25zX2VuYWJsZWQiOnsiYnVja2V0Ijoib24iLCJ2ZXJzaW9uIjpudWxsfSwidGZ3X21peGVkX21lZGlhXzE1ODk3Ijp7ImJ1Y2tldCI6InRyZWF0bWVudCIsInZlcnNpb24iOm51bGx9LCJ0ZndfZXhwZXJpbWVudHNfY29va2llX2V4cGlyYXRpb24iOnsiYnVja2V0IjoxMjA5NjAwLCJ2ZXJzaW9uIjpudWxsfSwidGZ3X3Nob3dfYmlyZHdhdGNoX3Bpdm90c19lbmFibGVkIjp7ImJ1Y2tldCI6Im9uIiwidmVyc2lvbiI6bnVsbH0sInRmd19kdXBsaWNhdGVfc2NyaWJlc190b19zZXR0aW5ncyI6eyJidWNrZXQiOiJvbiIsInZlcnNpb24iOm51bGx9LCJ0ZndfdXNlX3Byb2ZpbGVfaW1hZ2Vfc2hhcGVfZW5hYmxlZCI6eyJidWNrZXQiOiJvbiIsInZlcnNpb24iOm51bGx9LCJ0ZndfdmlkZW9faGxzX2R5bmFtaWNfbWFuaWZlc3RzXzE1MDgyIjp7ImJ1Y2tldCI6InRydWVfYml0cmF0ZSIsInZlcnNpb24iOm51bGx9LCJ0ZndfbGVnYWN5X3RpbWVsaW5lX3N1bnNldCI6eyJidWNrZXQiOnRydWUsInZlcnNpb24iOm51bGx9LCJ0ZndfdHdlZXRfZWRpdF9mcm9udGVuZCI6eyJidWNrZXQiOiJvbiIsInZlcnNpb24iOm51bGx9fQ%3D%3D&amp;frame=false&amp;hideCard=false&amp;hideThread=false&amp;id=1869420540433256591&amp;lang=cs&amp;origin=https%3A%2F%2Fswentr.site%2Findia%2F609568-mumbai-navy-boat-ferry%2F&amp;sessionId=4d987493c377ca7904d2e6f1b5d9f168a4b77473&amp;siteScreenName=RT_com&amp;theme=light&amp;widgetsVersion=2615f7e52b7e0%3A1702314776716&amp;width=550px\" frameborder=\"0\" scrolling=\"no\" allowfullscreen=\"allowfullscreen\" data-tweet-id=\"1869420540433256591\" data-mce-fragment=\"1\"><\/iframe><\/div>\n<\/div>\n<p><span>Indick\u00e9 n\u00e1mo\u0159nictvo vyj\u00e1d\u0159ilo l\u00edtost nad\u00a0<\/span><em><span>\u201etragickou ztr\u00e1tou\u201c<\/span><\/em><span>\u00a0na \u017eivotech a vysv\u011btlilo, \u017ee jeho plavidlo\u00a0<\/span><em><span>\u201eztratilo kontrolu p\u0159i prov\u00e1d\u011bn\u00ed zkou\u0161ek motoru v Bombaji kv\u016fli poru\u0161e motoru. V d\u016fsledku toho se lo\u010f srazila s osobn\u00edm trajektem, kter\u00fd se n\u00e1sledn\u011b p\u0159evr\u00e1til.&#8220;<\/span><\/em><\/p>\n<p><span>Potopen\u00fd trajekt, pojmenovan\u00fd Neelkamal, byla soukrom\u00e1 lo\u010f p\u0159epravuj\u00edc\u00ed p\u0159ibli\u017en\u011b 110 lid\u00ed do jeskyn\u00ed Elephanta, obl\u00edben\u00e9ho turistick\u00e9ho c\u00edle a sv\u011btov\u00e9ho d\u011bdictv\u00ed UNESCO, jeho\u017e historie sah\u00e1 a\u017e do 5.\u20136. stolet\u00ed na\u0161eho letopo\u010dtu.<\/span><\/p>\n<p><span>Premi\u00e9r Narendra Modi vyj\u00e1d\u0159il soustrast rodin\u00e1m poz\u016fstal\u00fdch nad trag\u00e9di\u00ed.\u00a0<\/span><em><span>&#8222;Modl\u00edm se, aby se zran\u011bn\u00ed brzy uzdravili,&#8220;<\/span><\/em><span>\u00a0dodal v p\u0159\u00edsp\u011bvku na X a\u00a0<\/span><a href=\"https:\/\/x.com\/PMOIndia\/status\/1869424042094326207\" target=\"_blank\" rel=\"noopener noreferrer\"><span>ozn\u00e1mil<\/span><\/a><span>\u00a0ex-gratia platbu ve v\u00fd\u0161i 200 000 rupi\u00ed (2 350 $) pro nejbli\u017e\u0161\u00ed p\u0159\u00edbuzn\u00e9 ka\u017ed\u00e9ho zesnul\u00e9ho a 50 000 rupi\u00ed pro zran\u011bn\u00e9.<\/span><\/p>\n<p><img decoding=\"async\" loading=\"lazy\" class=\"alignnone size-full wp-image-1185\" src=\"http:\/\/www.infokuryr.cz\/n\/wp-content\/uploads\/2021\/04\/kuryr-podpis.png\" alt=\"\" width=\"84\" height=\"24\" \/><\/p>\n<p>&nbsp;<\/p>\n","protected":false},"excerpt":{"rendered":"<p>Vojensk\u00fd motorov\u00fd \u010dlun podle n\u00e1mo\u0159nictva narazil do osobn\u00ed lodi plnou rychlost\u00ed kv\u016fli poru\u0161e motoru V\u00edce&#8230;<\/p>\n","protected":false},"author":2,"featured_media":68501,"comment_status":"closed","ping_status":"closed","sticky":false,"template":"","format":"standard","meta":[],"categories":[7],"tags":[79,627,871,4510],"_links":{"self":[{"href":"https:\/\/www.infokuryr.cz\/n\/wp-json\/wp\/v2\/posts\/68500"}],"collection":[{"href":"https:\/\/www.infokuryr.cz\/n\/wp-json\/wp\/v2\/posts"}],"about":[{"href":"https:\/\/www.infokuryr.cz\/n\/wp-json\/wp\/v2\/types\/post"}],"author":[{"embeddable":true,"href":"https:\/\/www.infokuryr.cz\/n\/wp-json\/wp\/v2\/users\/2"}],"replies":[{"embeddable":true,"href":"https:\/\/www.infokuryr.cz\/n\/wp-json\/wp\/v2\/comments?post=68500"}],"version-history":[{"count":0,"href":"https:\/\/www.infokuryr.cz\/n\/wp-json\/wp\/v2\/posts\/68500\/revisions"}],"wp:featuredmedia":[{"embeddable":true,"href":"https:\/\/www.infokuryr.cz\/n\/wp-json\/wp\/v2\/media\/68501"}],"wp:attachment":[{"href":"https:\/\/www.infokuryr.cz\/n\/wp-json\/wp\/v2\/media?parent=68500"}],"wp:term":[{"taxonomy":"category","embeddable":true,"href":"https:\/\/www.infokuryr.cz\/n\/wp-json\/wp\/v2\/categories?post=68500"},{"taxonomy":"post_tag","embeddable":true,"href":"https:\/\/www.infokuryr.cz\/n\/wp-json\/wp\/v2\/tags?post=68500"}],"curies":[{"name":"wp","href":"https:\/\/api.w.org\/{rel}","templated":true}]}}