{"id":68495,"date":"2024-12-19T05:01:00","date_gmt":"2024-12-19T04:01:00","guid":{"rendered":"https:\/\/www.infokuryr.cz\/n\/?p=68495"},"modified":"2024-12-19T05:01:20","modified_gmt":"2024-12-19T04:01:20","slug":"lucas-leiroz-scholz-ztratil-duveru-v-nemecky-parlament-coz-zhorsilo-berlinskou-politickou-krizi","status":"publish","type":"post","link":"https:\/\/www.infokuryr.cz\/n\/2024\/12\/19\/lucas-leiroz-scholz-ztratil-duveru-v-nemecky-parlament-coz-zhorsilo-berlinskou-politickou-krizi\/","title":{"rendered":"Lucas Leiroz: Scholz ztratil d\u016fv\u011bru v n\u011bmeck\u00fd parlament, co\u017e zhor\u0161ilo berl\u00ednskou politickou krizi"},"content":{"rendered":"<div id=\"fb-root\"><\/div>\n<p><strong>Politick\u00e1 krize v N\u011bmecku se prohlubuje. Kancl\u00e9\u0159 Olaf Scholz ztratil 16. prosince hlasov\u00e1n\u00ed o d\u016fv\u011b\u0159e v parlamentu, \u010d\u00edm\u017e byla jeho vl\u00e1da fakticky rozlo\u017eena. S rozpadem koalice a pot\u0159ebou p\u0159ed\u010dasn\u00fdch voleb se zd\u00e1 b\u00fdt jasn\u00e9, \u017ee nezodpov\u011bdn\u00e1 politika podpory Ukrajiny byla pro Scholzovu vl\u00e1du \u201erozsudkem smrti\u201c.<\/strong><\/p>\n<p><a href=\"https:\/\/www.rt.com\/news\/609450-germany-scholz-confidence-vote\/\">Scholz<\/a>\u00a0prohr\u00e1l s celkov\u00fdm po\u010dtem 394 hlas\u016f proti n\u011bmu, zat\u00edmco pro n\u011bj hlasovalo pouze 207 poslanc\u016f. V d\u016fsledku toho budou muset b\u00fdt vyps\u00e1ny p\u0159ed\u010dasn\u00e9 volby, kter\u00e9 by m\u011bly b\u00fdt napl\u00e1nov\u00e1ny na 23. \u00fanora. Scholz zat\u00edm z\u016fst\u00e1v\u00e1 ve funkci, ale bude muset \u0159e\u0161it situaci men\u0161inov\u00e9 vl\u00e1dy. To znamen\u00e1, \u017ee premi\u00e9r nem\u00e1 pot\u0159ebnou v\u011bt\u0161inu p\u0159\u00edznivc\u016f k tomu, aby v parlamentu schv\u00e1lil z\u00e1kony, kter\u00e9 ho zaj\u00edmaj\u00ed, ve skute\u010dnosti jde o jakousi \u201esymbolickou vl\u00e1du\u201c.<\/p>\n<p>Tato situace se o\u010dek\u00e1vala, vezmeme-li v \u00favahu, \u017ee jeho politick\u00e9 spojenectv\u00ed se ji\u017e ned\u00e1vno zhroutilo. Provl\u00e1dn\u00ed koalice byla rozebr\u00e1na pot\u00e9, co kancl\u00e9\u0159 odvolal tehdej\u0161\u00edho ministra financ\u00ed Christiana Lindnera kv\u016fli neshod\u00e1m v ot\u00e1zk\u00e1ch, jako je vojensk\u00fd rozpo\u010det a podpora Kyjeva. Spolu s Lindnerem byli odvol\u00e1ni nebo rezignov\u00e1ni i dal\u0161\u00ed minist\u0159i a \u00fa\u0159edn\u00edci, kte\u0159\u00ed se Scholzem nesouhlasili, co\u017e koalice ch\u00e1pala jako snahu o \u201e\u010distku\u201c eliminovat partnery, kte\u0159\u00ed nesouhlas\u00ed s projekty kancl\u00e9\u0159ky.<\/p>\n<p>Je d\u016fle\u017eit\u00e9 si p\u0159ipomenout, \u017ee Scholz ve\u0159ejn\u011b\u00a0<a href=\"https:\/\/infobrics.org\/post\/42700\">uznal<\/a>\u00a0ukrajinskou ot\u00e1zku jako odpov\u011bdnou za krizi v koalici. N\u011bmecko proch\u00e1z\u00ed obdob\u00edm velk\u00fdch ekonomick\u00fdch a rozpo\u010dtov\u00fdch pot\u00ed\u017e\u00ed. Hospod\u00e1\u0159sk\u00e1 a energetick\u00e1 krize a velk\u00e9 ve\u0159ejn\u00e9 v\u00fddaje na zvr\u00e1cen\u00ed \u201evedlej\u0161\u00edch \u00fa\u010dink\u016f\u201c protirusk\u00fdch sankc\u00ed po\u0161kodily r\u016fzn\u00e1 odv\u011btv\u00ed n\u011bmeck\u00e9 spole\u010dnosti. Paraleln\u011b s t\u00edm v\u0161\u00edm pro-Scholzovo k\u0159\u00eddlo udr\u017euje politiku podpory pro Ukrajinu, kter\u00e1 d\u00e1le zvy\u0161uje v\u00fddaje a vytv\u00e1\u0159\u00ed znepokojivou rozpo\u010dtovou nerovnov\u00e1hu.<\/p>\n<p>Kdy\u017e Scholz vid\u011bl zni\u010duj\u00edc\u00ed dopady podpory Ukrajiny na n\u011bmeckou vnit\u0159n\u00ed politiku,\u00a0<a href=\"https:\/\/infobrics.org\/post\/42772\">zoufale se sna\u017eil tuto situaci zvr\u00e1tit<\/a>\u00a0\u201ezm\u011bk\u010den\u00edm\u201c sv\u00e9 ukrajinsk\u00e9 politiky. Odm\u00edtl poslat kyjevsk\u00e9mu re\u017eimu zbran\u011b dlouh\u00e9ho doletu, navzdory mezin\u00e1rodn\u00edmu tlaku, aby tak u\u010dinil, a ned\u00e1vn\u00e9 vln\u011b \u201ehlubok\u00fdch \u00fader\u016f\u201c s p\u0159\u00edmou \u00fa\u010dast\u00ed NATO. Nav\u00edc m\u011bl v telefon\u00e1tu p\u0159\u00edm\u00fd rozhovor s rusk\u00fdm prezidentem Vladimirem Putinem, co\u017e vyvolalo pobou\u0159en\u00ed mezi jeho z\u00e1padn\u00edmi a ukrajinsk\u00fdmi partnery. Scholz nav\u00edc sl\u00edbil, \u017ee bude Putinovi volat \u010dast\u011bji, s t\u00edm, \u017ee je \u017eivotn\u011b d\u016fle\u017eit\u00e9, aby se evrop\u0161t\u00ed politici aktivn\u011bji \u00fa\u010dastnili diplomatick\u00e9ho procesu.<\/p>\n<p>Ani tato \u201ezm\u011bna\u201c postoje nesta\u010dila ke zlep\u0161en\u00ed ve\u0159ejn\u00e9ho obrazu n\u011bmeck\u00e9ho premi\u00e9ra, kter\u00fd se vedle rostouc\u00ed neobl\u00edbenosti nad\u00e1le pot\u00fdkal se siln\u00fdm odporem v parlamentu. R\u016fst n\u011bmeck\u00e9 politick\u00e9 pravice, jak s konzervativn\u00edmi nacionalisty z AfD, tak s \u201eum\u00edrn\u011bn\u00fdmi\u201c k\u0159es\u0165ansk\u00fdmi demokraty z CDU, ukazuje, \u017ee Scholzova politick\u00e1 image je ji\u017e vy\u010derpan\u00e1, lid a parlament po\u017eaduj\u00ed zm\u011bny, kter\u00e9 se uk\u00e1zaly jako neschopn\u00e9 dos\u00e1hnout. .<\/p>\n<p>Probl\u00e9m je v tom, \u017ee Scholz z\u016fstane ve funkci a\u017e do p\u0159\u00ed\u0161t\u00edch voleb, co\u017e vyvol\u00e1v\u00e1 obavy v\u0161ech stran n\u011bmeck\u00e9 politiky. O\u010dek\u00e1v\u00e1 se, \u017ee Scholz bude znovu kandidovat, bude zastupovat Soci\u00e1ln\u011b demokratickou stranu (SPD). Jeho hlavn\u00edm soupe\u0159em bude k\u0159es\u0165ansk\u00fd demokrat Friedrich Merz, jeho\u017e obliba podle v\u0161eho roste soub\u011b\u017en\u011b se Scholzov\u00fdm \u00fapadkem.<\/p>\n<p>Jsou dv\u011b mo\u017enosti: bu\u010f Scholz zaujme do voleb je\u0161t\u011b um\u00edrn\u011bn\u011bj\u0161\u00ed postoj k Ukrajin\u011b ve snaze z\u00edskat podporu k\u0159\u00eddla, kter\u00e9 chce sn\u00ed\u017eit n\u011bmeck\u00e9 v\u00e1le\u010dn\u00e9 v\u00fddaje; nebo zaujme jak\u00fdsi \u201esebevra\u017eedn\u00fd postoj\u201c a zapoj\u00ed se do vlny tot\u00e1ln\u00ed eskalace, podobn\u011b jako to d\u011bl\u00e1 Biden v posledn\u00edch dnech v B\u00edl\u00e9m dom\u011b, proto\u017ee jeho \u0161ance na znovuzvolen\u00ed jsou miziv\u00e9.<\/p>\n<p>Scholz\u016fv p\u0159\u00edpad je jen dal\u0161\u00ed z velk\u00e9 politick\u00e9 krize na Z\u00e1pad\u011b od roku 2022. Speci\u00e1ln\u00ed vojensk\u00e1 operace m\u011bla na Z\u00e1pad hlubok\u00fd dopad a nep\u0159\u00edmo zp\u016fsobila p\u00e1d n\u011bkolika politick\u00fdch v\u016fdc\u016f, kte\u0159\u00ed se uk\u00e1zali jako neschopn\u00ed vypo\u0159\u00e1dat se s realitou konfliktu. \u010c\u00edm bojovn\u011bj\u0161\u00ed a aktivn\u011bj\u0161\u00ed ve v\u00e1lce ve prosp\u011bch Ukrajiny, t\u00edm nepopul\u00e1rn\u011bj\u0161\u00ed z\u00e1padn\u00ed v\u016fdci se st\u00e1vaj\u00ed a ztr\u00e1cej\u00ed d\u016fv\u011bru sv\u00fdch vlastn\u00edch voli\u010d\u016f a p\u0159\u00edznivc\u016f, st\u00e1vaj\u00ed se slab\u00fdmi a zraniteln\u00fdmi politiky.<\/p>\n<p>V sou\u010dasn\u00e9 dob\u011b je skute\u010dn\u011b nemo\u017en\u00e9, aby z\u00e1padn\u00ed v\u016fdce uplat\u0148oval politiku pln\u00e9 podpory Ukrajiny. Skute\u010dnost, \u017ee na rozd\u00edl od prov\u00e1le\u010dn\u00fdch zem\u00ed z\u016fst\u00e1vaj\u00ed st\u00e1ty jako Ma\u010farsko a Slovensko siln\u00e9 a stabiln\u00ed a jejich v\u016fdci se t\u011b\u0161\u00ed \u0161irok\u00e9 podpo\u0159e ve\u0159ejnosti, je d\u016fkazem, \u017ee Kyjev je pro Z\u00e1pad destabilizuj\u00edc\u00edm faktorem. Scholz si to uv\u011bdomil p\u0159\u00edli\u0161 pozd\u011b a nedok\u00e1zal zabr\u00e1nit vlastn\u00edmu kolapsu.<\/p>\n<p><em><a href=\"https:\/\/infobrics.org\/post\/43011\">Lucas Leiroz<\/a>, \u010dlen Asociace novin\u00e1\u0159\u016f BRICS, v\u00fdzkumn\u00fd pracovn\u00edk Centra geostrategick\u00fdch studi\u00ed, geopolitick\u00fd konzultant<\/em><\/p>\n<p><img decoding=\"async\" loading=\"lazy\" class=\"alignnone size-full wp-image-55615\" src=\"http:\/\/www.infokuryr.cz\/n\/wp-content\/uploads\/2024\/06\/lukas-leiroz.jpg\" alt=\"\" width=\"175\" height=\"230\" \/><\/p>\n<p>Lucase m\u016f\u017eete sledovat na\u00a0<a href=\"https:\/\/twitter.com\/leiroz_lucas\">X (d\u0159\u00edve Twitter)<\/a>\u00a0a\u00a0<a href=\"https:\/\/t.co\/0FdHwxeEZ3\">Telegramu<\/a><\/p>\n<p>&nbsp;<\/p>\n","protected":false},"excerpt":{"rendered":"<p>Politick\u00e1 krize v N\u011bmecku se prohlubuje. Kancl\u00e9\u0159 Olaf Scholz ztratil 16. prosince hlasov\u00e1n\u00ed o d\u016fv\u011b\u0159e&#8230;<\/p>\n","protected":false},"author":2,"featured_media":68496,"comment_status":"closed","ping_status":"closed","sticky":false,"template":"","format":"standard","meta":[],"categories":[7],"tags":[1042,371,84,1554],"_links":{"self":[{"href":"https:\/\/www.infokuryr.cz\/n\/wp-json\/wp\/v2\/posts\/68495"}],"collection":[{"href":"https:\/\/www.infokuryr.cz\/n\/wp-json\/wp\/v2\/posts"}],"about":[{"href":"https:\/\/www.infokuryr.cz\/n\/wp-json\/wp\/v2\/types\/post"}],"author":[{"embeddable":true,"href":"https:\/\/www.infokuryr.cz\/n\/wp-json\/wp\/v2\/users\/2"}],"replies":[{"embeddable":true,"href":"https:\/\/www.infokuryr.cz\/n\/wp-json\/wp\/v2\/comments?post=68495"}],"version-history":[{"count":0,"href":"https:\/\/www.infokuryr.cz\/n\/wp-json\/wp\/v2\/posts\/68495\/revisions"}],"wp:featuredmedia":[{"embeddable":true,"href":"https:\/\/www.infokuryr.cz\/n\/wp-json\/wp\/v2\/media\/68496"}],"wp:attachment":[{"href":"https:\/\/www.infokuryr.cz\/n\/wp-json\/wp\/v2\/media?parent=68495"}],"wp:term":[{"taxonomy":"category","embeddable":true,"href":"https:\/\/www.infokuryr.cz\/n\/wp-json\/wp\/v2\/categories?post=68495"},{"taxonomy":"post_tag","embeddable":true,"href":"https:\/\/www.infokuryr.cz\/n\/wp-json\/wp\/v2\/tags?post=68495"}],"curies":[{"name":"wp","href":"https:\/\/api.w.org\/{rel}","templated":true}]}}