{"id":68480,"date":"2024-12-19T00:30:43","date_gmt":"2024-12-18T23:30:43","guid":{"rendered":"https:\/\/www.infokuryr.cz\/n\/?p=68480"},"modified":"2024-12-18T17:07:47","modified_gmt":"2024-12-18T16:07:47","slug":"jiri-vyvadil-trump-podporuje-prevzeti-syrie-erdoganem","status":"publish","type":"post","link":"https:\/\/www.infokuryr.cz\/n\/2024\/12\/19\/jiri-vyvadil-trump-podporuje-prevzeti-syrie-erdoganem\/","title":{"rendered":"Ji\u0159\u00ed Vyvadil: Trump podporuje p\u0159evzet\u00ed S\u00fdrie Erdo\u011fanem"},"content":{"rendered":"<div id=\"fb-root\"><\/div>\n<p><strong>Podle Politico.eu Donald Trump, jako v\u017edy origin\u00e1ln\u011b a mimo tuctov\u00e9 z\u00e1padn\u00ed mainstreamov\u00e9 uva\u017eov\u00e1n\u00ed p\u0159i tiskov\u00e9 konferenci v Mar-A-Lago zhodnotil jedn\u00e1n\u00ed Erdogana v S\u00fdrii. Podle Trumpa to bylo Turecko, kter\u00e9 zorganizovalo svr\u017een\u00ed Asada v S\u00fdrii.<\/strong><\/p>\n<p>Proud jeho \u00favah byl m\u00edsty zd\u00e1nliv\u011b protich\u016fdn\u00fd, ale v\u00fdsledek po celkov\u00e9m p\u0159e\u010dten\u00ed \u00a0je jasn\u00fd. Ani\u017e by se na rozd\u00edl od m\u00f3dn\u00edho\u00a0 t\u00f3nu sou\u010dasn\u00fdch probidenovsk\u00fdch pis\u00e1lk\u016f zab\u00fdval ot\u00e1zkou, zda Rusko bylo \u010di nebylo pora\u017eeno (konec konc\u016f bude pot\u0159epovat se s\u00a0Putinem domluvit na ukon\u010den\u00ed konfliktu na Ukrajin\u011b, co\u017e je zjevn\u011b jeho rozhoduj\u00edc\u00ed prioritou na rozd\u00edl od ostatn\u00edho Z\u00e1padu &#8211; NATO \u010di EU, kte\u0159\u00ed by cht\u011bli proti Rusku\u00a0 bojovat do nekone\u010dna) Trump konstatoval:\u201c<\/p>\n<p>Tureck\u00fd prezident Recep Tayyip Erdo\u011fan provedl \u201enep\u0159\u00e1telsk\u00e9 ovl\u00e1dnut\u00ed\u201c S\u00fdrie, o kter\u00e9 Turecko tou\u017eilo \u201epo tis\u00edce let\u201c.<\/p>\n<p>Pot\u00e9 voln\u011b nav\u00e1zal, na dotaz ohledn\u011b 900 americk\u00fdch voj\u00e1k\u016f \u00a0americk\u00fdch voj\u00e1k\u016f, kte\u0159\u00ed jsou v sou\u010dasn\u00e9 dob\u011b v S\u00fdrii, \u017ee je cht\u011bl st\u00e1hnout\u00a0 zem\u011b b\u011bhem sv\u00e9ho posledn\u00edho p\u016fsoben\u00ed ve funkci prezidenta a po chv\u00edli pokra\u010doval, \u017ee Turecko kontroluje militanty, kte\u0159\u00ed svrhli syrsk\u00e9ho Ba\u0161\u00e1ra Asada. &#8222;Ti lid\u00e9, kte\u0159\u00ed vstoupili (a patrn\u011b m\u011bl na mysli ozbrojen\u00e9 isl\u00e1msk\u00e9 povstaleck\u00e9 s\u00edly, jsou kontrolov\u00e1ni Tureckem. &#8222;A to je v po\u0159\u00e1dku, to je dal\u0161\u00ed zp\u016fsob boje.&#8220;<\/p>\n<p>(To, \u017ee to tak \u00fapln\u011b nebylo v\u00edme z\u00a0jin\u00fdch zdroj\u016f, proto\u017ee nakonec \u00fat\u011bk Asada zorganizovaly rusk\u00e9 tajn\u00e9 slu\u017eby, kdy\u017e Putin seznal, \u017ee Asad nen\u00ed schopen \u00fa\u010dinn\u011b zavelet sv\u00fdm vojsk\u016fm a hroz\u00ed mu bezprost\u0159edn\u011b osud Kadd\u00e1f\u00edho. Litovat ho ov\u0161em nemus\u00edme, proto\u017ee si odvezl miliardy, tak\u017ee zcela ur\u010dit\u011b to \u017e\u00e1dn\u00fd dobrodinec nebyl. A Putin si skv\u011ble uvolnil ruce pro dokon\u010den\u00ed mnohem d\u016fle\u017eit\u011bj\u0161\u00ed operace na Ukrajin\u011b)<\/p>\n<p>A Trump ke sv\u00fdm \u00favah\u00e1m je\u0161t\u011b dodal.<\/p>\n<p>&#8222;Mimochodem, Turecko je hlavn\u00ed s\u00edla,&#8220; \u0159ekl. \u201eErdo\u011fan je n\u011bkdo, s k\u00fdm jsem si skv\u011ble rozum\u011bl, a m\u00e1 velkou vojenskou s\u00edlu. A ta jeho nen\u00ed opot\u0159ebov\u00e1na v\u00e1lkou. Vybudoval velmi silnou a mocnou arm\u00e1du.&#8220; \u201eZa t\u00edm je Turecko. Je to velmi chytr\u00fd chlap, cht\u011bli to tis\u00edce let a on to dostal.&#8220;<\/p>\n<p>Na ot\u00e1zku, zda se ob\u00e1v\u00e1 dal\u0161\u00edch nepokoj\u016f, Trump odpov\u011bd\u011bl: \u201eNikdo nev\u00ed, jak\u00fd bude kone\u010dn\u00fd v\u00fdsledek v regionu. Nikdo nev\u00ed, kdo bude ve fin\u00e1le vl\u00e1dnout. V\u011b\u0159\u00edm, \u017ee to bude \u00a0Turecko. Erdogan je \u00a0chytr\u00fd, je to velmi chytr\u00fd chlap a je velmi tvrd\u00fd a zopakoval : Turecko provedlo nep\u0159\u00e1telsk\u00e9 p\u0159evzet\u00ed bez ztr\u00e1ty mnoha \u017eivot\u016f.<\/p>\n<p><em>J.V. To m\u011b p\u0159iv\u00e1d\u00ed ke t\u0159em soub\u011b\u017en\u00fdm my\u0161lenk\u00e1m.<\/em><\/p>\n<p><em>1, P\u0159edev\u0161\u00edm je zaj\u00edmav\u00e9 a podle mne i kladn\u00e9, jak jsem ji\u017e uvedl v \u00favod\u011b, \u017ee se nedotkl jakkoliv \u00falohy Ruska, \u017ee by snad m\u011blo b\u00fdt pora\u017eeno v\u00a0S\u00fdrii. To nehodl\u00e1 komentovat<\/em><\/p>\n<p><em>2, Ani slovem se rovn\u011b\u017e nezm\u00ednil i Izraeli, kter\u00e9 podle sou\u010dasn\u00fdch postup\u016f naopak se sna\u017e\u00ed situace vyu\u017e\u00edt, proto\u017ee, p\u0159es sv\u016fj kladn\u00fd vztah k\u00a0t\u00e9to zemi, d\u016frazn\u011b vyb\u00eddl Natanjahua, aby skon\u010dil se sv\u00fdmi vojensk\u00fdmi v\u00fdboji, ale ten to nerespektuje\u2026<\/em><\/p>\n<p><em>3, Bude zaj\u00edmav\u00e9, jak se bude chovat k\u00a0vlastn\u00edm ozbrojen\u00fdm rebel\u016fm, kter\u00e9 Biden naopak v\u00edt\u00e1 coby v\u00edt\u011bze nad Putinem, ale Trump coby v\u00edt\u011bze Erdogana\u2026a toho Biden nemusel.<\/em><\/p>\n<p><em>V\u00a0ka\u017ed\u00e9m p\u0159\u00edpad\u011b se s\u00a0Trumpem jist\u011b nebudeme nudit.<\/em><\/p>\n<p><a href=\"https:\/\/vasevec.info\/vip-blogy\/trump-podporuje-prevzeti-syrie-erdoganem\">Ji\u0159\u00ed Vyvadil<\/a><\/p>\n<p><img decoding=\"async\" loading=\"lazy\" class=\"alignnone size-medium wp-image-16474\" src=\"http:\/\/www.infokuryr.cz\/n\/wp-content\/uploads\/2022\/10\/jiri-vyvadil-300x200.jpg\" alt=\"\" width=\"300\" height=\"200\" srcset=\"https:\/\/www.infokuryr.cz\/n\/wp-content\/uploads\/2022\/10\/jiri-vyvadil-300x200.jpg 300w, https:\/\/www.infokuryr.cz\/n\/wp-content\/uploads\/2022\/10\/jiri-vyvadil-768x512.jpg 768w, https:\/\/www.infokuryr.cz\/n\/wp-content\/uploads\/2022\/10\/jiri-vyvadil.jpg 800w\" sizes=\"(max-width: 300px) 100vw, 300px\" \/><\/p>\n<p>&nbsp;<\/p>\n","protected":false},"excerpt":{"rendered":"<p>Podle Politico.eu Donald Trump, jako v\u017edy origin\u00e1ln\u011b a mimo tuctov\u00e9 z\u00e1padn\u00ed mainstreamov\u00e9 uva\u017eov\u00e1n\u00ed p\u0159i tiskov\u00e9&#8230;<\/p>\n","protected":false},"author":2,"featured_media":68481,"comment_status":"closed","ping_status":"closed","sticky":false,"template":"","format":"standard","meta":[],"categories":[6],"tags":[56,1503,147,452],"_links":{"self":[{"href":"https:\/\/www.infokuryr.cz\/n\/wp-json\/wp\/v2\/posts\/68480"}],"collection":[{"href":"https:\/\/www.infokuryr.cz\/n\/wp-json\/wp\/v2\/posts"}],"about":[{"href":"https:\/\/www.infokuryr.cz\/n\/wp-json\/wp\/v2\/types\/post"}],"author":[{"embeddable":true,"href":"https:\/\/www.infokuryr.cz\/n\/wp-json\/wp\/v2\/users\/2"}],"replies":[{"embeddable":true,"href":"https:\/\/www.infokuryr.cz\/n\/wp-json\/wp\/v2\/comments?post=68480"}],"version-history":[{"count":0,"href":"https:\/\/www.infokuryr.cz\/n\/wp-json\/wp\/v2\/posts\/68480\/revisions"}],"wp:featuredmedia":[{"embeddable":true,"href":"https:\/\/www.infokuryr.cz\/n\/wp-json\/wp\/v2\/media\/68481"}],"wp:attachment":[{"href":"https:\/\/www.infokuryr.cz\/n\/wp-json\/wp\/v2\/media?parent=68480"}],"wp:term":[{"taxonomy":"category","embeddable":true,"href":"https:\/\/www.infokuryr.cz\/n\/wp-json\/wp\/v2\/categories?post=68480"},{"taxonomy":"post_tag","embeddable":true,"href":"https:\/\/www.infokuryr.cz\/n\/wp-json\/wp\/v2\/tags?post=68480"}],"curies":[{"name":"wp","href":"https:\/\/api.w.org\/{rel}","templated":true}]}}