{"id":68475,"date":"2024-12-19T00:39:57","date_gmt":"2024-12-18T23:39:57","guid":{"rendered":"https:\/\/www.infokuryr.cz\/n\/?p=68475"},"modified":"2024-12-18T16:42:30","modified_gmt":"2024-12-18T15:42:30","slug":"petr-pokorny-ministr-valek-je-znovu-hospitalizovan-nejsem-schopen-fungovat","status":"publish","type":"post","link":"https:\/\/www.infokuryr.cz\/n\/2024\/12\/19\/petr-pokorny-ministr-valek-je-znovu-hospitalizovan-nejsem-schopen-fungovat\/","title":{"rendered":"Petr Pokorn\u00fd: Ministr V\u00e1lek je znovu hospitalizov\u00e1n. \u201eNejsem schopen fungovat&#8230;&#8220;"},"content":{"rendered":"<div id=\"fb-root\"><\/div>\n<div class=\"introtext\">\n<p><span style=\"font-size: 14pt;\"><strong>Ministr zdravotnictv\u00ed V\u00e1lek (TOP 09) byl ve st\u0159edu hospitalizov\u00e1n v souvislosti s poopera\u010dn\u00edm vy\u0161et\u0159en\u00edm po ned\u00e1vn\u00e9 operaci rakoviny prostaty.<\/strong><\/span><\/p>\n<\/div>\n<div class=\"fulltext\">\n<p>Roadshow s putovn\u00ed v\u00fdstavou nazvanou O\u010dkujme se pro \u017eivot beze strachu.<\/p>\n<p><span class=\"c_eG\">\u201eJsem po t\u0159ech d\u00e1vk\u00e1ch, reakce nebyly \u017e\u00e1dn\u00e9, c\u00edt\u00edm se perfektn\u011b, nemocn\u00fd nejsem,\u201c hl\u00e1sil V\u00e1lek zdravotnic\u00edm t\u011bsn\u011b p\u0159ed t\u00edm, ne\u017e dostal druhou posiluj\u00edc\u00ed d\u00e1vku proti covidu-19. Co\u017e je \u010dtvrt\u00e1 a tak d\u00e1le&#8230;<\/span><\/p>\n<p class=\"c_aM c_aO e_aM speakable\"><span style=\"font-size: 18pt;\"><strong>Vesm\u00edrn\u00e9 \u010dipy ve vakc\u00edn\u00e1ch nejsou<\/strong><\/span><\/p>\n<div class=\"e_a4 speakable\" data-dot=\"mol-paragraph\">\n<p class=\"c_a4\"><span class=\"c_eG\">Ministr \u0159ekl, \u017ee samoz\u0159ejm\u011b existuje skupina lid\u00ed, kter\u00e1 nap\u0159\u00edklad v\u011b\u0159\u00ed, \u017ee v\u00a0o\u010dkovac\u00edch l\u00e1tk\u00e1ch jsou \u010dipy, kter\u00e9 poch\u00e1z\u00ed od bytost\u00ed z\u00a0vesm\u00edru. \u201eTo nen\u00ed pravda, je to nesmysl, vysv\u011btloval pan ministr g\u00e9nius.<\/span><\/p>\n<p>Je 18.12.2024<\/p>\n<p><span style=\"font-size: 18pt;\"><strong>V\u00e1lek je po operaci rakoviny<\/strong><\/span><\/p>\n<\/div>\n<p><span class=\"css-1jxf684 r-bcqeeo r-1ttztb7 r-qvutc0 r-poiln3\">Nejsem ale schopen fungovat na 100 % a jakkoli se \u0159\u00edk\u00e1, \u017ee l\u00e9ka\u0159i jsou nejhor\u0161\u00ed pacienti, tak nechci k\u00e1zat vodu a p\u00edt v\u00edno, proto jsem do konce t\u00fddne zru\u0161il pracovn\u00ed program a d\u016fle\u017eit\u00fdch jedn\u00e1n\u00ed se z\u00fa\u010dastn\u00edm online. D\u011bkuji v\u0161em zdravotn\u00edk\u016fm za jejich p\u00e9\u010di!<\/span><\/p>\n<p>Ministr V\u00e1lek m\u00e1 pravdu: vesm\u00edrn\u00e9 \u010dipy ve vakc\u00edn\u00e1ch nejsou, ani &#8222;voc\u00e1sek nenaroste&#8220;. Vzpom\u00edn\u00e1te? N\u011bkdo v\u0161ak tvrd\u00ed, \u017ee karma je zdarma.<\/p>\n<p><img decoding=\"async\" loading=\"lazy\" class=\"aligncenter\" src=\"https:\/\/www.skrytapravda.cz\/images\/blogy\/2951\/covid\/ocasek_c6fd4.webp\" alt=\"ocasek c6fd4\" width=\"575\" height=\"387\" \/><\/p>\n<p>Je to st\u00e1le jenom n\u00e1hoda?<\/p>\n<p><a href=\"https:\/\/www.skrytapravda.cz\/z-domova\/2278-ministr-valek-je-znovu-hospitalizovan-nejsem-schopen-fungovat\">Petr Pokorn\u00fd<\/a><\/p>\n<p>&nbsp;<\/p>\n<\/div>\n","protected":false},"excerpt":{"rendered":"<p>Ministr zdravotnictv\u00ed V\u00e1lek (TOP 09) byl ve st\u0159edu hospitalizov\u00e1n v souvislosti s poopera\u010dn\u00edm vy\u0161et\u0159en\u00edm po&#8230;<\/p>\n","protected":false},"author":2,"featured_media":68476,"comment_status":"closed","ping_status":"closed","sticky":false,"template":"","format":"standard","meta":[],"categories":[6],"tags":[1503,629,213,651,1601],"_links":{"self":[{"href":"https:\/\/www.infokuryr.cz\/n\/wp-json\/wp\/v2\/posts\/68475"}],"collection":[{"href":"https:\/\/www.infokuryr.cz\/n\/wp-json\/wp\/v2\/posts"}],"about":[{"href":"https:\/\/www.infokuryr.cz\/n\/wp-json\/wp\/v2\/types\/post"}],"author":[{"embeddable":true,"href":"https:\/\/www.infokuryr.cz\/n\/wp-json\/wp\/v2\/users\/2"}],"replies":[{"embeddable":true,"href":"https:\/\/www.infokuryr.cz\/n\/wp-json\/wp\/v2\/comments?post=68475"}],"version-history":[{"count":1,"href":"https:\/\/www.infokuryr.cz\/n\/wp-json\/wp\/v2\/posts\/68475\/revisions"}],"predecessor-version":[{"id":68477,"href":"https:\/\/www.infokuryr.cz\/n\/wp-json\/wp\/v2\/posts\/68475\/revisions\/68477"}],"wp:featuredmedia":[{"embeddable":true,"href":"https:\/\/www.infokuryr.cz\/n\/wp-json\/wp\/v2\/media\/68476"}],"wp:attachment":[{"href":"https:\/\/www.infokuryr.cz\/n\/wp-json\/wp\/v2\/media?parent=68475"}],"wp:term":[{"taxonomy":"category","embeddable":true,"href":"https:\/\/www.infokuryr.cz\/n\/wp-json\/wp\/v2\/categories?post=68475"},{"taxonomy":"post_tag","embeddable":true,"href":"https:\/\/www.infokuryr.cz\/n\/wp-json\/wp\/v2\/tags?post=68475"}],"curies":[{"name":"wp","href":"https:\/\/api.w.org\/{rel}","templated":true}]}}