{"id":68440,"date":"2024-12-18T11:10:46","date_gmt":"2024-12-18T10:10:46","guid":{"rendered":"https:\/\/www.infokuryr.cz\/n\/?p=68440"},"modified":"2024-12-18T11:10:46","modified_gmt":"2024-12-18T10:10:46","slug":"jindrich-kulhavy-smutny-prusvih","status":"publish","type":"post","link":"https:\/\/www.infokuryr.cz\/n\/2024\/12\/18\/jindrich-kulhavy-smutny-prusvih\/","title":{"rendered":"Jind\u0159ich Kulhav\u00fd: Smutn\u00fd pr\u016f\u0161vih"},"content":{"rendered":"<div id=\"fb-root\"><\/div>\n<p><strong><span class=\"anotation\">Str\u00e1nky sv\u011btov\u00e9ho tisku pln\u00ed zpr\u00e1vy o \u00fasp\u011b\u0161n\u00e9m atent\u00e1tu na rusk\u00e9ho v\u00fdznamn\u00e9ho gener\u00e1la. Nen\u00ed to poprv\u00e9, kdy ukrajinsk\u00e1 rozv\u011bdka \u010di n\u011bjak\u00fd jejich partyz\u00e1n za\u00fa\u0159adoval na rusk\u00e9m \u00fazem\u00ed a v podstat\u011b je to v\u00fdznamn\u00e9 varov\u00e1n\u00ed p\u0159ed mo\u017enou zm\u011bnou p\u0159\u00edstupu ukrobandy v dal\u0161\u00edm pr\u016fb\u011bhu v\u00e1lky. Budou-li Rusov\u00e9 cht\u00edt dos\u00e1hnout sv\u00fdch c\u00edl\u016f v denacifikaci Ukrajiny a ochrany v\u011bt\u0161iny obyvatelstva p\u0159ed p\u0159\u00edstupem Zelensk\u00e9ho kliky, \u010dek\u00e1 je je\u0161t\u011b mnoho pr\u00e1ce a plno podobn\u00fdch ud\u00e1lost\u00ed t\u00e9 s vra\u017edou gener\u00e1la.<\/span><\/strong><\/p>\n<div id=\"pagetext\">\n<p><span>\u00a0 U n\u00e1s pro zm\u011bnu rezonuje sb\u00edrka na 100 ton v\u00fdbu\u0161niny, jej\u00ed\u017e tv\u00e1\u0159\u00ed je jin\u00fd gener\u00e1l, tentokr\u00e1t \u0158ehka. stra\u0161ideln\u00e9. Takov\u00fd Ond\u0159ej Vetch\u00fd byl velmi obl\u00edben\u00fdm hercem, ale jeho \u017ev\u00e1sty pln\u00e9 \u201ehlubok\u00fdch\u201c my\u0161lenek t\u00fdkaj\u00edc\u00ed se Ukrajiny a Ruska jsou neposlouchateln\u00e9. Rovn\u011b\u017e \u00favahy atomb\u00e1by Dany Dr\u00e1bov\u00e9, v\u00fdlevy D\u017eamily Stehl\u00edkov\u00e9 a mnoha jim podobn\u00fdch. p\u0159edstavitel \u010desk\u00e9 arm\u00e1dy za\u010dal sh\u00e1n\u011bt trhavinu pro na cel\u00e9 \u010d\u00e1\u0159e prohr\u00e1vaj\u00edc\u00ed stranu \u010dekaj\u00edc\u00ed na posledn\u00ed r\u00e1nu, nav\u00edc zdaleka ne jednozna\u010dn\u011b n\u00e1rodem podporovanou, to u\u017e je asi sv\u011btov\u00fd unik\u00e1t.<\/span><\/p>\n<p><span>\u00a0 P\u0159esto\u017ee jde o z\u00e1va\u017en\u00e1 t\u00e9mata, mluvit chceme dnes o n\u011b\u010dem jin\u00e9m. \u010cesk\u00e9 prost\u0159ed\u00ed evidentn\u011b Ukrajinc\u016fm sv\u011bd\u00ed. Zat\u00edmco se polistopadov\u00fdm vl\u00e1d\u00e1m poda\u0159ilo t\u00e9m\u011b\u0159 kompletn\u011b zlikvidovat u\u010d\u0148ovsk\u00e9 \u0161kolstv\u00ed a mantra vysoko\u0161kolsk\u00e9ho vzd\u011bl\u00e1n\u00ed zast\u00ednila pot\u0159ebu m\u00edt kvalitn\u00ed \u0159emesln\u00edky, Ukrajinci k n\u00e1m doraziv\u0161\u00ed jsou schopni vz\u00edt do ruky zednickou l\u017eic\u00ed \u010di jak\u00e9koli jin\u00e9 n\u00e1stroje a vytv\u00e1\u0159et hodnoty. I proto na nich stoj\u00ed stavebnictv\u00ed, pr\u016fmyslov\u00e1 v\u00fdroba, jejich man\u017eelky zase vyhnaly \u010ce\u0161ky z pozice v obchodech a slu\u017eb\u00e1ch. Jsou jich pln\u00e1 i callcentra, sklady, zaplnily v\u0161echny prostory. Na\u0161e legislativa \u010cechy nijak zvl\u00e1\u0161\u0165 nechr\u00e1n\u00ed, tak\u017ee Ukrajinci zakl\u00e1daj\u00ed firmy, maj\u00ed \u017eivnostensk\u00e9 listy. Pt\u00e1t se, jak je hl\u00edd\u00e1 Finan\u010dn\u00ed spr\u00e1va, je asi naivn\u00ed, tak\u017ee pokra\u010duje zv\u00fdhod\u0148ov\u00e1n\u00ed ukrajinsk\u00fdch subjekt\u016f.<\/span><\/p>\n<p><span>\u00a0 V\u0161e v\u00fd\u0161e uveden\u00e9 t\u00fdkaj\u00edc\u00ed se Ukrajinc\u016f u n\u00e1s prob\u00edh\u00e1 v\u00fdvojem. Pokud p\u0159ed v\u00e1lkou na Ukrajin\u011b byl plat t\u011bchto gastarbeitr\u016f ni\u017e\u0161\u00ed ne\u017e u domorodc\u016f, dostali jsme se do situace, kdy po\u017eadavky Ukrajinc\u016f vystoupaly na nesmyslnou \u00farove\u0148. Rozkoukali se na trhu pr\u00e1ce, zjistili, kde na\u0161i polistopadov\u00ed soudruzi ud\u011blali chybu a vznikl\u00e9 d\u00edry zaplnili. Nejd\u0159\u00edve opatrn\u011b a pod cenou, nyn\u00ed u\u017e jsou schopni si \u0159\u00edct za hodinu pr\u00e1ce i 450 korun. Ve stavebnictv\u00ed, \u010dasto bez \u201epap\u00edru\u201c, ov\u0161em je t\u0159eba, p\u0159es s\u00edto sv\u00fdch mafi\u00e1n\u016f a podnikatel\u016f i s fakturou. Jak mnoho t\u011bchto bum\u00e1\u017eek kon\u010d\u00ed, o tom zase jindy, nicm\u00e9n\u011b na vin\u011b bude v\u017edy \u010desk\u00e1 strana, proto\u017ee si m\u00e1 p\u0159eci dodavatele ov\u011b\u0159it. Nen\u00ed ni\u010d\u00edm neobvykl\u00fdm, kdy\u017e si ukrajinsk\u00fd zedn\u00edk vyd\u011bl\u00e1 m\u011bs\u00ed\u010dn\u011b 120 000,- K\u010d \u010dist\u00e9ho, \u010d\u00edm\u017e zesm\u011b\u0161n\u00ed v\u011bt\u0161inu mana\u017eer\u016f a celkov\u011b \u010cech\u016f. Pt\u00e1te se, kde tyto pen\u00edze kon\u010d\u00ed, pak v\u011bzte, \u017ee si je bu\u010f \u0161et\u0159\u00ed, nebo se pomoc\u00ed nich tady zabydluj\u00ed. A vcelku luxusn\u011b.<\/span><\/p>\n<p><span>\u00a0 Vinu nelze h\u00e1zet jen na Ukrajince. Ti velmi rychle pochopili, jak hloup\u00fdm n\u00e1rodem jsme, kdy\u017e jsme si zni\u010dili v\u011bt\u0161inu odborn\u00fdch obor\u016f. Stavebnictv\u00ed na rozd\u00edl od pr\u016fmyslu nestagnuje a st\u00e1tn\u00ed i soukrom\u00e9 zak\u00e1zky vznikaj\u00ed st\u00e1le ve stejn\u00e9 m\u00ed\u0159e. Jen prov\u00e9st je nem\u00e1 u\u017e kdo, ani\u017e by musel s\u00e1hnout pro ukrajinsk\u00e9 pracovn\u00edky. Jejich p\u0159\u00edstup je natolik razantn\u00ed, \u017ee plno \u010cech\u016f v oboru kon\u010d\u00ed a ru\u0161\u00ed sv\u00e9 firmy. Uvol\u0148uj\u00ed tak je\u0161t\u011b v\u00edce m\u00edsto t\u011bm, kte\u0159\u00ed jsou ochotni p\u0159istoupit na drsn\u00e9 podm\u00ednky ze strany Ukrajinc\u016f. Ti nav\u00edc jezd\u00ed pracovat d\u00e1l na Z\u00e1pad, kde je p\u0159epl\u00e1cej\u00ed je\u0161t\u011b v\u00edce, proto\u017ee ani tam u\u017e se nikomu rukama d\u011blat nechce.<\/span><\/p>\n<p><span>\u00a0 Degradace Evropy, kterou m\u011bla pr\u00fd zastavit migrace rukou ochotn\u00fdch pracovat (u\u017e vid\u011bl n\u011bkdo muslima dobrovoln\u011b makat?) pokra\u010duje a Ukrajinci toho vyu\u017e\u00edvaj\u00ed. Pokud by se m\u011bli vr\u00e1tit dom\u016f, zhrout\u00ed se na\u0161e stavebnictv\u00ed. Z\u016fstanou-li tady, kompletn\u011b ho p\u0159evezmou a n\u00e1sledky budou katastrof\u00e1ln\u00ed. Minim\u00e1ln\u011b ty cenov\u00e9. A po\u0159\u00e1d \u0159\u00edk\u00e1me. V\u011b\u0159it tomu, \u017ee dan\u011b \u010d\u00e1sti Ukrajinc\u016f p\u0159ipravuj\u00edc\u00edch k n\u00e1vratu dom\u016f budou v po\u0159\u00e1dku, je uk\u00e1zkou idiocie a nepochopen\u00ed ukrajinsk\u00e9 mentality. Jist\u011b, ti co zde z\u016fstanou, se postupn\u011b domestikuj\u00ed a z\u00edsk\u00e1vaj\u00ed jistou podnikatelskou discipl\u00ednu a gramotnost, nicm\u00e9n\u011b kdyby do\u0161lo k hloubkov\u00fdm sond\u00e1m Finan\u010dn\u00edch \u00fa\u0159ad\u016f do \u0159ad ukrajinsk\u00fdch firem a nebylo to my\u0161leno jako krok k likvidaci jejich klient\u016f, asi bychom se divili hospoda\u0159en\u00ed a \u00fa\u010detnictv\u00ed.<\/span><\/p>\n<p><span>\u00a0 Dokud se nevr\u00e1t\u00edme k v\u00fdchov\u011b vlastn\u00edch \u0159emesln\u00edk\u016f, budeme otroky \u0161patn\u00fdch vl\u00e1dn\u00edch rozhodnut\u00ed. Navrhujeme zav\u0159en\u00ed dvou t\u0159etin nepot\u0159ebn\u00fdch vysok\u00fdch \u0161kol p\u0159edev\u0161\u00edm humanitn\u00edch sm\u011br\u016f, podobn\u011b st\u0159edn\u00edch, a vr\u00e1cen\u00ed d\u011bt\u00ed do u\u010debn\u00edch obor\u016f. Zrovna tak z\u00fa\u017een\u00ed neziskov\u00e9ho sektoru na naprost\u00e9 minimum. Nav\u00edc voln\u00fd pohyb po evropsk\u00e9m trhu pr\u00e1ce je kontraproduktivn\u00ed v tom, kolik i na\u0161ich \u0159emesln\u00edk\u016f buduje N\u011bmc\u016fm, Belgi\u010dan\u016fm a dal\u0161\u00edm n\u00e1rod\u016fm jejich budovy, mosty \u010di jin\u00e9 stavby. M\u011bli bychom d\u011blat v\u0161echno pro jejich n\u00e1vrat. Pravdou je, \u017ee na\u0161e platy jsou vzd\u00e1leny evropsk\u00fdm a rozhodn\u011b se jim nebl\u00ed\u017e\u00ed. Z\u00e1rove\u0148 se nem\u011blo Ukrajinc\u016fm povolovat libovoln\u00e9 zakl\u00e1d\u00e1n\u00ed firem, jist\u011b se dalo legislativn\u011b o\u0161et\u0159it, aby z\u016fst\u00e1vali v pozici zam\u011bstnanc\u016f, p\u0159\u00edpadn\u011b pod v\u011bt\u0161\u00ed kontrolou. Bez t\u011bchto opat\u0159en\u00ed se \u010cesk\u00e1 republika ji\u017e z tohoto marastu nikdy nezvedne. A zaj\u00edmat n\u00e1s to m\u00e1 mnohem v\u00edc ne\u017e n\u011bjak\u00e1 v\u00e1lka na Ukrajin\u011b. Jde o na\u0161\u00ed budoucnost.<\/span><\/p>\n<p><a href=\"https:\/\/www.inadhled.live\/zajimavosti\/smutny-prusvih\/\">Jind\u0159ich Kulhav\u00fd<\/a><\/p>\n<p><img decoding=\"async\" loading=\"lazy\" class=\"alignnone size-full wp-image-48136\" src=\"http:\/\/www.infokuryr.cz\/n\/wp-content\/uploads\/2024\/02\/kulhavy-jindrich.jpg\" alt=\"\" width=\"219\" height=\"221\" srcset=\"https:\/\/www.infokuryr.cz\/n\/wp-content\/uploads\/2024\/02\/kulhavy-jindrich.jpg 219w, https:\/\/www.infokuryr.cz\/n\/wp-content\/uploads\/2024\/02\/kulhavy-jindrich-150x150.jpg 150w\" sizes=\"(max-width: 219px) 100vw, 219px\" \/><\/p>\n<p>&nbsp;<\/p>\n<\/div>\n","protected":false},"excerpt":{"rendered":"<p>Str\u00e1nky sv\u011btov\u00e9ho tisku pln\u00ed zpr\u00e1vy o \u00fasp\u011b\u0161n\u00e9m atent\u00e1tu na rusk\u00e9ho v\u00fdznamn\u00e9ho gener\u00e1la. Nen\u00ed to poprv\u00e9,&#8230;<\/p>\n","protected":false},"author":2,"featured_media":68441,"comment_status":"closed","ping_status":"closed","sticky":false,"template":"","format":"standard","meta":[],"categories":[6],"tags":[1503,121,26,2452],"_links":{"self":[{"href":"https:\/\/www.infokuryr.cz\/n\/wp-json\/wp\/v2\/posts\/68440"}],"collection":[{"href":"https:\/\/www.infokuryr.cz\/n\/wp-json\/wp\/v2\/posts"}],"about":[{"href":"https:\/\/www.infokuryr.cz\/n\/wp-json\/wp\/v2\/types\/post"}],"author":[{"embeddable":true,"href":"https:\/\/www.infokuryr.cz\/n\/wp-json\/wp\/v2\/users\/2"}],"replies":[{"embeddable":true,"href":"https:\/\/www.infokuryr.cz\/n\/wp-json\/wp\/v2\/comments?post=68440"}],"version-history":[{"count":0,"href":"https:\/\/www.infokuryr.cz\/n\/wp-json\/wp\/v2\/posts\/68440\/revisions"}],"wp:featuredmedia":[{"embeddable":true,"href":"https:\/\/www.infokuryr.cz\/n\/wp-json\/wp\/v2\/media\/68441"}],"wp:attachment":[{"href":"https:\/\/www.infokuryr.cz\/n\/wp-json\/wp\/v2\/media?parent=68440"}],"wp:term":[{"taxonomy":"category","embeddable":true,"href":"https:\/\/www.infokuryr.cz\/n\/wp-json\/wp\/v2\/categories?post=68440"},{"taxonomy":"post_tag","embeddable":true,"href":"https:\/\/www.infokuryr.cz\/n\/wp-json\/wp\/v2\/tags?post=68440"}],"curies":[{"name":"wp","href":"https:\/\/api.w.org\/{rel}","templated":true}]}}