{"id":68428,"date":"2024-12-18T06:08:38","date_gmt":"2024-12-18T05:08:38","guid":{"rendered":"https:\/\/www.infokuryr.cz\/n\/?p=68428"},"modified":"2024-12-18T06:08:38","modified_gmt":"2024-12-18T05:08:38","slug":"jiri-paroubek-prezident-macron-miluje-politicka-dobrodruzstvi","status":"publish","type":"post","link":"https:\/\/www.infokuryr.cz\/n\/2024\/12\/18\/jiri-paroubek-prezident-macron-miluje-politicka-dobrodruzstvi\/","title":{"rendered":"Ji\u0159\u00ed Paroubek: Prezident Macron miluje politick\u00e1 dobrodru\u017estv\u00ed"},"content":{"rendered":"<div id=\"fb-root\"><\/div>\n<p><strong>P\u0159ed p\u016fl rokem prezident Macron se svou stranou a jej\u00edmi spojenci prohr\u00e1l fat\u00e1ln\u00edm zp\u016fsobem volby do Evropsk\u00e9ho parlamentu. Nebyl prvn\u00ed, ani posledn\u00ed, kdo prohr\u00e1l volby. Nicm\u00e9n\u011b, po v\u00edcem\u00e9n\u011b katastrof\u00e1ln\u00ed proh\u0159e v t\u011bchto volb\u00e1ch, de facto t\u0159eti\u0159ad\u00fdch volb\u00e1ch pro voli\u010de, co do v\u00fdznamu, se rozhodl otestovat popularitu sv\u00e9 politiky a sv\u00e9 strany ihned pot\u00e9 v parlamentn\u00edch volb\u00e1ch.<\/strong><\/p>\n<p>Z\u0159ejm\u011b spol\u00e9hal na z\u00e1zrak, kter\u00fd se ov\u0161em nedostavil. V politice se z\u00e1zraky objevuj\u00ed jen m\u00e1lokdy. Ve volb\u00e1ch do N\u00e1rodn\u00edho shrom\u00e1\u017ed\u011bn\u00ed zv\u00edt\u011bzila Nov\u00e1 Lidov\u00e1 fronta, sdru\u017euj\u00edc\u00ed v\u0161echny relevantn\u00ed levicov\u00e9 formace od M\u00e9lenchonovy radik\u00e1ln\u00ed socialistick\u00e9 strany, p\u0159es komunisty a\u017e po Socialisty a Zelen\u00e9. Nicm\u00e9n\u011b, v parlament\u011b se vytvo\u0159ila po volb\u00e1ch specifick\u00e1 situace. Ani jedna z volebn\u00edch stran nebyla schopna vytvo\u0159it v\u011bt\u0161inovou vl\u00e1du sama. A \u017e\u00e1dn\u00e1 ze stran neprojevovala v\u016fli k tomu, aby se dohodla je\u0161t\u011b s jedn\u00edm velk\u00fdm politick\u00fdm partnerem, zasedaj\u00edc\u00edm v nov\u00e9m N\u00e1rodn\u00edm shrom\u00e1\u017ed\u011bn\u00ed. Levice, ani macronist\u00e9 necht\u011bj\u00ed spolupracovat s lep\u00e9novci. Tedy, abychom to up\u0159esnili, necht\u011bj\u00ed s nimi spolupracovat na vl\u00e1dn\u00ed \u00farovni. Stejn\u011b tak jako macronist\u00e9 necht\u011bj\u00ed spolupracovat ve vl\u00e1d\u011b s levic\u00ed a vice versa.<\/p>\n<p>\u00dastava V. Francouzsk\u00e9 republiky d\u00e1v\u00e1 prezidentovi velk\u00e9 pravomoci p\u0159i v\u00fdb\u011bru premi\u00e9ra \u010di p\u0159i odvol\u00e1n\u00ed vl\u00e1dy anebo p\u0159i vyps\u00e1n\u00ed nov\u00fdch parlamentn\u00edch voleb atd.. Zat\u00edmn\u00ed \u00fazus V. republiky byl ten, \u017ee pokud nezv\u00edt\u011bzil ve volb\u00e1ch do parlamentu prezident\u016fv politick\u00fd t\u00e1bor, do\u0161lo k tzv. kohabitaci, tedy k sou\u017eit\u00ed prezidenta a vl\u00e1dy z rozd\u00edln\u00fdch politick\u00fdch t\u00e1bor\u016f. A tak nap\u0159 mezi Mitterrandov\u00fdmi premi\u00e9ry, za 14 let jeho prezidentstv\u00ed, byli tu a tam i p\u0159edstavitel\u00e9 pravice, kter\u00e1 m\u011bla po n\u011bkter\u00fdch volb\u00e1ch v parlamentu v\u011bt\u0161inu. A kohabitace prob\u00edhala vesm\u011bs bez velk\u00fdch probl\u00e9m\u016f. St\u00e1t byl \u0159\u00e1dn\u011b spravov\u00e1n a prezident a premi\u00e9r, by\u0165 z opa\u010dn\u00fdch politick\u00fdch t\u00e1bor\u016f, zachov\u00e1vali dekorum. E. Macron se rozhodl j\u00edt jinou cestou. B\u011bhem posledn\u00edho roku jmenoval ji\u017e \u010dtvrt\u00e9ho premi\u00e9ra. Nov\u00fd premi\u00e9r ale bude jak\u017e tak\u017e podporov\u00e1n jen poslanci Macronova uskupen\u00ed.<\/p>\n<p>Premi\u00e9rem Francie se stal Francois Bayrou, nejprve politick\u00fd rival a pozd\u011bji spojenec prezidenta Macrona. Jeho mal\u00e1, st\u0159edov\u00e1 k\u0159es\u0165anskodemokratick\u00e1 strana je dlouhodob\u011b sou\u010d\u00e1st\u00ed Macronovy centristick\u00e9 koalice v parlamentu. Bayrou je mu\u017e prot\u0159el\u00fd, zku\u0161en\u00fd a vzd\u011blan\u00fd. Je autorem \u0159ady historick\u00fdch publikac\u00ed a jeho obl\u00edbenou historickou postavou je francouzsk\u00fd kr\u00e1l Jind\u0159ich IV. O n\u011bm dokonce napsal knihu, kter\u00e1 se stala ve Francii bestsellerem. Bayrou se jist\u011b chce alespo\u0148 v n\u011b\u010dem podobat sv\u00e9mu velk\u00e9mu politick\u00e9mu vzoru. Mimochodem, Jind\u0159ich IV. byl nejprve \u00fasp\u011b\u0161n\u00fdm vojensk\u00fdm v\u016fdcem francouzsk\u00fdch hugenotu. Po masakru hugenot\u016f, ke kter\u00e9mu do\u0161lo v pr\u016fb\u011bhu Bartolom\u011bjsk\u00e9 noci v roce 1572, po n\u00e1tlaku sv\u00fdch anjouovsk\u00fdch p\u0159\u00edbuzn\u00fdch, zejm\u00e9na man\u017eelky Margot a jej\u00edho bratra kr\u00e1le Karla IX., p\u0159estoupil ke katolictv\u00ed. V pr\u016fb\u011bhu kr\u00e1tk\u00e9ho \u010dasu v\u0161ak uprchl ze zajet\u00ed, prakticky dom\u00e1c\u00edho v\u011bzen\u00ed, ve kter\u00e9m se nal\u00e9zal v pa\u0159\u00ed\u017esk\u00e9m kr\u00e1lovsk\u00e9m pal\u00e1ci Louvru. Jind\u0159ich IV. se stal po smrti posledn\u00edho anjouvsk\u00e9ho kr\u00e1le Jind\u0159icha III. (byl zavra\u017ed\u011bn fanatick\u00fdm katol\u00edkem), jako jeho nejbli\u017e\u0161\u00ed p\u0159\u00edbuzn\u00fd v roce 1589 francouzsk\u00fdm kr\u00e1lem. Ale jeho legitimitu neuzn\u00e1vala v\u00fdznamn\u00e1 \u010d\u00e1st francouzsk\u00e9 katolick\u00e9 \u0161lechty a m\u011bsto Pa\u0159\u00ed\u017e. Po ur\u010dit\u00e9m \u010dase Jind\u0159ich pochopil, \u017ee pokud se chce st\u00e1t legitimn\u00edm, v\u0161eobecn\u011b uzn\u00e1van\u00fdm a korunovan\u00fdm francouzsk\u00fdm kr\u00e1lem, mus\u00ed p\u0159estoupit na v\u011bt\u0161inovou, katolickou v\u00edru. To se tak\u00e9 stalo a v roce 1594 byl korunov\u00e1n francouzsk\u00fdm kr\u00e1lem. V\u0161echny politick\u00e9 dohody, kter\u00e9 u\u010dinil se sv\u00fdmi politick\u00fdmi protivn\u00edky, p\u0159edev\u0161\u00edm s p\u0159edchoz\u00edmi nep\u0159\u00e1teli z radik\u00e1ln\u00edho katolick\u00e9ho k\u0159\u00eddla, \u010destn\u011b dodr\u017eel. A Francie b\u011bhem jeho vl\u00e1dy, i d\u00edky jeho hugenotsk\u00e9mu prvn\u00edmu ministrovi, v\u00e9vodovi de Sully, dos\u00e1hla neb\u00fdval\u00e9ho rozkv\u011btu a hlavn\u011b klidu po ob\u010dansk\u00fdch, n\u00e1bo\u017eensk\u00fdch v\u00e1lk\u00e1ch. Jind\u0159ich IV. byl tedy tvrd\u00fd a \u00fasp\u011b\u0161n\u00fd v\u00e1le\u010dn\u00edk, ale tak\u00e9 mu\u017e kompromisu a konsenzu, kdy\u017e bylo pot\u0159eba. A z\u0159ejm\u011b touto cestou, tedy cestou sv\u00e9ho velk\u00e9ho vzoru, se chce mo\u017en\u00e1 tak\u00e9 vydat nov\u00fd francouzsk\u00fd premi\u00e9r Bayrou. \u010c\u00e1st levice ji\u017e nazna\u010dila, \u017ee je ochotna v\u00e9st dialog s n\u00edm.<\/p>\n<p>Je ov\u0161em ot\u00e1zka, co m\u00e1 za lubem prezident Macron. Co ud\u011bl\u00e1 prezident, pokud by ani Bayrouova vl\u00e1da nebyla \u00fasp\u011b\u0161n\u00e1, a skon\u010dila by tak, jako p\u0159ed n\u00edm Barnierova. Tedy v politick\u00e9 izolaci s ned\u016fv\u011brou parlamentu a bez schv\u00e1len\u00e9ho st\u00e1tn\u00edho rozpo\u010dtu. V tom p\u0159\u00edpad\u011b se m\u016f\u017ee prezident rozhodnout pro dal\u0161\u00ed riskantn\u00ed krok. T\u00edm riskantn\u00edm, ba p\u0159\u00edmo hazard\u00e9rsk\u00fdm krokem by bylo, \u017ee vyp\u00ed\u0161e nov\u00e9 parlamentn\u00ed volby. Podle \u00fastavy ov\u0161em mus\u00ed \u010dekat jeden rok od p\u0159edchoz\u00edch parlamentn\u00edch voleb. Osobn\u011b si mysl\u00edm, \u017ee nov\u00e9 parlamentn\u00ed volby prezidentovi politickou resuscitaci neumo\u017en\u00ed. Macron se stal slab\u00fdm mu\u017eem francouzsk\u00e9 a evropsk\u00e9 politiky.<\/p>\n<p>Konec konc\u016f, jeho vl\u00e1d\u011b se neda\u0159\u00ed ani v ekonomick\u00e9 oblasti. Macron byl kdysi, je\u0161t\u011b jako ministr financ\u00ed socialistick\u00e9 vl\u00e1dy naz\u00fdv\u00e1n Mozartem financ\u00ed. J\u00e1 bych sp\u00ed\u0161e \u0159ekl, \u017ee byl p\u0159edev\u0161\u00edm \u00fasp\u011b\u0161n\u00fdm Rothschildov\u00fdm bank\u00e9\u0159em a nic v\u00edc. Pod\u00edl schodku st\u00e1tn\u00edho rozpo\u010dtu na HDP Francie v tomto roce dos\u00e1hne z\u0159ejm\u011b 6,2%. Francie pat\u0159\u00ed mezi nezadlu\u017een\u011bj\u0161\u00ed st\u00e1ty Evropsk\u00e9 unie. A je z\u0159ejm\u00e9, \u017ee tento neblah\u00fd trend se Macronovi, coby prezidentovi, kter\u00fd se v parlament\u011b nem\u016f\u017ee op\u0159\u00edt o v\u00fdraznou v\u011bt\u0161inu, nepoda\u0159\u00ed do konce jeho prezidentstv\u00ed v roce 2027 zvr\u00e1tit. Je to smutn\u00e9 p\u0159edstaven\u00ed, ale tak to je.<\/p>\n<p>Dv\u011b nejv\u011bt\u0161\u00ed zem\u011b Evropsk\u00e9 unie se nyn\u00ed nach\u00e1zej\u00ed v krizi. P\u0159edpokl\u00e1d\u00e1m ov\u0161em, \u017ee v N\u011bmecku m\u016f\u017ee tato krize b\u00fdt vy\u0159e\u0161ena v pr\u016fb\u011bhu prvn\u00edho pololet\u00ed p\u0159\u00ed\u0161t\u00edho roku. Tedy po volb\u00e1ch do Bundestagu. Francie ov\u0161em z\u016fstane nemocn\u00fdm mu\u017eem z\u00e1padn\u00ed Evropy nejm\u00e9n\u011b do konce Macronova prezidentsk\u00e9ho obdob\u00ed.<\/p>\n<p><a href=\"https:\/\/vasevec.info\/komentare\/prezident-macron-miluje-politicka-dobrodruzstvi\">Ji\u0159\u00ed Paroubek<\/a><\/p>\n<p><img decoding=\"async\" loading=\"lazy\" class=\"alignnone size-medium wp-image-2342\" src=\"http:\/\/www.infokuryr.cz\/n\/wp-content\/uploads\/2021\/06\/paroubek-300x208.jpg\" alt=\"\" width=\"300\" height=\"208\" srcset=\"https:\/\/www.infokuryr.cz\/n\/wp-content\/uploads\/2021\/06\/paroubek-300x208.jpg 300w, https:\/\/www.infokuryr.cz\/n\/wp-content\/uploads\/2021\/06\/paroubek.jpg 318w\" sizes=\"(max-width: 300px) 100vw, 300px\" \/><\/p>\n<p>&nbsp;<\/p>\n","protected":false},"excerpt":{"rendered":"<p>P\u0159ed p\u016fl rokem prezident Macron se svou stranou a jej\u00edmi spojenci prohr\u00e1l fat\u00e1ln\u00edm zp\u016fsobem volby&#8230;<\/p>\n","protected":false},"author":2,"featured_media":49839,"comment_status":"closed","ping_status":"closed","sticky":false,"template":"","format":"standard","meta":[],"categories":[6],"tags":[1503,307,122],"_links":{"self":[{"href":"https:\/\/www.infokuryr.cz\/n\/wp-json\/wp\/v2\/posts\/68428"}],"collection":[{"href":"https:\/\/www.infokuryr.cz\/n\/wp-json\/wp\/v2\/posts"}],"about":[{"href":"https:\/\/www.infokuryr.cz\/n\/wp-json\/wp\/v2\/types\/post"}],"author":[{"embeddable":true,"href":"https:\/\/www.infokuryr.cz\/n\/wp-json\/wp\/v2\/users\/2"}],"replies":[{"embeddable":true,"href":"https:\/\/www.infokuryr.cz\/n\/wp-json\/wp\/v2\/comments?post=68428"}],"version-history":[{"count":0,"href":"https:\/\/www.infokuryr.cz\/n\/wp-json\/wp\/v2\/posts\/68428\/revisions"}],"wp:featuredmedia":[{"embeddable":true,"href":"https:\/\/www.infokuryr.cz\/n\/wp-json\/wp\/v2\/media\/49839"}],"wp:attachment":[{"href":"https:\/\/www.infokuryr.cz\/n\/wp-json\/wp\/v2\/media?parent=68428"}],"wp:term":[{"taxonomy":"category","embeddable":true,"href":"https:\/\/www.infokuryr.cz\/n\/wp-json\/wp\/v2\/categories?post=68428"},{"taxonomy":"post_tag","embeddable":true,"href":"https:\/\/www.infokuryr.cz\/n\/wp-json\/wp\/v2\/tags?post=68428"}],"curies":[{"name":"wp","href":"https:\/\/api.w.org\/{rel}","templated":true}]}}