{"id":68421,"date":"2024-12-18T05:55:19","date_gmt":"2024-12-18T04:55:19","guid":{"rendered":"https:\/\/www.infokuryr.cz\/n\/?p=68421"},"modified":"2024-12-18T05:55:19","modified_gmt":"2024-12-18T04:55:19","slug":"donald-trump-pruzkum-byl-podvod-a-vmesovani-do-voleb-budete-tvrde-platit-jako-v-ceske-republice","status":"publish","type":"post","link":"https:\/\/www.infokuryr.cz\/n\/2024\/12\/18\/donald-trump-pruzkum-byl-podvod-a-vmesovani-do-voleb-budete-tvrde-platit-jako-v-ceske-republice\/","title":{"rendered":"Donald Trump: pr\u016fzkum byl \u201epodvod\u201c a \u201evm\u011b\u0161ov\u00e1n\u00ed do voleb\u201c. Budete tvrd\u011b platit! Jako v \u010cesk\u00e9 republice?"},"content":{"rendered":"<div id=\"fb-root\"><\/div>\n<div class=\"introtext\">\n<p><span style=\"font-size: 14pt;\"><strong>&#8222;Mus\u00edme narovnat n\u00e1\u0161 tisk.&#8220; N\u00e1\u0161 tisk je velmi zkorumpovan\u00fd, t\u00e9m\u011b\u0159 stejn\u011b zkorumpovan\u00fd jako na\u0161e volby,\u201c \u0159ekl\u00a0 Trump novin\u00e1\u0159\u016fm na tiskov\u00e9 konferenci.<\/strong><\/span><\/p>\n<\/div>\n<div class=\"fulltext\">\n<p>A dodal, \u017ee pod\u00e1 dal\u0161\u00ed \u017ealoby proti m\u00e9di\u00edm a medi\u00e1ln\u00edm osobnostem, jen p\u00e1r dn\u00ed pot\u00e9, co urovnal svou \u017ealobu proti ABC, ve kter\u00e9 s\u00ed\u0165 souhlasila s p\u0159isp\u011bn\u00edm 15 milion\u016f dolar\u016f jeho prezidentsk\u00e9 nadaci a knihovn\u011b.<\/p>\n<p class=\"paragraph larva \/\/ lrv-u-margin-lr-auto\">Trump navrhl, \u017ee pod\u00e1 \u017ealobu na\u00a0<a id=\"auto-tag_ann-selzer\" href=\"https:\/\/deadline-com.translate.goog\/tag\/ann-selzer\/?_x_tr_sl=auto&amp;_x_tr_tl=cs&amp;_x_tr_hl=cs\" data-tag=\"ann-selzer\">Ann Selzer<\/a>\u00a0a\u00a0<strong>Des Moines Register<\/strong>, kter\u00fd jen n\u011bkolik dn\u00ed p\u0159ed volbami zve\u0159ejnil jej\u00ed pr\u016fzkum, kter\u00fd uk\u00e1zal, \u017ee Kamala Harris m\u00e1 ve st\u00e1t\u011b n\u00e1skok t\u0159\u00ed procentn\u00edch bod\u016f. Jak se uk\u00e1zalo, Trump vyhr\u00e1l st\u00e1t o v\u00edce ne\u017e 13 procentn\u00edch bod\u016f.<\/p>\n<table>\n<tbody>\n<tr>\n<td>\u00a0Jako v \u010cesk\u00e9 republice, kdy strana PRO byla p\u0159i volb\u00e1ch vyautovan\u00e1, p\u0159edseda strany Jind\u0159ich Rajchl m\u011bl &#8222;0&#8220;, slovy nula p\u0159\u00edstup\u016f do masm\u00e9di\u00ed a v pr\u016fzkumech strana PRO nebyla za\u0161krt\u00e1v\u00e1na. NEBO JE KR\u00c1CENA, ABY VOLI\u010cE T\u00c9TO STRANY ODRADILI! Podobn\u00e9 u Svobodn\u00fdch a stejn\u011b jako u volby prezidenta, kdy b\u00fdval\u00fd komunistick\u00fd rozv\u011bd\u010d\u00edk m\u011bl prezidenstv\u00ed vy\u0159azen\u00edm ostatn\u00edch v\u00edt\u011bzstv\u00ed zaru\u010deno!<\/p>\n<p><span style=\"font-size: 14pt;\"><strong>Mimochodem, dokonce i na SPD op\u011bt prapodivn\u00fd soud vyt\u00e1hl, \u017ee je extremistick\u00e1, neb nesd\u00edl\u00ed eurobol\u0161evick\u00e9 hodnoty! A napsali j\u00ed 5%. Neskute\u010dn\u00fd podvod pokra\u010duje.<\/strong><\/span><\/p>\n<p><img decoding=\"async\" loading=\"lazy\" class=\"aligncenter\" src=\"https:\/\/www.skrytapravda.cz\/images\/blogy\/2951\/2025\/VOLBY\/VOLMAP_84639.webp\" alt=\"VOLMAP 84639\" width=\"817\" height=\"459\" \/><\/td>\n<\/tr>\n<\/tbody>\n<\/table>\n<p>Trump tvrdil, \u017ee pr\u016fzkum byl \u201epodvod\u201c a \u201evm\u011b\u0161ov\u00e1n\u00ed do voleb\u201c. &#8222;Pravd\u011bpodobn\u011b dnes nebo z\u00edtra proti nim pod\u00e1me velkou \u017ealobu,&#8220; \u0159ekl.<\/p>\n<div class=\"info_box leva_tretina jpalert\">\n<div class=\"explanationContent\">Obl\u00edbenost nov\u011b zvolen\u00e9ho prezidenta Donalda Trumpa dos\u00e1hla sedmilet\u00e9ho maxima a v\u011bt\u0161ina Ameri\u010dan\u016f schvaluje jeho zvl\u00e1dnut\u00ed procesu p\u0159echodu,&#8220; uvedl ned\u00e1vno Forbes.<\/p>\n<\/div>\n<\/div>\n<p>Selzerov\u00e1 minul\u00fd t\u00fdden v rozhovoru pro m\u00edstn\u00ed stanici PBS \u0159ekla, \u017ee je \u201ezmaten\u00e1 z motivace, kterou si n\u011bkdo mysl\u00ed, \u017ee jsem m\u011bla a podle kter\u00e9 bych jednala v takov\u00e9m ve\u0159ejn\u00e9m pr\u016fzkumu. J\u00e1 tomu nerozum\u00edm. A ta obvin\u011bn\u00ed beru velmi v\u00e1\u017en\u011b. \u0158\u00edkaj\u00ed, \u017ee jde o zasahov\u00e1n\u00ed do voleb, co\u017e je zlo\u010din. Tak\u017ee my\u0161lenka, kterou jsem \u00famysln\u011b nastavila, abych doru\u010dila tuto odpov\u011b\u010f, kdy\u017e jsem to nikdy neud\u011blala. M\u011bla jsem k tomu spoustu p\u0159\u00edle\u017eitost\u00ed, nen\u00ed to moje etika. Ale navrhnout bez jedin\u00e9ho d\u016fkazu, \u017ee jsem byl as n\u011bk\u00fdm ve shod\u011b, \u017ee jsem byl placena\u2026je t\u011b\u017ek\u00e9 tomu v\u011bnovat p\u0159\u00edli\u0161nou pozornost, p\u0159ijm\u011bte, \u017ee m\u011b obvi\u0148uj\u00ed ze zlo\u010dinu.\u201c<\/p>\n<p class=\"paragraph larva \/\/ lrv-u-margin-lr-auto\">Lark-Marie Anton, mluv\u010d\u00ed Registru, uvedl, \u017ee uznali, \u017ee pr\u016fzkum \u201eneodr\u00e1\u017e\u00ed kone\u010dn\u00fd rozd\u00edl v\u00edt\u011bzstv\u00ed prezidenta Trumpa ve volebn\u00edm dni v Iow\u011b zve\u0159ejn\u011bn\u00edm \u00fapln\u00fdch demografick\u00fdch \u00fadaj\u016f, k\u0159\u00ed\u017eov\u00fdch tabulek, v\u00e1\u017een\u00fdch a nev\u00e1\u017een\u00fdch \u00fadaj\u016f a tak\u00e9 technick\u00e9 vysv\u011btlen\u00ed od hlasatelky Ann Selzerov\u00e9. Stoj\u00edme si za sv\u00fdmi zpr\u00e1vami o t\u00e9to z\u00e1le\u017eitosti a v\u011b\u0159\u00edme, \u017ee soudn\u00ed spor by byl bezd\u016fvodn\u00fd.\u201c<\/p>\n<p><strong>Tot\u00e9\u017e se d\u011blo u strany PRO, kdy masm\u00e9dia ukazovala st\u00e1le dokola, \u017ee strana bude m\u00edt 1%, a\u017e ze 6% spadla na 3% a ani jednou nikdo z t\u00e9to strany nemohl v masm\u00e9di\u00edch, dokonce ani ve ve\u0159ejnopr\u00e1vn\u00ed televizi v diskuz\u00edch obh\u00e1jit jej\u00ed program! A tot\u00e9\u017e se d\u011bje i nyn\u00ed!<\/strong><\/p>\n<p><span style=\"font-size: 18pt;\"><em>Dal\u0161\u00ed d\u016fkazy zlo\u010din\u016f proti demokracii a svobodn\u00fdm volb\u00e1m budeme zve\u0159ej\u0148ovat!<\/em><\/span><\/p>\n<p><a href=\"https:\/\/www.skrytapravda.cz\/ze-zahranici\/2277-donald-trump-pruzkum-byl-podvod-a-vmesovani-do-voleb-jako-v-ceske-republice\">Petr Pokorn\u00fd<\/a><\/p>\n<p>&nbsp;<\/p>\n<\/div>\n","protected":false},"excerpt":{"rendered":"<p>&#8222;Mus\u00edme narovnat n\u00e1\u0161 tisk.&#8220; N\u00e1\u0161 tisk je velmi zkorumpovan\u00fd, t\u00e9m\u011b\u0159 stejn\u011b zkorumpovan\u00fd jako na\u0161e volby,\u201c&#8230;<\/p>\n","protected":false},"author":2,"featured_media":68422,"comment_status":"closed","ping_status":"closed","sticky":false,"template":"","format":"standard","meta":[],"categories":[6],"tags":[1042,607,452,2526],"_links":{"self":[{"href":"https:\/\/www.infokuryr.cz\/n\/wp-json\/wp\/v2\/posts\/68421"}],"collection":[{"href":"https:\/\/www.infokuryr.cz\/n\/wp-json\/wp\/v2\/posts"}],"about":[{"href":"https:\/\/www.infokuryr.cz\/n\/wp-json\/wp\/v2\/types\/post"}],"author":[{"embeddable":true,"href":"https:\/\/www.infokuryr.cz\/n\/wp-json\/wp\/v2\/users\/2"}],"replies":[{"embeddable":true,"href":"https:\/\/www.infokuryr.cz\/n\/wp-json\/wp\/v2\/comments?post=68421"}],"version-history":[{"count":1,"href":"https:\/\/www.infokuryr.cz\/n\/wp-json\/wp\/v2\/posts\/68421\/revisions"}],"predecessor-version":[{"id":68423,"href":"https:\/\/www.infokuryr.cz\/n\/wp-json\/wp\/v2\/posts\/68421\/revisions\/68423"}],"wp:featuredmedia":[{"embeddable":true,"href":"https:\/\/www.infokuryr.cz\/n\/wp-json\/wp\/v2\/media\/68422"}],"wp:attachment":[{"href":"https:\/\/www.infokuryr.cz\/n\/wp-json\/wp\/v2\/media?parent=68421"}],"wp:term":[{"taxonomy":"category","embeddable":true,"href":"https:\/\/www.infokuryr.cz\/n\/wp-json\/wp\/v2\/categories?post=68421"},{"taxonomy":"post_tag","embeddable":true,"href":"https:\/\/www.infokuryr.cz\/n\/wp-json\/wp\/v2\/tags?post=68421"}],"curies":[{"name":"wp","href":"https:\/\/api.w.org\/{rel}","templated":true}]}}