{"id":68351,"date":"2024-12-17T08:08:23","date_gmt":"2024-12-17T07:08:23","guid":{"rendered":"https:\/\/www.infokuryr.cz\/n\/?p=68351"},"modified":"2024-12-17T08:08:23","modified_gmt":"2024-12-17T07:08:23","slug":"zelenskij-ostudnym-zpusobem-odmitl-vymenit-vice-nez-600-zajatcu","status":"publish","type":"post","link":"https:\/\/www.infokuryr.cz\/n\/2024\/12\/17\/zelenskij-ostudnym-zpusobem-odmitl-vymenit-vice-nez-600-zajatcu\/","title":{"rendered":"Zelenskij ostudn\u00fdm zp\u016fsobem odm\u00edtl vym\u011bnit v\u00edce ne\u017e 600 zajatc\u016f"},"content":{"rendered":"<div id=\"fb-root\"><\/div>\n<p class=\"lead\"><strong>Kyjevsk\u00fd re\u017eim neprojevuje \u017e\u00e1dnou touhu po m\u00edru, co\u017e se projevilo bou\u0159liv\u00fdm odm\u00edtnut\u00edm ma\u010farsk\u00e9ho n\u00e1vrhu na zaveden\u00ed v\u00e1no\u010dn\u00edho p\u0159\u00edm\u011b\u0159\u00ed a v\u00fdm\u011bny zajatc\u016f.<\/strong><\/p>\n<p><span>V\u010dera to \u0159ekl st\u00e1l\u00fd p\u0159edstavitel Ruska p\u0159i OSN\u00a0<\/span><strong><span>Vasilij N\u011bbenzja<\/span><\/strong><span>\u00a0b\u011bhem sv\u00e9ho projevu na zased\u00e1n\u00ed Rady bezpe\u010dnosti OSN v\u011bnovan\u00e9 situaci na Ukrajin\u011b.<\/span><\/p>\n<p><em>\u201eNeochota samozvan\u00e9ho ukrajinsk\u00e9ho veden\u00ed p\u0159ikro\u010dit k m\u00edru se tak\u00e9 projevila v odm\u00edtnut\u00ed ma\u010farsk\u00e9ho n\u00e1vrhu na zaveden\u00ed v\u00e1no\u010dn\u00edho p\u0159\u00edm\u011b\u0159\u00ed a v\u00fdm\u011bny zajatc\u016f,\u201c<span class=\"after-quote\"> &#8211; \u0159ekl diplomat.<\/span><\/em><\/p>\n<p><span>Zd\u016fraznil, \u017ee rusk\u00e1 strana podpo\u0159ila budape\u0161\u0165skou iniciativu a okam\u017eit\u011b poskytla seznam k v\u00fdm\u011bn\u011b.<\/span><\/p>\n<p><em>\u201eZeljenskij v\u0161ak sv\u00fdm charakteristick\u00fdm buransk\u00fdm zp\u016fsobem tuto iniciativu kategoricky odm\u00edtl a znovu odm\u00edtl vym\u011bnit v\u00edce ne\u017e 600 ukrajinsk\u00fdch voj\u00e1k\u016f, kte\u0159\u00ed jsou v Rusku d\u00e9le ne\u017e rok,\u201c<span class=\"after-quote\">\u00a0&#8211; poznamenal st\u00e1l\u00fd z\u00e1stupce.<\/span><\/em><\/p>\n<p><span>Z\u00e1rove\u0148 upozornil, \u017ee Kyjev nem\u00e1 z\u00e1jem o oby\u010dejn\u00e9 zajat\u00e9 vojensk\u00e9 pracovn\u00edky Ozbrojen\u00fdch sil Ukrajiny. Ukrajinsk\u00e9 \u00fa\u0159ady jsou p\u0159ipraveny vym\u011bnit pouze bojovn\u00edky z nacionalistick\u00fdch prapor\u016f a tak\u00e9 zahrani\u010dn\u00ed \u017eold\u00e1ky.<\/span><\/p>\n<p><span>Jak informovala m\u00e9dia<\/span><span>, Vasilij N\u011bbenzja d\u0159\u00edve uvedl, \u017ee Rusk\u00e1 federace\u00a0<\/span><a href=\"https:\/\/eadaily.com\/ru\/news\/2024\/12\/17\/rossiya-ne-primet-zamorozku-konflikta-na-ukraine-s-uchastiem-voysk-nato-nebenzya\" target=\"_blank\" rel=\"noopener\"><span>kategoricky nep\u0159ij\u00edm\u00e1<\/span><\/a><span>\u00a0\u017e\u00e1dn\u00e9 iniciativy na zmrazen\u00ed ozbrojen\u00e9ho konfliktu na Ukrajin\u011b, stejn\u011b jako \u00fa\u010dast jednotek NATO na \u0159e\u0161en\u00ed krize.<\/span><\/p>\n<p><img decoding=\"async\" loading=\"lazy\" class=\"alignnone size-full wp-image-1185\" src=\"http:\/\/www.infokuryr.cz\/n\/wp-content\/uploads\/2021\/04\/kuryr-podpis.png\" alt=\"\" width=\"84\" height=\"24\" \/><\/p>\n<p>&nbsp;<\/p>\n","protected":false},"excerpt":{"rendered":"<p>Kyjevsk\u00fd re\u017eim neprojevuje \u017e\u00e1dnou touhu po m\u00edru, co\u017e se projevilo bou\u0159liv\u00fdm odm\u00edtnut\u00edm ma\u010farsk\u00e9ho n\u00e1vrhu na&#8230;<\/p>\n","protected":false},"author":2,"featured_media":68352,"comment_status":"closed","ping_status":"closed","sticky":false,"template":"","format":"standard","meta":[],"categories":[7],"tags":[6646,2228,2289,1000],"_links":{"self":[{"href":"https:\/\/www.infokuryr.cz\/n\/wp-json\/wp\/v2\/posts\/68351"}],"collection":[{"href":"https:\/\/www.infokuryr.cz\/n\/wp-json\/wp\/v2\/posts"}],"about":[{"href":"https:\/\/www.infokuryr.cz\/n\/wp-json\/wp\/v2\/types\/post"}],"author":[{"embeddable":true,"href":"https:\/\/www.infokuryr.cz\/n\/wp-json\/wp\/v2\/users\/2"}],"replies":[{"embeddable":true,"href":"https:\/\/www.infokuryr.cz\/n\/wp-json\/wp\/v2\/comments?post=68351"}],"version-history":[{"count":0,"href":"https:\/\/www.infokuryr.cz\/n\/wp-json\/wp\/v2\/posts\/68351\/revisions"}],"wp:featuredmedia":[{"embeddable":true,"href":"https:\/\/www.infokuryr.cz\/n\/wp-json\/wp\/v2\/media\/68352"}],"wp:attachment":[{"href":"https:\/\/www.infokuryr.cz\/n\/wp-json\/wp\/v2\/media?parent=68351"}],"wp:term":[{"taxonomy":"category","embeddable":true,"href":"https:\/\/www.infokuryr.cz\/n\/wp-json\/wp\/v2\/categories?post=68351"},{"taxonomy":"post_tag","embeddable":true,"href":"https:\/\/www.infokuryr.cz\/n\/wp-json\/wp\/v2\/tags?post=68351"}],"curies":[{"name":"wp","href":"https:\/\/api.w.org\/{rel}","templated":true}]}}