{"id":6833,"date":"2021-12-13T03:07:48","date_gmt":"2021-12-13T02:07:48","guid":{"rendered":"http:\/\/www.infokuryr.cz\/n\/?p=6833"},"modified":"2021-12-13T03:07:48","modified_gmt":"2021-12-13T02:07:48","slug":"polsko-vyhrozuje-eu-ze-nebude-posilat-platby-do-unijniho-rozpoctu","status":"publish","type":"post","link":"https:\/\/www.infokuryr.cz\/n\/2021\/12\/13\/polsko-vyhrozuje-eu-ze-nebude-posilat-platby-do-unijniho-rozpoctu\/","title":{"rendered":"Polsko vyhro\u017euje EU, \u017ee nebude pos\u00edlat platby do unijn\u00edho rozpo\u010dtu"},"content":{"rendered":"<div id=\"fb-root\"><\/div>\n<p><strong>Polsk\u00fd ministr spravedlnosti Zbigniew Ziobro \u0159ekl, \u017ee Var\u0161ava by m\u011bla p\u0159estat pos\u00edlat platby do rozpo\u010dtu EU.<\/strong><\/p>\n<p>Polsk\u00fd\u00a0<strong>ministr spravedlnosti\u00a0<\/strong>Zbigniew Ziobro nevylou\u010dil, \u017ee republika p\u0159estane platit do rozpo\u010dtu EU v p\u0159\u00edpad\u011b, \u017ee\u00a0Brusel sn\u00ed\u017e\u00ed dotace.<\/p>\n<p>\u201ePolsko mus\u00ed reagovat na vyd\u00edr\u00e1n\u00ed ze stran EU, a to vetem ve v\u0161ech z\u00e1le\u017eitostech, kter\u00e9 po\u017eaduj\u00ed jednohlasn\u00e9 rozhodnut\u00ed. Pokud bude spor pokra\u010dovat, budu po\u017eadovat pozastaven\u00ed plateb do unijn\u00edho rozpo\u010dtu,\u201c \u0159ekl b\u011bhem debaty s Financial Times.<\/p>\n<p>Ministr spravedlnosti tak\u00e9 doporu\u010dil, \u017ee by se m\u011bla zv\u00e1\u017eit \u00fa\u010dast zem\u011b v klimatick\u00e9 a energetick\u00e9 politice.<\/p>\n<p>Dle jeho n\u00e1zoru, EU d\u00e1v\u00e1\u00a0Var\u0161av\u011b nesplniteln\u00e9 podm\u00ednky. Mimo to,\u00a0<strong>Ziobro\u00a0<\/strong>tak\u00e9 obvinil evropsk\u00e9 veden\u00ed v tom, \u017ee se sna\u017e\u00ed zm\u011bnit polskou vl\u00e1du.<\/p>\n<p>\u201ePol\u00e1k\u016fm d\u00e1vaj\u00ed jasn\u00fd vzkaz: podporujete sou\u010dasnou vl\u00e1du, nedostanete finan\u010dn\u00ed prost\u0159edky. Nezaj\u00edmaj\u00ed se o nad\u0159azenost pr\u00e1va,\u201c sd\u011blil.<\/p>\n<p>\u00dastavn\u00ed soud v\u00a0Polsku ji\u017e d\u0159\u00edve potvrdil, \u017ee z\u00e1kladn\u00ed z\u00e1kon republiky je nad\u0159azen\u00fd tomu evropsk\u00e9mu. Evropsk\u00fd parlament na to odpov\u011bd\u011bl, \u017ee instance \u201enem\u00e1 pr\u00e1vn\u00ed s\u00edlu a nez\u00e1vislost a nem\u00e1 pr\u00e1vo se vm\u011b\u0161ovat do \u00fastavy zem\u011b\u201c.\u00a0<strong>Poslanci\u00a0<\/strong>obvinili Var\u0161avu, \u017ee naru\u0161ila z\u00e1sady nad\u0159azenosti pr\u00e1va EU a vyzvali Brusel, aby okam\u017eit\u011b zah\u00e1jil soudn\u00ed \u0159\u00edzen\u00ed. Navrhli tak\u00e9, aby bylo odep\u0159eno financov\u00e1n\u00ed n\u00e1rodn\u00edho pl\u00e1nu na obnovu ekonomiky po pandemii.<\/p>\n<p>Pozd\u011bji polsk\u00fd soud konstatoval, \u017ee Evropsk\u00e1 \u00famluva o ochran\u011b lidsk\u00fdch pr\u00e1v proti\u0159e\u010d\u00ed s \u00fastavou zem\u011b. Jedn\u00e1 se o bod dohody, kter\u00fd stanovil Evropsk\u00fd soud pro lidsk\u00e1 pr\u00e1va a d\u00e1v\u00e1\u00a0pravomoci posuzovat v\u00fdb\u011br soudc\u016f\u00a0<a href=\"https:\/\/cz.sputniknews.com\/20211210\/klaus-ustavni-zaloba-na-zemana-je-degradaci-systemu-lipavsky-na-funkci-ministra-zahranici-nema-16817526.html\">\u00fastavn\u00edch <\/a>soud\u016f jednotliv\u00fdch st\u00e1t\u016f.<\/p>\n<p>Ministr rovn\u011b\u017e uvedl, \u017ee v EU m\u00e1 b\u00fdt z\u00e1kladem p\u0159\u00e1telstv\u00ed jednotliv\u00fdch st\u00e1t\u016f a nem\u00e1 p\u0159evl\u00e1dat vl\u00e1da nejsiln\u011bj\u0161\u00edch a byrokracie Bruselu. Ta toti\u017e nen\u00ed demokraticky kontrolov\u00e1na.<\/p>\n<p>Zd\u016fraznil, \u017ee nikdy nep\u0159ipust\u00ed, aby byla omezena suverenita Polska v d\u016fsledku po\u017eadavk\u016f Bruselu.<\/p>\n<p>\u201eNikdy nebudeme souhlasit s t\u00edm, aby m\u011blo Polsko status kolonie,\u201c \u0159ekl ministr.<\/p>\n<p><a href=\"https:\/\/cz.sputniknews.com\/20211212\/polsko-vyhrozuje-eu-ze-nebude-posilat-platby-do-unijniho-rozpoctu-16836659.html\">ZDROJ<\/a><\/p>\n<p>&nbsp;<\/p>\n","protected":false},"excerpt":{"rendered":"<p>Polsk\u00fd ministr spravedlnosti Zbigniew Ziobro \u0159ekl, \u017ee Var\u0161ava by m\u011bla p\u0159estat pos\u00edlat platby do rozpo\u010dtu&#8230;<\/p>\n","protected":false},"author":2,"featured_media":4482,"comment_status":"closed","ping_status":"closed","sticky":false,"template":"","format":"standard","meta":[],"categories":[7],"tags":[41,90,31],"_links":{"self":[{"href":"https:\/\/www.infokuryr.cz\/n\/wp-json\/wp\/v2\/posts\/6833"}],"collection":[{"href":"https:\/\/www.infokuryr.cz\/n\/wp-json\/wp\/v2\/posts"}],"about":[{"href":"https:\/\/www.infokuryr.cz\/n\/wp-json\/wp\/v2\/types\/post"}],"author":[{"embeddable":true,"href":"https:\/\/www.infokuryr.cz\/n\/wp-json\/wp\/v2\/users\/2"}],"replies":[{"embeddable":true,"href":"https:\/\/www.infokuryr.cz\/n\/wp-json\/wp\/v2\/comments?post=6833"}],"version-history":[{"count":0,"href":"https:\/\/www.infokuryr.cz\/n\/wp-json\/wp\/v2\/posts\/6833\/revisions"}],"wp:featuredmedia":[{"embeddable":true,"href":"https:\/\/www.infokuryr.cz\/n\/wp-json\/wp\/v2\/media\/4482"}],"wp:attachment":[{"href":"https:\/\/www.infokuryr.cz\/n\/wp-json\/wp\/v2\/media?parent=6833"}],"wp:term":[{"taxonomy":"category","embeddable":true,"href":"https:\/\/www.infokuryr.cz\/n\/wp-json\/wp\/v2\/categories?post=6833"},{"taxonomy":"post_tag","embeddable":true,"href":"https:\/\/www.infokuryr.cz\/n\/wp-json\/wp\/v2\/tags?post=6833"}],"curies":[{"name":"wp","href":"https:\/\/api.w.org\/{rel}","templated":true}]}}