{"id":68292,"date":"2024-12-16T07:02:10","date_gmt":"2024-12-16T06:02:10","guid":{"rendered":"https:\/\/www.infokuryr.cz\/n\/?p=68292"},"modified":"2024-12-16T07:02:10","modified_gmt":"2024-12-16T06:02:10","slug":"cecensky-vudce-slibuje-pomstu-po-utoku-ukrajinskeho-dronu","status":"publish","type":"post","link":"https:\/\/www.infokuryr.cz\/n\/2024\/12\/16\/cecensky-vudce-slibuje-pomstu-po-utoku-ukrajinskeho-dronu\/","title":{"rendered":"\u010ce\u010densk\u00fd v\u016fdce slibuje pomstu po \u00fatoku ukrajinsk\u00e9ho dronu"},"content":{"rendered":"<div id=\"fb-root\"><\/div>\n<p><span style=\"font-size: 18pt;\"><strong>Hlavn\u00ed m\u011bsto p\u0159ev\u00e1\u017en\u011b muslimsk\u00e9ho rusk\u00e9ho regionu za\u017eilo b\u011bhem t\u00fddne druh\u00fd \u00fatok dronem<\/strong><\/span><\/p>\n<p><span>T\u0159i bezpilotn\u00ed letouny za\u00fato\u010dily v ned\u011bli na m\u011bsto Groznyj v Rusk\u00e9 \u010ce\u010densk\u00e9 republice. \u0160lo o druh\u00fd \u00fatok na ji\u017en\u00ed republiku b\u011bhem t\u00fddne.\u00a0<\/span><\/p>\n<p><span>Podle m\u00edstn\u00edho v\u016fdce Ramzana Kadyrova nedo\u0161lo k \u017e\u00e1dn\u00fdm ztr\u00e1t\u00e1m, protivzdu\u0161n\u00e1 obrana sest\u0159elila dva nep\u0159\u00e1telsk\u00e9 UAV. T\u0159et\u00ed padl v prostor\u00e1ch praporu po\u0159\u00e1dkov\u00e9 policie Achmat Groznyj pod ruskou N\u00e1rodn\u00ed gardou.\u00a0<\/span><\/p>\n<p><em><span>&#8222;A\u017e p\u0159\u00ed\u0161t\u011b p\u0159ijdete s my\u0161lenkou zas\u00e1hnout \u010ce\u010denskou republiku drony, m\u011bjte na pam\u011bti, \u017ee provedeme selektivn\u00ed \u00fadery na m\u00edsta, kde se shroma\u017e\u010fuje person\u00e1l ukrajinsk\u00fdch ozbrojen\u00fdch sil,&#8220;<\/span><\/em><span>\u00a0\u00a0varoval Kadyrov na sv\u00e9m kan\u00e1lu Telegram.<\/span><\/p>\n<p><span>Kadyrov \u0159ekl, \u017ee po \u00faderu dal rusk\u00e9 arm\u00e1d\u011b um\u00edst\u011bn\u00ed ukrajinsk\u00fdch jednotek. Dv\u011b rakety Iskander podle n\u011bj v poledne zne\u0161kodnily 200 voj\u00e1k\u016f ukrajinsk\u00fdch ozbrojen\u00fdch sil p\u0159i \u00fatoku na jedno ze za\u0159\u00edzen\u00ed ve m\u011bst\u011b Charkov.\u00a0<\/span><\/p>\n<p><span>V ukrajinsk\u00fdch m\u00e9di\u00edch se objevily zpr\u00e1vy o \u00fatoku na m\u011bsto. Rusk\u00e9 ministerstvo obrany zat\u00edm \u00fader ofici\u00e1ln\u011b nekomentovalo.<\/span><\/p>\n<p><span>Ve \u010dtvrtek ukrajinsk\u00fd dron po\u0161kodil policejn\u00ed kas\u00e1rna v Grozn\u00e9m a zranil \u010dty\u0159i voj\u00e1ky.\u00a0<\/span><\/p>\n<p><em><span>&#8222;Pokud jde o mor\u00e1lku, takov\u00e9 pokusy pouze posiluj\u00ed na\u0161i v\u00edru ve v\u00edt\u011bzstv\u00ed a v\u016fli rychle porazit nep\u0159\u00edtele,&#8220;<\/span><\/em><span>\u00a0napsal tehdy Kadyrov.\u00a0<\/span><\/p>\n<p><span>Ukrajina b\u011bhem posledn\u00edch dvou let eskalace konfliktu s Moskvou zah\u00e1jila stovky \u00fatok\u016f bezpilotn\u00edch letoun\u016f na r\u016fzn\u00e9 rusk\u00e9 regiony. Poprv\u00e9 se dron dostal do \u010ce\u010densk\u00e9 republiky v \u0159\u00edjnu. Ter\u010dem v t\u00e9 dob\u011b byla rusk\u00e1 univerzita speci\u00e1ln\u00edch sil. Kadyrov d\u0159\u00edve uvedl, \u017ee od eskalace konfliktu pro\u0161lo v\u00fdcvikem v centru v\u00edce ne\u017e 47 000 bojovn\u00edk\u016f, v\u010detn\u011b 19 000 dobrovoln\u00edk\u016f.<\/span><\/p>\n<p><img decoding=\"async\" loading=\"lazy\" class=\"alignnone size-full wp-image-1185\" src=\"http:\/\/www.infokuryr.cz\/n\/wp-content\/uploads\/2021\/04\/kuryr-podpis.png\" alt=\"\" width=\"84\" height=\"24\" \/><\/p>\n<p>&nbsp;<\/p>\n","protected":false},"excerpt":{"rendered":"<p>Hlavn\u00ed m\u011bsto p\u0159ev\u00e1\u017en\u011b muslimsk\u00e9ho rusk\u00e9ho regionu za\u017eilo b\u011bhem t\u00fddne druh\u00fd \u00fatok dronem T\u0159i bezpilotn\u00ed letouny&#8230;<\/p>\n","protected":false},"author":2,"featured_media":59745,"comment_status":"closed","ping_status":"closed","sticky":false,"template":"","format":"standard","meta":[],"categories":[7],"tags":[1948,4190,1635],"_links":{"self":[{"href":"https:\/\/www.infokuryr.cz\/n\/wp-json\/wp\/v2\/posts\/68292"}],"collection":[{"href":"https:\/\/www.infokuryr.cz\/n\/wp-json\/wp\/v2\/posts"}],"about":[{"href":"https:\/\/www.infokuryr.cz\/n\/wp-json\/wp\/v2\/types\/post"}],"author":[{"embeddable":true,"href":"https:\/\/www.infokuryr.cz\/n\/wp-json\/wp\/v2\/users\/2"}],"replies":[{"embeddable":true,"href":"https:\/\/www.infokuryr.cz\/n\/wp-json\/wp\/v2\/comments?post=68292"}],"version-history":[{"count":0,"href":"https:\/\/www.infokuryr.cz\/n\/wp-json\/wp\/v2\/posts\/68292\/revisions"}],"wp:featuredmedia":[{"embeddable":true,"href":"https:\/\/www.infokuryr.cz\/n\/wp-json\/wp\/v2\/media\/59745"}],"wp:attachment":[{"href":"https:\/\/www.infokuryr.cz\/n\/wp-json\/wp\/v2\/media?parent=68292"}],"wp:term":[{"taxonomy":"category","embeddable":true,"href":"https:\/\/www.infokuryr.cz\/n\/wp-json\/wp\/v2\/categories?post=68292"},{"taxonomy":"post_tag","embeddable":true,"href":"https:\/\/www.infokuryr.cz\/n\/wp-json\/wp\/v2\/tags?post=68292"}],"curies":[{"name":"wp","href":"https:\/\/api.w.org\/{rel}","templated":true}]}}