{"id":68291,"date":"2024-12-16T06:58:30","date_gmt":"2024-12-16T05:58:30","guid":{"rendered":"https:\/\/www.infokuryr.cz\/n\/?p=68291"},"modified":"2024-12-16T06:58:30","modified_gmt":"2024-12-16T05:58:30","slug":"trumpuv-tym-studuje-orbanovu-iniciativu-k-zastaveni-palby","status":"publish","type":"post","link":"https:\/\/www.infokuryr.cz\/n\/2024\/12\/16\/trumpuv-tym-studuje-orbanovu-iniciativu-k-zastaveni-palby\/","title":{"rendered":"Trump\u016fv t\u00fdm studuje Orb\u00e1novu iniciativu k zastaven\u00ed palby"},"content":{"rendered":"<div id=\"fb-root\"><\/div>\n<p><span style=\"font-size: 18pt;\"><strong>Kyjev ji\u017e n\u00e1vrh odm\u00edtl a u\u010dinil tak \u201ebezprecedentn\u00edm\u201c zp\u016fsobem, uvedla Budape\u0161\u0165<\/strong><\/span><\/p>\n<p><span>Nov\u011b zvolen\u00fd americk\u00fd prezident Donald Trump se\u00a0<\/span><em><span>\u201epodrobn\u011b pod\u00edv\u00e1\u201c<\/span><\/em><span>\u00a0na n\u00e1vrh v\u00e1no\u010dn\u00edho p\u0159\u00edm\u011b\u0159\u00ed a v\u00fdm\u011bny v\u011bz\u0148\u016f mezi Ruskem a Ukrajinou, kter\u00fd p\u0159edlo\u017eil ma\u010farsk\u00fd premi\u00e9r Viktor Orb\u00e1n, uvedl Trump\u016fv kandid\u00e1t na poradce pro n\u00e1rodn\u00ed bezpe\u010dnost Mike Waltz.<\/span><\/p>\n<p><span>Orban se v pond\u011bl\u00ed setkal s Trumpem a Waltzem v s\u00eddle nastupuj\u00edc\u00edho prezidenta Mar-a-Lago, dva dny p\u0159edt\u00edm, ne\u017e telefonicky hovo\u0159il s rusk\u00fdm prezidentem Vladimirem Putinem. Po rozhovoru Kreml ozn\u00e1mil, \u017ee Orb\u00e1n navrhl na \u0160t\u011bdr\u00fd den p\u0159\u00edm\u011b\u0159\u00ed a rozs\u00e1hlou v\u00fdm\u011bnu zajatc\u016f mezi Moskvou a Kyjevem a \u017ee rusk\u00e1 vl\u00e1da odpov\u011bd\u011bla zasl\u00e1n\u00edm sv\u00fdch n\u00e1pad\u016f na v\u00fdm\u011bnu v\u00e1le\u010dn\u00fdch zajatc\u016f na ma\u010farsk\u00e9 velvyslanectv\u00ed v Moskv\u011b. .<\/span><\/p>\n<p><span>Waltz v ned\u011bli pro CBS News odm\u00edtl \u0159\u00edci, zda Orban p\u0159edal Putinovi zpr\u00e1vu od Trumpa. \u0158ekl v\u0161ak, \u017ee Trumpova \u010dekaj\u00edc\u00ed administrativa chce\u00a0<\/span><em><span>\u201ezastavit boje\u201c<\/span><\/em><span>\u00a0a \u017ee pokud bude\u00a0<\/span><em><span>\u201en\u011bjak\u00fd typ p\u0159\u00edm\u011b\u0159\u00ed jako prvn\u00ed krok&#8230; d\u016fkladn\u011b se pod\u00edv\u00e1me, co to znamen\u00e1\u201c.<\/span><\/em><\/p>\n<p><em><span>&#8222;Orban se pravideln\u011b st\u00fdk\u00e1 s Rusy a m\u00e1 zjevn\u011b dobr\u00fd vztah s prezidentem Trumpem a douf\u00e1m, \u017ee cel\u00fd sv\u011bt by cht\u011bl vid\u011bt n\u011bjak\u00fd typ zastaven\u00ed vra\u017ed\u011bn\u00ed,&#8220;<\/span><\/em><span>\u00a0\u0159ekl Waltz Margaret Brennanov\u00e9 CBS, volaj\u00edc\u00ed do Donbasu. boji\u0161t\u011b\u00a0<\/span><em><span>\u201eml\u00fdnek na maso lidsk\u00fdch bytost\u00ed\u201c.<\/span><\/em><\/p>\n<p><span>Orb\u00e1n v p\u0159\u00edsp\u011bvku na soci\u00e1ln\u00edch s\u00edt\u00edch ve st\u0159edu uvedl, \u017ee ukrajinsk\u00fd v\u016fdce Vladimir Zelenskij\u00a0<\/span><em><span>\u201ejasn\u011b odm\u00edtl\u201c<\/span><\/em><span>\u00a0jeho navrhovan\u00e9 p\u0159\u00edm\u011b\u0159\u00ed. Ukrajinsk\u00fd v\u016fdce Vladimir Zelenskij ve sv\u00e9m vlastn\u00edm postu zleh\u010doval Orb\u00e1novy diplomatick\u00e9 aktivity a tvrdil, \u017ee ma\u010farsk\u00fd v\u016fdce se pouze sna\u017eil\u00a0<\/span><em><span>\u201epos\u00edlit osobn\u00ed image na \u00fakor jednoty\u201c<\/span><\/em><span>\u00a0v EU ohledn\u011b podpory Kyjeva.<\/span><\/p>\n<p><span>Ma\u010farsk\u00fd ministr zahrani\u010d\u00ed Peter Szijjarto pot\u00e9 prozradil, \u017ee ukrajinsk\u00e9 veden\u00ed odm\u00edtlo \u017e\u00e1dost o telefon\u00e1t od Orb\u00e1na a u\u010dinilo tak zp\u016fsobem, kter\u00fd byl\u00a0<\/span><em><span>\u201ev diplomacii zcela bezprecedentn\u00ed\u201c.<\/span><\/em><span>\u00a0V rozhovoru pro ve\u0159ejnopr\u00e1vn\u00ed rozhlas Kossuth Radio v ned\u011bli Szijjarto \u0159ekl, \u017ee \u017e\u00e1dost byla zam\u00edtnuta\u00a0<\/span><em><span>\u201epon\u011bkud napjat\u00fdm\u201c<\/span><\/em><span>\u00a0zp\u016fsobem, ani\u017e by up\u0159esnil p\u0159esn\u00e9 zn\u011bn\u00ed pou\u017eit\u00e9 \u00fa\u0159ady v Kyjev\u011b.<\/span><\/p>\n<p><span>Trump opakovan\u011b sliboval ukon\u010den\u00ed ukrajinsk\u00e9ho konfliktu do jednoho dne od n\u00e1stupu do \u00fa\u0159adu. Neup\u0159esnil v\u0161ak, jak toho chce dos\u00e1hnout, a Moskva i Kyjev zpochyb\u0148uj\u00ed jeho schopnost zastavit boje bez pomoci.<\/span><\/p>\n<p><em><span>&#8222;Trump to mysl\u00ed opravdu v\u00e1\u017en\u011b s t\u00edm, \u017ee chce dos\u00e1hnout p\u0159\u00edm\u011b\u0159\u00ed prvn\u00edho dne,&#8220;<\/span><\/em><span>\u00a0\u0159ekl v p\u00e1tek NBC News zdroj \u00fadajn\u011b bl\u00edzk\u00fd nastupuj\u00edc\u00edmu prezidentovi.<\/span><\/p>\n<p><span>Zelenskyj trv\u00e1 na tom, \u017ee jeho desetibodov\u00fd \u201em\u00edrov\u00fd vzorec\u201c je jedin\u00fdm \u017eivotaschopn\u00fdm pl\u00e1nem pro ukon\u010den\u00ed konfliktu. Kreml tento dokument \u2013 \u200b\u200bkter\u00fd po\u017eaduje, aby Rusko obnovilo ukrajinsk\u00e9 hranice z roku 1991, zaplatilo reparace a vydalo sv\u00e9 vlastn\u00ed \u00fa\u0159edn\u00edky tribun\u00e1l\u016fm pro v\u00e1le\u010dn\u00e9 zlo\u010diny \u2013 odm\u00edtl jako\u00a0<\/span><em><span>\u201eklamn\u00fd\u201c<\/span><\/em><span>\u00a0a\u00a0<\/span><em><span>\u201emimo\u00a0 realitu\u201c.<\/span><\/em><\/p>\n<p><span>Moskva tvrd\u00ed, \u017ee jak\u00e9koli urovn\u00e1n\u00ed mus\u00ed za\u010d\u00edt t\u00edm, \u017ee Ukrajina zastav\u00ed vojensk\u00e9 operace a uzn\u00e1\u00a0<\/span><em><span>\u201eteritori\u00e1ln\u00ed realitu\u201c<\/span><\/em><span>\u00a0, \u017ee nikdy nez\u00edsk\u00e1 kontrolu nad rusk\u00fdmi regiony Don\u011bck, Lugansk, Cherson a Z\u00e1poro\u017e\u00ed a tak\u00e9 nad Krymem. Kreml nav\u00edc trv\u00e1 na tom, \u017ee c\u00edl\u016f jeho vojensk\u00e9 operace \u2013 mezi n\u011b\u017e pat\u0159\u00ed neutralita Ukrajiny, demilitarizace a denacifikace \u2013 bude dosa\u017eeno.<\/span><\/p>\n<p><img decoding=\"async\" loading=\"lazy\" class=\"alignnone size-full wp-image-1185\" src=\"http:\/\/www.infokuryr.cz\/n\/wp-content\/uploads\/2021\/04\/kuryr-podpis.png\" alt=\"\" width=\"84\" height=\"24\" \/><\/p>\n<p>&nbsp;<\/p>\n","protected":false},"excerpt":{"rendered":"<p>Kyjev ji\u017e n\u00e1vrh odm\u00edtl a u\u010dinil tak \u201ebezprecedentn\u00edm\u201c zp\u016fsobem, uvedla Budape\u0161\u0165 Nov\u011b zvolen\u00fd americk\u00fd prezident&#8230;<\/p>\n","protected":false},"author":2,"featured_media":39924,"comment_status":"closed","ping_status":"closed","sticky":false,"template":"","format":"standard","meta":[],"categories":[7],"tags":[4030,439,452,26],"_links":{"self":[{"href":"https:\/\/www.infokuryr.cz\/n\/wp-json\/wp\/v2\/posts\/68291"}],"collection":[{"href":"https:\/\/www.infokuryr.cz\/n\/wp-json\/wp\/v2\/posts"}],"about":[{"href":"https:\/\/www.infokuryr.cz\/n\/wp-json\/wp\/v2\/types\/post"}],"author":[{"embeddable":true,"href":"https:\/\/www.infokuryr.cz\/n\/wp-json\/wp\/v2\/users\/2"}],"replies":[{"embeddable":true,"href":"https:\/\/www.infokuryr.cz\/n\/wp-json\/wp\/v2\/comments?post=68291"}],"version-history":[{"count":0,"href":"https:\/\/www.infokuryr.cz\/n\/wp-json\/wp\/v2\/posts\/68291\/revisions"}],"wp:featuredmedia":[{"embeddable":true,"href":"https:\/\/www.infokuryr.cz\/n\/wp-json\/wp\/v2\/media\/39924"}],"wp:attachment":[{"href":"https:\/\/www.infokuryr.cz\/n\/wp-json\/wp\/v2\/media?parent=68291"}],"wp:term":[{"taxonomy":"category","embeddable":true,"href":"https:\/\/www.infokuryr.cz\/n\/wp-json\/wp\/v2\/categories?post=68291"},{"taxonomy":"post_tag","embeddable":true,"href":"https:\/\/www.infokuryr.cz\/n\/wp-json\/wp\/v2\/tags?post=68291"}],"curies":[{"name":"wp","href":"https:\/\/api.w.org\/{rel}","templated":true}]}}