{"id":68289,"date":"2024-12-16T06:55:25","date_gmt":"2024-12-16T05:55:25","guid":{"rendered":"https:\/\/www.infokuryr.cz\/n\/?p=68289"},"modified":"2024-12-16T06:55:25","modified_gmt":"2024-12-16T05:55:25","slug":"francie-vysle-do-syrie-diplomatickou-misi","status":"publish","type":"post","link":"https:\/\/www.infokuryr.cz\/n\/2024\/12\/16\/francie-vysle-do-syrie-diplomatickou-misi\/","title":{"rendered":"Francie vy\u0161le do S\u00fdrie diplomatickou misi"},"content":{"rendered":"<div id=\"fb-root\"><\/div>\n<p><span style=\"font-size: 18pt;\"><strong>P\u0159edstavitel\u00e9 p\u0159ijedou do Dama\u0161ku t\u00fdden po p\u00e1du Asadovy vl\u00e1dy<\/strong><\/span><\/p>\n<p><span>Pa\u0159\u00ed\u017e v \u00fater\u00fd vy\u0161le do S\u00fdrie t\u00fdm diplomat\u016f, aby zhodnotili politickou a bezpe\u010dnostn\u00ed situaci po p\u00e1du vl\u00e1dy prezidenta Ba\u0161\u00e1ra Asada, uvedl \u00fa\u0159aduj\u00edc\u00ed francouzsk\u00fd ministr zahrani\u010d\u00ed Jean-Noel Barrot.<\/span><\/p>\n<p><em><span>&#8222;C\u00edlem \u010dty\u0159 diplomat\u016f, kte\u0159\u00ed budou vysl\u00e1ni do S\u00fdrie, je z\u00edskat zp\u011bt na\u0161e tamn\u00ed aktiva,&#8220;<\/span><\/em><span>\u00a0a tak\u00e9 nav\u00e1zat kontakty s nov\u00fdmi \u00fa\u0159ady a\u00a0<\/span><em><span>&#8222;posoudit humanit\u00e1rn\u00ed pot\u0159eby obyvatelstva,&#8220;<\/span><\/em><span>\u00a0\u0159ekl Barrot podle Le Figaro.<\/span><\/p>\n<p><span>Barrot zd\u016fraznil, \u017ee francouzsk\u00e1 delegace pojede do S\u00fdrie poprv\u00e9 po 12 letech. Diplomat\u00e9\u00a0<\/span><em><span>\u201eov\u011b\u0159\u00ed, zda pon\u011bkud povzbudiv\u00e1 prohl\u00e1\u0161en\u00ed t\u011bchto nov\u00fdch \u00fa\u0159ad\u016f, kter\u00e1 volala po klidu a zd\u00e1 se, \u017ee nebyla zapojena do poru\u0161ov\u00e1n\u00ed, jsou skute\u010dn\u011b implementov\u00e1na v praxi,\u201c<\/span><\/em><span>\u00a0dodal.<\/span><\/p>\n<p><span>Situace v S\u00fdrii zm\u00edtan\u00e9 ob\u010danskou v\u00e1lkou se vyost\u0159ila za\u010d\u00e1tkem tohoto m\u011bs\u00edce, kdy koalice ozbrojen\u00fdch opozi\u010dn\u00edch sil veden\u00e1 islamistickou skupinou Hayat Tahrir al-Sham (HTS) donutila Asada odej\u00edt do exilu v Rusku. Mohammad al-Ba\u0161\u00edr, kter\u00fd vedl vl\u00e1du \u0159\u00edzenou HTS v provincii Idlib, byl jmenov\u00e1n do\u010dasn\u00fdm premi\u00e9rem.<\/span><\/p>\n<p><span>Zat\u00edmco mnoho z\u00e1padn\u00edch zem\u00ed p\u0159iv\u00edtalo p\u00e1d Asada, vyj\u00e1d\u0159ily tak\u00e9 obavy ohledn\u011b HTS, vzhledem k historick\u00fdm vazb\u00e1m skupiny na al-K\u00e1idu.<\/span><\/p>\n<p><em><span>\u201eNejsme naivn\u00ed ohledn\u011b nov\u00fdch \u00fa\u0159ad\u016f v Dama\u0161ku. Jsme si v\u011bdomi minulosti n\u011bkter\u00fdch islamistick\u00fdch skupin,\u201c<\/span><\/em><span>\u00a0\u0159ekl Barrot s t\u00edm, \u017ee Francie bude v\u00fdvoj v S\u00fdrii sledovat\u00a0<\/span><em><span>\u201es velkou ostra\u017eitost\u00ed\u201c.<\/span><\/em><\/p>\n<p><em><span>\u201eNa politick\u00e9 \u00farovni mus\u00ed de facto \u00fa\u0159ady ustoupit p\u0159echodn\u00e9 autorit\u011b, kter\u00e1 bude reprezentovat v\u0161echna vyzn\u00e1n\u00ed a komunity v S\u00fdrii a kter\u00e1 m\u016f\u017ee postupn\u011b posunout S\u00fdrii k nov\u00e9 \u00fastav\u011b a nakonec k volb\u00e1m,\u201c<\/span><\/em><span>\u00a0\u0159ekl diplomat.<\/span><\/p>\n<p><span>Francie p\u0159eru\u0161ila styky s Asadovou vl\u00e1dou na za\u010d\u00e1tku syrsk\u00e9 v\u00e1lky v roce 2012. Stejn\u011b jako USA a jejich dal\u0161\u00ed evrop\u0161t\u00ed spojenci i Pa\u0159\u00ed\u017e podporovala\u00a0<\/span><em><span>\u201eum\u00edrn\u011bn\u00e9\u201c<\/span><\/em><span>\u00a0opozi\u010dn\u00ed skupiny a tak\u00e9 Syrsk\u00e9 demokratick\u00e9 s\u00edly (SDF) veden\u00e9 Kurdy. V dubnu 2018 provedla Francie spolu s USA a Spojen\u00fdm kr\u00e1lovstv\u00edm n\u00e1lety na \u00fazem\u00ed kontrolovan\u00e9 Asadem.<\/span><\/p>\n<p><img decoding=\"async\" loading=\"lazy\" class=\"alignnone size-full wp-image-1185\" src=\"http:\/\/www.infokuryr.cz\/n\/wp-content\/uploads\/2021\/04\/kuryr-podpis.png\" alt=\"\" width=\"84\" height=\"24\" \/><\/p>\n<p>&nbsp;<\/p>\n","protected":false},"excerpt":{"rendered":"<p>P\u0159edstavitel\u00e9 p\u0159ijedou do Dama\u0161ku t\u00fdden po p\u00e1du Asadovy vl\u00e1dy Pa\u0159\u00ed\u017e v \u00fater\u00fd vy\u0161le do S\u00fdrie&#8230;<\/p>\n","protected":false},"author":2,"featured_media":68290,"comment_status":"closed","ping_status":"closed","sticky":false,"template":"","format":"standard","meta":[],"categories":[7],"tags":[130,5376,147],"_links":{"self":[{"href":"https:\/\/www.infokuryr.cz\/n\/wp-json\/wp\/v2\/posts\/68289"}],"collection":[{"href":"https:\/\/www.infokuryr.cz\/n\/wp-json\/wp\/v2\/posts"}],"about":[{"href":"https:\/\/www.infokuryr.cz\/n\/wp-json\/wp\/v2\/types\/post"}],"author":[{"embeddable":true,"href":"https:\/\/www.infokuryr.cz\/n\/wp-json\/wp\/v2\/users\/2"}],"replies":[{"embeddable":true,"href":"https:\/\/www.infokuryr.cz\/n\/wp-json\/wp\/v2\/comments?post=68289"}],"version-history":[{"count":0,"href":"https:\/\/www.infokuryr.cz\/n\/wp-json\/wp\/v2\/posts\/68289\/revisions"}],"wp:featuredmedia":[{"embeddable":true,"href":"https:\/\/www.infokuryr.cz\/n\/wp-json\/wp\/v2\/media\/68290"}],"wp:attachment":[{"href":"https:\/\/www.infokuryr.cz\/n\/wp-json\/wp\/v2\/media?parent=68289"}],"wp:term":[{"taxonomy":"category","embeddable":true,"href":"https:\/\/www.infokuryr.cz\/n\/wp-json\/wp\/v2\/categories?post=68289"},{"taxonomy":"post_tag","embeddable":true,"href":"https:\/\/www.infokuryr.cz\/n\/wp-json\/wp\/v2\/tags?post=68289"}],"curies":[{"name":"wp","href":"https:\/\/api.w.org\/{rel}","templated":true}]}}