{"id":68279,"date":"2024-12-16T06:25:18","date_gmt":"2024-12-16T05:25:18","guid":{"rendered":"https:\/\/www.infokuryr.cz\/n\/?p=68279"},"modified":"2024-12-16T06:27:42","modified_gmt":"2024-12-16T05:27:42","slug":"v-soulu-byl-zatcen-sef-jihokorejske-rozvedky","status":"publish","type":"post","link":"https:\/\/www.infokuryr.cz\/n\/2024\/12\/16\/v-soulu-byl-zatcen-sef-jihokorejske-rozvedky\/","title":{"rendered":"V Soulu byl zat\u010den \u0161\u00e9f jihokorejsk\u00e9 rozv\u011bdky"},"content":{"rendered":"<div id=\"fb-root\"><\/div>\n<div class=\"news-text-body\">\n<p class=\"lead\"><strong>\u0160\u00e9f jihokorejsk\u00e9ho velen\u00ed vojensk\u00e9 rozv\u011bdky Mun Sang-ho a jeho p\u0159edch\u016fdce na tomto postu No Sang-won byli zat\u010deni polici\u00ed pro podez\u0159en\u00ed z \u00fa\u010dasti na vzpou\u0159e. Informuje o tom agentura Yonhap.<\/strong><\/p>\n<p>Podle agentury bylo zat\u010den\u00ed provedeno bez zatyka\u010de.<\/p>\n<p>Moon Sang Ho se dostal do pozornosti org\u00e1n\u016f \u010dinn\u00fdch v trestn\u00edm \u0159\u00edzen\u00ed kv\u016fli p\u0159\u00edjezdu velitelstv\u00ed vojensk\u00e9 rozv\u011bdky do budovy \u00dast\u0159edn\u00ed volebn\u00ed komise 3. prosince, bezprost\u0159edn\u011b po vyhl\u00e1\u0161en\u00ed stann\u00e9ho pr\u00e1va. Podle policie dal rozkaz k vysl\u00e1n\u00ed arm\u00e1dy, proto\u017ee to p\u0159edem pl\u00e1noval.<\/p>\n<p>B\u00fdval\u00fd \u0161\u00e9f rozv\u011bdky No Sang-won zase podle jihokorejsk\u00e9 opozice vypracoval text vyhl\u00e1\u0161ky o stann\u00e9m pr\u00e1vu a pod\u00edlel se na p\u0159\u00edprav\u011b povst\u00e1n\u00ed. P\u0159ipisuje se mu tak\u00e9 bl\u00edzk\u00fd vztah s d\u0159\u00edve zat\u010den\u00fdm b\u00fdval\u00fdm ministrem obrany\u00a0<strong>Kim Yong-hyunem<\/strong>\u00a0, kter\u00fd byl podle policie kl\u00ed\u010dov\u00fdm realiz\u00e1torem pl\u00e1nu.<\/p>\n<p>P\u0159edt\u00edm prokuratura zatkla \u0161\u00e9fa velen\u00ed vojensk\u00e9 kontrarozv\u011bdky\u00a0<strong>Yong In Hyun.<\/strong><\/p>\n<h2>Prezident Ji\u017en\u00ed Koreje ignoroval v\u00fdzvu dostavit se k v\u00fdslechu<br \/>\n<img decoding=\"async\" class=\"aligncenter\" src=\"https:\/\/img4.eadaily.com\/r650x650\/o\/3db\/342f9c2e1e117e4d3881cfc3c3893.jpeg\" \/><\/h2>\n<p class=\"lead\"><strong>Jihokorejsk\u00fd prezident Yoon Seok-yeol odm\u00edtl j\u00edt k v\u00fdslechu na prokuraturu a ignoroval p\u0159edvol\u00e1n\u00ed, uvedla agentura Yonhap.<\/strong><\/p>\n<p><span>P\u0159edvol\u00e1n\u00ed bylo podle agentury doru\u010deno 11. prosince. V\u00fdslech byl napl\u00e1nov\u00e1n na 15. prosince v 10 hodin m\u00edstn\u00edho \u010dasu (04:00 evropsk\u00e9ho \u010dasu).<\/span><\/p>\n<p><span>Pravomoci Yoon Seok Yeola byly pozastaveny od 14. prosince pot\u00e9, co byl parlamentem ob\u017ealov\u00e1n. Definitivn\u011b o jeho odvol\u00e1n\u00ed z funkce rozhodne \u00dastavn\u00ed soud.<\/span><\/p>\n<\/div>\n<p><img decoding=\"async\" loading=\"lazy\" class=\"alignnone size-full wp-image-1185\" src=\"http:\/\/www.infokuryr.cz\/n\/wp-content\/uploads\/2021\/04\/kuryr-podpis.png\" alt=\"\" width=\"84\" height=\"24\" \/><\/p>\n<p>&nbsp;<\/p>\n","protected":false},"excerpt":{"rendered":"<p>\u0160\u00e9f jihokorejsk\u00e9ho velen\u00ed vojensk\u00e9 rozv\u011bdky Mun Sang-ho a jeho p\u0159edch\u016fdce na tomto postu No Sang-won&#8230;<\/p>\n","protected":false},"author":2,"featured_media":68280,"comment_status":"closed","ping_status":"closed","sticky":false,"template":"","format":"standard","meta":[],"categories":[7],"tags":[1189,1104,2746],"_links":{"self":[{"href":"https:\/\/www.infokuryr.cz\/n\/wp-json\/wp\/v2\/posts\/68279"}],"collection":[{"href":"https:\/\/www.infokuryr.cz\/n\/wp-json\/wp\/v2\/posts"}],"about":[{"href":"https:\/\/www.infokuryr.cz\/n\/wp-json\/wp\/v2\/types\/post"}],"author":[{"embeddable":true,"href":"https:\/\/www.infokuryr.cz\/n\/wp-json\/wp\/v2\/users\/2"}],"replies":[{"embeddable":true,"href":"https:\/\/www.infokuryr.cz\/n\/wp-json\/wp\/v2\/comments?post=68279"}],"version-history":[{"count":1,"href":"https:\/\/www.infokuryr.cz\/n\/wp-json\/wp\/v2\/posts\/68279\/revisions"}],"predecessor-version":[{"id":68281,"href":"https:\/\/www.infokuryr.cz\/n\/wp-json\/wp\/v2\/posts\/68279\/revisions\/68281"}],"wp:featuredmedia":[{"embeddable":true,"href":"https:\/\/www.infokuryr.cz\/n\/wp-json\/wp\/v2\/media\/68280"}],"wp:attachment":[{"href":"https:\/\/www.infokuryr.cz\/n\/wp-json\/wp\/v2\/media?parent=68279"}],"wp:term":[{"taxonomy":"category","embeddable":true,"href":"https:\/\/www.infokuryr.cz\/n\/wp-json\/wp\/v2\/categories?post=68279"},{"taxonomy":"post_tag","embeddable":true,"href":"https:\/\/www.infokuryr.cz\/n\/wp-json\/wp\/v2\/tags?post=68279"}],"curies":[{"name":"wp","href":"https:\/\/api.w.org\/{rel}","templated":true}]}}