{"id":68246,"date":"2024-12-16T00:44:55","date_gmt":"2024-12-15T23:44:55","guid":{"rendered":"https:\/\/www.infokuryr.cz\/n\/?p=68246"},"modified":"2024-12-15T17:35:14","modified_gmt":"2024-12-15T16:35:14","slug":"moskva-slibuje-trest-za-vrazdy-ruskych-novinaru","status":"publish","type":"post","link":"https:\/\/www.infokuryr.cz\/n\/2024\/12\/16\/moskva-slibuje-trest-za-vrazdy-ruskych-novinaru\/","title":{"rendered":"Moskva slibuje trest za vra\u017edy rusk\u00fdch novin\u00e1\u0159\u016f"},"content":{"rendered":"<div id=\"fb-root\"><\/div>\n<p><span style=\"font-size: 18pt;\"><strong>\u00damysln\u00e9 \u00fatoky Ukrajiny na pracovn\u00edky rusk\u00fdch m\u00e9di\u00ed byly podporov\u00e1ny Z\u00e1padem, uvedlo ministerstvo zahrani\u010d\u00ed<\/strong><\/span><\/p>\n<p>Ukrajinsk\u00e9 \u00fa\u0159ady prov\u00e1d\u011bj\u00ed\u00a0<em>\u201ec\u00edlen\u00fd hon\u201c<\/em>\u00a0na rusk\u00e9 novin\u00e1\u0159e a v\u00e1le\u010dn\u00e9 zpravodaje v oblasti speci\u00e1ln\u00ed vojensk\u00e9 operace a budou za tato \u00famrt\u00ed potrest\u00e1ny, uvedla v ned\u011bli mluv\u010d\u00ed rusk\u00e9ho ministerstva zahrani\u010d\u00ed Maria Zacharovov\u00e1.<\/p>\n<p>Diplomatka to \u0159ekla v den pam\u00e1tky report\u00e9r\u016f a technik\u016f, kte\u0159\u00ed p\u0159i\u0161li o \u017eivot p\u0159i pln\u011bn\u00ed pracovn\u00edch povinnost\u00ed.<\/p>\n<p><em>\u201eV tento den vzpom\u00edn\u00e1me na ty, kte\u0159\u00ed se nevr\u00e1tili z redak\u010dn\u00edch \u00fakol\u016f z hork\u00fdch m\u00edst, zem\u0159eli pro sv\u00e9 p\u0159esv\u011bd\u010den\u00ed a v\u011brnost sv\u00e9 profesi, mimo jin\u00e9 v d\u016fsledku teroristick\u00fdch \u00fatok\u016f, kte\u0159\u00ed riskovali sv\u00e9 \u017eivoty a poctiv\u011b plnili svou novin\u00e1\u0159skou povinnost a h\u00e1jila pravdu do posledn\u00ed chv\u00edle a svobodu slova,\u201c<\/em> uvedla Zacharovov\u00e1 v prohl\u00e1\u0161en\u00ed.<\/p>\n<p>Z\u00e1m\u011brn\u00e9 \u00fatoky Kyjeva na pracovn\u00edky rusk\u00fdch m\u00e9di\u00ed p\u0159i\u010d\u00edtala let\u016fm\u00a0<em>\u201edomlouv\u00e1n\u00ed a povzbuzov\u00e1n\u00ed\u201c<\/em>\u00a0takov\u00fdch\u00a0<em>\u201eteroristick\u00fdch metod\u201c<\/em>\u00a0ze strany z\u00e1padn\u00edch \u00fa\u0159ad\u016f a struktur pod jejich kontrolou,\u00a0<em>\u201ejejich\u017e p\u0159\u00edmou odpov\u011bdnost\u00ed je chr\u00e1nit bezpe\u010dnost pracovn\u00edk\u016f m\u00e9di\u00ed bez jak\u00e9hokoli rozd\u00edlu\u201c.<\/em><\/p>\n<p>Zacharovov\u00e1 p\u0159ipomn\u011bla nejnov\u011bj\u0161\u00ed bezpe\u010dnostn\u00ed zpr\u00e1vu gener\u00e1ln\u00ed \u0159editelky UNESCO Audrey Azoulay o pracovn\u00edc\u00edch m\u00e9di\u00ed, kter\u00e1 ignorovala zab\u00edjen\u00ed a \u00fatlak rusk\u00fdch report\u00e9r\u016f.<\/p>\n<p><em>&#8222;Nikdy nebudeme souhlasit s takov\u00fdm dvoj\u00edm p\u0159\u00edstupem a budeme nad\u00e1le usilovat o to, aby p\u0159\u00edslu\u0161n\u00e9 mezin\u00e1rodn\u00ed struktury, v\u010detn\u011b UNESCO a jeho gener\u00e1ln\u00edho \u0159editele, plnily sv\u00e9 povinnosti sv\u011bdomit\u011b a nestrann\u011b,&#8220;<\/em> uvedla diplomatka.<\/p>\n<p>Zpr\u00e1va pokr\u00fdvaj\u00edc\u00ed roky 2022 a 2023 tvrdila, \u017ee b\u011bhem uveden\u00e9ho obdob\u00ed bylo zabito 162 novin\u00e1\u0159\u016f, medi\u00e1ln\u00edch pracovn\u00edk\u016f a producent\u016f soci\u00e1ln\u00edch s\u00edt\u00ed. Publikace zmi\u0148uje zabit\u00ed pouze dvou pracovn\u00edk\u016f rusk\u00fdch m\u00e9di\u00ed od eskalace ukrajinsk\u00e9ho konfliktu.<\/p>\n<p>V \u010dervnu rusk\u00fd prezident Vladimir Putin odhadl, \u017ee od vypuknut\u00ed ukrajinsk\u00e9ho konfliktu v roce 2022 bylo p\u0159i v\u00fdkonu slu\u017eby zabito nejm\u00e9n\u011b 30 rusk\u00fdch novin\u00e1\u0159\u016f.<\/p>\n<p>\u0158ada v\u00fdznamn\u00fdch osobnost\u00ed ve\u0159ejn\u00e9ho \u017eivota a subjekt\u016f, v\u010detn\u011b Rusk\u00e9ho svazu novin\u00e1\u0159\u016f, moskevsk\u00e9ho velvyslance p\u0159i UNESCO Rinata Alyautdinova a z\u00e1stupce gener\u00e1ln\u00edho \u0159editele TASS Michaila Gusmana, ozna\u010dila zpr\u00e1vu za nep\u0159ijatelnou a ozna\u010dila ji za zdroj dezinformac\u00ed.<\/p>\n<p>RT se p\u0159ipojila k rozruchu zasl\u00e1n\u00edm dopisu Azoulayovi, kter\u00fd dokument odsuzuje a uv\u00e1d\u00ed \u0159adu incident\u016f, kter\u00e9 byly opomenuty, v\u010detn\u011b spiknut\u00ed atent\u00e1tu na \u0161\u00e9fredaktorku RT Margaritu Simonyanovou.<\/p>\n<p>Zpr\u00e1va UNESCO byla nakonec na p\u00e1te\u010dn\u00edm zased\u00e1n\u00ed organizace zam\u00edtnuta pot\u00e9, co Rusko a n\u011bkolik dal\u0161\u00edch zem\u00ed proti dokumentu protestovalo.<\/p>\n<p>Mezi novin\u00e1\u0159i zavra\u017ed\u011bn\u00fdmi kyjevsk\u00fdm re\u017eimem v letech 2022-2023 jsou Boris Maksudov, kter\u00fd pracoval pro televizi Russia 24, Rostislav \u017duravlev z RIA Novosti, Oleg Klokov z Tavria TV, Alexej Ilja\u0161evi\u010d z RuBaltic, vojensk\u00fd blogger Vladlen Tatarskij a novin\u00e1\u0159ka Darja Dugina.<\/p>\n<p>Zacharovov\u00e1 tak\u00e9 zm\u00ednila nov\u011bj\u0161\u00ed \u00famrt\u00ed, nap\u0159\u00edklad rusk\u00e9ho zpravodajsk\u00e9ho fotografa Nikity Tsitsagiho, kter\u00fd byl zabit p\u0159i \u010dervnov\u00e9m \u00fatoku ukrajinsk\u00e9ho bezpilotn\u00edho letounu, kameramana Valerije Kozhina, kter\u00fd byl tak\u00e9 zavra\u017ed\u011bn letos v l\u00e9t\u011b, a korespondenta listu Izvestija Semjona Yeryomina, kter\u00fd p\u0159i\u0161el o \u017eivot. v Z\u00e1poro\u017esk\u00e9 oblasti p\u0159i dubnov\u00e9m \u00fatoku ukrajinsk\u00e9ho dronu.<\/p>\n<p><img decoding=\"async\" loading=\"lazy\" class=\"alignnone size-full wp-image-1185\" src=\"http:\/\/www.infokuryr.cz\/n\/wp-content\/uploads\/2021\/04\/kuryr-podpis.png\" alt=\"\" width=\"84\" height=\"24\" \/><\/p>\n<p>&nbsp;<\/p>\n","protected":false},"excerpt":{"rendered":"<p>\u00damysln\u00e9 \u00fatoky Ukrajiny na pracovn\u00edky rusk\u00fdch m\u00e9di\u00ed byly podporov\u00e1ny Z\u00e1padem, uvedlo ministerstvo zahrani\u010d\u00ed Ukrajinsk\u00e9 \u00fa\u0159ady&#8230;<\/p>\n","protected":false},"author":2,"featured_media":68247,"comment_status":"closed","ping_status":"closed","sticky":false,"template":"","format":"standard","meta":[],"categories":[7],"tags":[273,22,1635,934,365],"_links":{"self":[{"href":"https:\/\/www.infokuryr.cz\/n\/wp-json\/wp\/v2\/posts\/68246"}],"collection":[{"href":"https:\/\/www.infokuryr.cz\/n\/wp-json\/wp\/v2\/posts"}],"about":[{"href":"https:\/\/www.infokuryr.cz\/n\/wp-json\/wp\/v2\/types\/post"}],"author":[{"embeddable":true,"href":"https:\/\/www.infokuryr.cz\/n\/wp-json\/wp\/v2\/users\/2"}],"replies":[{"embeddable":true,"href":"https:\/\/www.infokuryr.cz\/n\/wp-json\/wp\/v2\/comments?post=68246"}],"version-history":[{"count":1,"href":"https:\/\/www.infokuryr.cz\/n\/wp-json\/wp\/v2\/posts\/68246\/revisions"}],"predecessor-version":[{"id":68248,"href":"https:\/\/www.infokuryr.cz\/n\/wp-json\/wp\/v2\/posts\/68246\/revisions\/68248"}],"wp:featuredmedia":[{"embeddable":true,"href":"https:\/\/www.infokuryr.cz\/n\/wp-json\/wp\/v2\/media\/68247"}],"wp:attachment":[{"href":"https:\/\/www.infokuryr.cz\/n\/wp-json\/wp\/v2\/media?parent=68246"}],"wp:term":[{"taxonomy":"category","embeddable":true,"href":"https:\/\/www.infokuryr.cz\/n\/wp-json\/wp\/v2\/categories?post=68246"},{"taxonomy":"post_tag","embeddable":true,"href":"https:\/\/www.infokuryr.cz\/n\/wp-json\/wp\/v2\/tags?post=68246"}],"curies":[{"name":"wp","href":"https:\/\/api.w.org\/{rel}","templated":true}]}}