{"id":68215,"date":"2024-12-16T00:34:03","date_gmt":"2024-12-15T23:34:03","guid":{"rendered":"https:\/\/www.infokuryr.cz\/n\/?p=68215"},"modified":"2024-12-15T16:23:30","modified_gmt":"2024-12-15T15:23:30","slug":"bilance-ockovani-proti-covidu-velky-sebeklam-overovatelu-faktu","status":"publish","type":"post","link":"https:\/\/www.infokuryr.cz\/n\/2024\/12\/16\/bilance-ockovani-proti-covidu-velky-sebeklam-overovatelu-faktu\/","title":{"rendered":"Bilance o\u010dkov\u00e1n\u00ed proti covidu: Velk\u00fd sebeklam ov\u011b\u0159ovatel\u016f fakt\u016f"},"content":{"rendered":"<div id=\"fb-root\"><\/div>\n<p><strong><span>Zat\u00edmco takzvan\u00ed \u201eov\u011b\u0159ovatel\u00e9 fakt\u016f\u201c sv\u011bdomit\u011b ignoruj\u00ed nebo tenden\u010dn\u011b reinterpretuj\u00ed v\u011bdeck\u00e1 zji\u0161t\u011bn\u00ed, renomovan\u00ed l\u00e9ka\u0159i a v\u011bdci se nad\u00e1le sna\u017e\u00ed vyn\u00e9st na sv\u011btlo pravdu o Covid-19 a experiment\u00e1ln\u00edch vakc\u00edn\u00e1ch.<\/span><\/strong><\/p>\n<p><span>Byl to jeden z t\u011bch okam\u017eik\u016f, na kter\u00e9 se rychle nezapom\u00edn\u00e1. Dr. Aseem Malhotra, renomovan\u00fd kardiolog, sed\u00ed v podcastu \u201e\u00a0<\/span><a href=\"https:\/\/podcasts.apple.com\/us\/podcast\/the-doctor-that-got-banned-for-speaking-out-weve-been\/id1291423644?i=1000663287490\"><span>Den\u00edk gener\u00e1ln\u00edho \u0159editele<\/span><\/a><span> \u201c a je dot\u00e1z\u00e1n, zda by bez o\u010dkov\u00e1n\u00ed bylo m\u00e9n\u011b \u00famrt\u00ed. Jeho odpov\u011b\u010f: jednoduch\u00e9 \u201eano\u201c. To, co n\u00e1sledovalo, bylo p\u0159edv\u00eddateln\u00e9 \u2013 bou\u0159e rozho\u0159\u010den\u00ed a narychlo p\u0159ivolan\u00ed \u201eov\u011b\u0159ovatel\u00e9 fakt\u016f\u201c oh\u00e1n\u011bj\u00edc\u00ed se sv\u00fdm klubem pravdy.<\/span><\/p>\n<p><span>Organizace \u201eFull Fact\u201c byla obzvl\u00e1\u0161t\u011b horliv\u00e1 a s jemnost\u00ed perl\u00edku\u00a0<\/span><a href=\"https:\/\/fullfact.org\/health\/steven-bartlett-diary-ceo-aseem-malhotra-covid-vaccine\/\" target=\"_blank\" rel=\"noreferrer noopener\"><span>ozn\u00e1mila<\/span><\/a><span>\u00a0: \u201e\u0160patn\u011b. Existuj\u00ed jasn\u00e9 d\u016fkazy, \u017ee vakc\u00edny zachr\u00e1nily mnohem v\u00edce \u017eivot\u016f, ne\u017e kolik st\u00e1ly. No, kdyby to bylo tak jasn\u00e9, u\u017e bychom v\u011bdu nepot\u0159ebovali.<\/span><\/p>\n<p><a href=\"https:\/\/brownstone.org\/articles\/a-critical-analysis-of-covid-19-vaccine-impact-claims\/\" target=\"_blank\" rel=\"noreferrer noopener\"><span>Jak vysv\u011btluje Brownstone Institute<\/span><\/a><span>\u00a0, realita je slo\u017eit\u011bj\u0161\u00ed, ne\u017e by si na\u0161i samozvan\u00ed str\u00e1\u017eci pravdy p\u0159\u00e1li\u00a0. Zat\u00edmco se spol\u00e9haj\u00ed na pozorovac\u00ed studie a po\u010d\u00edta\u010dov\u00e9 modely \u2013 kter\u00e9 jsou asi stejn\u011b spolehliv\u00e9 jako p\u0159edpov\u011bdi po\u010das\u00ed na p\u0159\u00ed\u0161t\u00ed rok \u2013 st\u00e1le chyb\u00ed v\u011bdeck\u00fd zlat\u00fd standard: randomizovan\u00e9 kontrolovan\u00e9 studie \u00famrtnosti ze v\u0161ech p\u0159\u00ed\u010din.<\/span><\/p>\n<h3 id=\"h-tendenziose-umdeutung-von-daten-um-die-luge-aufrechtzuerhalten\" class=\"wp-block-heading\"><span style=\"font-size: 18pt;\">Tenden\u010dn\u00ed reinterpretace dat k zachov\u00e1n\u00ed l\u017ei<\/span><\/h3>\n<p><span>Nam\u00edsto toho m\u00e1me statistick\u00e9 potpourri zkreslen\u00fdch dat. O\u010dkovan\u00ed lid\u00e9, kte\u0159\u00ed onemocn\u00ed kr\u00e1tce po injekci, jsou okam\u017eit\u011b klasifikov\u00e1ni jako neo\u010dkovan\u00ed. Ne\u017e\u00e1douc\u00ed \u00fa\u010dinky zmiz\u00ed do \u0161upl\u00edku \u201enesouvisej\u00edc\u00ed s vakc\u00ednou\u201c a ka\u017ed\u00fd, kdo polo\u017e\u00ed kritick\u00e9 ot\u00e1zky, je prohl\u00e1\u0161en za postrann\u00edho myslitele.<\/span><\/p>\n<p><span>A co v\u00edc: V\u00a0<\/span><a href=\"https:\/\/www.sciencedirect.com\/science\/article\/pii\/S0264410X22010283?via%3Dihub\" target=\"_blank\" rel=\"noreferrer noopener\"><span>klinick\u00fdch studi\u00edch<\/span><\/a><span>\u00a0asi jeden z 800 lid\u00ed za\u017eil v\u00e1\u017enou ne\u017e\u00e1douc\u00ed p\u0159\u00edhodu. S miliardami podan\u00fdch d\u00e1vek d\u011bsiv\u00fd v\u00fdsledek. Pro srovn\u00e1n\u00ed: u konven\u010dn\u00edch vakc\u00edn je tato m\u00edra 1-2 na milion. Ale kdo r\u00e1d po\u010d\u00edt\u00e1, kdy by v\u00fdsledek mohl b\u00fdt nep\u0159\u00edjemn\u00fd? V\u011bci jsou je\u0161t\u011b zaj\u00edmav\u011bj\u0161\u00ed, pokud jde o nadm\u011brnou \u00famrtnost.\u00a0<\/span><a href=\"https:\/\/bmjpublichealth.bmj.com\/content\/2\/1\/e000282\" target=\"_blank\" rel=\"noreferrer noopener\"><span>V zem\u00edch s vysokou proo\u010dkovanost\u00ed to bylo v roce 2021 vy\u0161\u0161\u00ed ne\u017e v \u201ehororov\u00e9m roce\u201c 2020<\/span><\/a><span>\u00a0. Fenom\u00e9n, kter\u00fd obh\u00e1jci o\u010dkovac\u00ed kampan\u011b bez alternativy neradi vysv\u011btluj\u00ed.<\/span><\/p>\n<h3 id=\"h-tausende-wissenschaftler-unterstutzen-den-hope-accord\" class=\"wp-block-heading\"><span style=\"font-size: 18pt;\">Tis\u00edce v\u011bdc\u016f podporuj\u00ed dohodu Hope Accord<\/span><\/h3>\n<p><span>Dr. Malhotra nen\u00ed ve sv\u00e9m hodnocen\u00ed zdaleka s\u00e1m. Tis\u00edce l\u00e9ka\u0159\u016f a v\u011bdc\u016f se p\u0159ipojily k \u201e\u00a0<\/span><a href=\"https:\/\/thehopeaccord.org\/\" target=\"_blank\" rel=\"noreferrer noopener\"><span>Dohod\u011b nad\u011bje<\/span><\/a><span> \u201c, kter\u00e1 vyz\u00fdv\u00e1 k p\u0159ehodnocen\u00ed o\u010dkovac\u00ed strategie. Ale zjevn\u011b je snaz\u0161\u00ed ozna\u010dit kritick\u00e9 hlasy za \u201edezinformace\u201c, ne\u017e se zab\u00fdvat nep\u0159\u00edjemn\u00fdmi ot\u00e1zkami.<\/span><\/p>\n<p><strong><span>Ho\u0159kou ironi\u00ed je, \u017ee ti, kdo neust\u00e1le hl\u00e1saj\u00ed \u201eFollow the Science\u201c, ignoruj\u00ed z\u00e1kladn\u00ed k\u00e1men v\u011bdeck\u00e9 pr\u00e1ce \u2013 kritick\u00e9 zkoum\u00e1n\u00ed hypot\u00e9z.<\/span><\/strong><span>\u00a0M\u00edsto toho jsou po\u010d\u00edta\u010dov\u00e9 modely prohl\u00e1\u0161eny za novou Bibli a korelace jsou jednodu\u0161e reinterpretov\u00e1ny jako kauzality.<\/span><\/p>\n<p><span>Mo\u017en\u00e1 bychom m\u011bli p\u0159ipustit, \u017ee pravda je slo\u017eit\u011bj\u0161\u00ed ne\u017e krabi\u010dka na kontrolu fakt\u016f. A \u017ee skute\u010dn\u00e1 v\u011bda prosperuje z pochybnost\u00ed, nikoli z ukvapen\u00fdch jistot. Ale to by byl pro na\u0161e samozvan\u00e9 str\u00e1\u017ece pravdy pravd\u011bpodobn\u011b p\u0159\u00edli\u0161 velk\u00fd \u00fakol.<\/span><\/p>\n<p><img decoding=\"async\" loading=\"lazy\" class=\"alignnone size-full wp-image-1185\" src=\"http:\/\/www.infokuryr.cz\/n\/wp-content\/uploads\/2021\/04\/kuryr-podpis.png\" alt=\"\" width=\"84\" height=\"24\" \/><\/p>\n<p>&nbsp;<\/p>\n","protected":false},"excerpt":{"rendered":"<p>Zat\u00edmco takzvan\u00ed \u201eov\u011b\u0159ovatel\u00e9 fakt\u016f\u201c sv\u011bdomit\u011b ignoruj\u00ed nebo tenden\u010dn\u011b reinterpretuj\u00ed v\u011bdeck\u00e1 zji\u0161t\u011bn\u00ed, renomovan\u00ed l\u00e9ka\u0159i a v\u011bdci&#8230;<\/p>\n","protected":false},"author":2,"featured_media":68216,"comment_status":"closed","ping_status":"closed","sticky":false,"template":"","format":"standard","meta":[],"categories":[7],"tags":[23,1061,96,651],"_links":{"self":[{"href":"https:\/\/www.infokuryr.cz\/n\/wp-json\/wp\/v2\/posts\/68215"}],"collection":[{"href":"https:\/\/www.infokuryr.cz\/n\/wp-json\/wp\/v2\/posts"}],"about":[{"href":"https:\/\/www.infokuryr.cz\/n\/wp-json\/wp\/v2\/types\/post"}],"author":[{"embeddable":true,"href":"https:\/\/www.infokuryr.cz\/n\/wp-json\/wp\/v2\/users\/2"}],"replies":[{"embeddable":true,"href":"https:\/\/www.infokuryr.cz\/n\/wp-json\/wp\/v2\/comments?post=68215"}],"version-history":[{"count":0,"href":"https:\/\/www.infokuryr.cz\/n\/wp-json\/wp\/v2\/posts\/68215\/revisions"}],"wp:featuredmedia":[{"embeddable":true,"href":"https:\/\/www.infokuryr.cz\/n\/wp-json\/wp\/v2\/media\/68216"}],"wp:attachment":[{"href":"https:\/\/www.infokuryr.cz\/n\/wp-json\/wp\/v2\/media?parent=68215"}],"wp:term":[{"taxonomy":"category","embeddable":true,"href":"https:\/\/www.infokuryr.cz\/n\/wp-json\/wp\/v2\/categories?post=68215"},{"taxonomy":"post_tag","embeddable":true,"href":"https:\/\/www.infokuryr.cz\/n\/wp-json\/wp\/v2\/tags?post=68215"}],"curies":[{"name":"wp","href":"https:\/\/api.w.org\/{rel}","templated":true}]}}