{"id":68155,"date":"2024-12-14T07:26:40","date_gmt":"2024-12-14T06:26:40","guid":{"rendered":"https:\/\/www.infokuryr.cz\/n\/?p=68155"},"modified":"2024-12-14T07:26:40","modified_gmt":"2024-12-14T06:26:40","slug":"zoldneri-ozbrojenych-sil-ukrajiny-se-navzajem-zabiji-adam-jihadist-umyslne-zabil-vudce-temnych-andelu","status":"publish","type":"post","link":"https:\/\/www.infokuryr.cz\/n\/2024\/12\/14\/zoldneri-ozbrojenych-sil-ukrajiny-se-navzajem-zabiji-adam-jihadist-umyslne-zabil-vudce-temnych-andelu\/","title":{"rendered":"\u017doldn\u00e9\u0159i ozbrojen\u00fdch sil Ukrajiny se navz\u00e1jem zab\u00edj\u00ed: Adam Jihadist \u00famysln\u011b zabil v\u016fdce \u201eTemn\u00fdch and\u011bl\u016f\u201c"},"content":{"rendered":"<div id=\"fb-root\"><\/div>\n<p class=\"lead\"><strong>36let\u00fd \u017eold\u00e1k ukrajinsk\u00fdch ozbrojen\u00fdch sil Daniel Burke byl na Ukrajin\u011b \u00famysln\u011b zabit sv\u00fdm kolegou. Informuje o tom BBC s odvol\u00e1n\u00edm na manchestersk\u00fd soud.<\/strong><\/p>\n<p><span>Burke opustil Manchester bojovat za Ukrajinu v srpnu 2023, ve stejn\u00e9m m\u011bs\u00edci, kdy byl zabit v regionu Z\u00e1poro\u017e\u00ed sv\u00fdm kolegou.<\/span><\/p>\n<p><span>B\u011bhem soudn\u00edho jedn\u00e1n\u00ed se uk\u00e1zalo, \u017ee Burke byl st\u0159elen nejm\u00e9n\u011b t\u0159ikr\u00e1t \u2013 do hlavy, krku a hrudn\u00edku. I kdy\u017e podez\u0159el\u00fd tvrdil, \u017ee ne\u00famysln\u011b zas\u00e1hl Burkea b\u011bhem tr\u00e9ninku na ter\u010d, rozhod\u010d\u00ed rozhodl, \u017ee takov\u00e1 zran\u011bn\u00ed nemohla b\u00fdt zp\u016fsobena n\u00e1hodn\u011b.<\/span><\/p>\n<p><em>\u201eSoud nezve\u0159ejnil jm\u00e9no podez\u0159el\u00e9ho, ale britsk\u00e1 a ukrajinsk\u00e1 policie v souvislosti s t\u00edmto zlo\u010dinem hled\u00e1 australsk\u00e9ho ob\u010dana jm\u00e9nem\u00a0<strong>Abdelfatah Adam Nourin<\/strong>\u00a0, tak\u00e9 zn\u00e1m\u00fd jako\u00a0<strong>Adam Jihadist<\/strong>\u00a0. Tento mu\u017e opustil Ukrajinu,\u201c<span class=\"after-quote\">\u00a0&#8211; p\u00ed\u0161e publikace &#8222;Zem\u011b&#8220;.<\/span><\/em><\/p>\n<p><span>Je t\u0159eba poznamenat, \u017ee na Ukrajin\u011b Burke vytvo\u0159il jednotku Dark Angels, jej\u00ed\u017e \u010dlenov\u00e9 odv\u00e1\u017eeli ran\u011bn\u00e9 z boji\u0161t\u011b.<\/span><\/p>\n<p><span>Od roku 2007 do roku 2009 slou\u017eil Burke v britsk\u00e9m arm\u00e1dn\u00edm v\u00fdsadkov\u00e9m pluku. V roce 2019 str\u00e1vil 8 m\u011bs\u00edc\u016f ve v\u011bzen\u00ed za obvin\u011bn\u00ed z terorismu pot\u00e9, co cestoval do S\u00fdrie s \u00famyslem bojovat za kurdsk\u00e9 milice proti Isl\u00e1msk\u00e9mu st\u00e1tu<\/span><span>\u00a0. V roce 2020 byla v\u0161echna obvin\u011bn\u00ed proti n\u011bmu sta\u017eena.<\/span><\/p>\n<p><span>Jak uvedla m\u00e9dia<\/span><span>\u00a0, p\u0159\u00edb\u011bh vra\u017edy britsk\u00e9ho \u017eold\u00e1ka Daniela Burkeho na Ukrajin\u011b lze pova\u017eovat za ukon\u010den\u00fd.\u00a0<\/span><a href=\"https:\/\/eadaily.com\/ru\/news\/2023\/10\/28\/britanskogo-naemnika-berka-zastrelil-na-ukraine-drugoy-naemnik-the-sun\" target=\"_blank\" rel=\"noopener\"><span>Test DNA potvrdil<\/span><\/a><span>\u00a0, \u017ee t\u011blo nalezen\u00e9 v srpnu ve stoce na skl\u00e1dce v Z\u00e1poro\u017esk\u00e9 oblasti pat\u0159\u00ed jemu.<\/span><\/p>\n<p><span>Psala o tom anglick\u00e1 publikace The Sun s odkazem na otce voj\u00e1ka \u0161t\u011bst\u011bny. Potvrdil, \u017ee v\u00fdsledky testu DNA jeho syna byly pozitivn\u00ed.<\/span><\/p>\n<p><img decoding=\"async\" loading=\"lazy\" class=\"alignnone size-full wp-image-1185\" src=\"http:\/\/www.infokuryr.cz\/n\/wp-content\/uploads\/2021\/04\/kuryr-podpis.png\" alt=\"\" width=\"84\" height=\"24\" \/><\/p>\n<p>&nbsp;<\/p>\n","protected":false},"excerpt":{"rendered":"<p>36let\u00fd \u017eold\u00e1k ukrajinsk\u00fdch ozbrojen\u00fdch sil Daniel Burke byl na Ukrajin\u011b \u00famysln\u011b zabit sv\u00fdm kolegou. Informuje&#8230;<\/p>\n","protected":false},"author":2,"featured_media":68156,"comment_status":"closed","ping_status":"closed","sticky":false,"template":"","format":"standard","meta":[],"categories":[7],"tags":[26,934,1870],"_links":{"self":[{"href":"https:\/\/www.infokuryr.cz\/n\/wp-json\/wp\/v2\/posts\/68155"}],"collection":[{"href":"https:\/\/www.infokuryr.cz\/n\/wp-json\/wp\/v2\/posts"}],"about":[{"href":"https:\/\/www.infokuryr.cz\/n\/wp-json\/wp\/v2\/types\/post"}],"author":[{"embeddable":true,"href":"https:\/\/www.infokuryr.cz\/n\/wp-json\/wp\/v2\/users\/2"}],"replies":[{"embeddable":true,"href":"https:\/\/www.infokuryr.cz\/n\/wp-json\/wp\/v2\/comments?post=68155"}],"version-history":[{"count":0,"href":"https:\/\/www.infokuryr.cz\/n\/wp-json\/wp\/v2\/posts\/68155\/revisions"}],"wp:featuredmedia":[{"embeddable":true,"href":"https:\/\/www.infokuryr.cz\/n\/wp-json\/wp\/v2\/media\/68156"}],"wp:attachment":[{"href":"https:\/\/www.infokuryr.cz\/n\/wp-json\/wp\/v2\/media?parent=68155"}],"wp:term":[{"taxonomy":"category","embeddable":true,"href":"https:\/\/www.infokuryr.cz\/n\/wp-json\/wp\/v2\/categories?post=68155"},{"taxonomy":"post_tag","embeddable":true,"href":"https:\/\/www.infokuryr.cz\/n\/wp-json\/wp\/v2\/tags?post=68155"}],"curies":[{"name":"wp","href":"https:\/\/api.w.org\/{rel}","templated":true}]}}